{"id":105040,"date":"2020-11-18T12:43:59","date_gmt":"2020-11-18T17:43:59","guid":{"rendered":"https:\/\/linitiative.ca\/International\/agrumes-une-production-de-415-240t-prevue-dans-le-perimetre-de-la-moulouya\/"},"modified":"2020-11-18T12:43:59","modified_gmt":"2020-11-18T17:43:59","slug":"agrumes-une-production-de-415-240t-prevue-dans-le-perimetre-de-la-moulouya","status":"publish","type":"post","link":"https:\/\/linitiative.ca\/International\/agrumes-une-production-de-415-240t-prevue-dans-le-perimetre-de-la-moulouya\/","title":{"rendered":"Agrumes: une production de 415.240t pr\u00e9vue dans le p\u00e9rim\u00e8tre de la Moulouya"},"content":{"rendered":"<p class=\"c4\">La production pr\u00e9visionnelle des agrumes, au titre de la campagne agricole 2020-2021, au niveau du p\u00e9rim\u00e8tre irrigu\u00e9 de la Moulouya est \u00e9valu\u00e9e \u00e0 415.240 tonnes, selon la Direction r\u00e9gionale de l\u2019Agriculture (DRA) de l\u2019Oriental.<\/p>\n<p class=\"c4\">La production pr\u00e9vue est en hausse de 17 pc en comparaison avec la saison pr\u00e9c\u00e9dente, pr\u00e9cise la m\u00eame source, faisant savoir que les exportations en petits fruits ont atteint, \u00e0 la date du 13 novembre courant, quelque 11.150 tonnes, soit une \u00e9volution de 14 pc par rapport \u00e0 la m\u00eame date de l\u2019ann\u00e9e derni\u00e8re.<\/p>\n<p class=\"c4\">Selon la DRA, la phase de r\u00e9colte et d\u2019exportation des agrumes a d\u00e9but\u00e9 cette ann\u00e9e dans des circonstances exceptionnelles engendr\u00e9es par des conditions climatiques difficiles, la forte baisse des retenues d\u2019eau dans les barrages et la propagation du Covid-19, ce qui a accentu\u00e9 les difficult\u00e9s de la fili\u00e8re agrumicole, composante extr\u00eamement importante du secteur agricole dans la province de Berkane.<\/p>\n<p class=\"c4\">En effet, dans le p\u00e9rim\u00e8tre irrigu\u00e9 de la Moulouya, la superficie d\u00e9di\u00e9e \u00e0 cette culture a atteint environ 21.800 Ha, soit un taux de r\u00e9alisation de plus de 110 pc des objectifs du Plan agricole r\u00e9gional pour l\u2019ann\u00e9e 2020 visant l\u2019extension de la superficie des agrumes, pr\u00e9cise-t-on, ajoutant que cette superficie, dont 65 pc r\u00e9serv\u00e9e aux petits fruits, repr\u00e9sente 20 pc de la superficie globale d\u00e9di\u00e9e \u00e0 cette culture au niveau national.<\/p>\n<p class=\"c4\">Aussi, d\u2019importants efforts ont \u00e9t\u00e9 d\u00e9ploy\u00e9s dans le domaine de l\u2019irrigation puisque 17.000 ha sont \u00e9quip\u00e9s en syst\u00e8me d\u2019irrigation localis\u00e9e, soit plus de 80 pc de la superficie globale d\u2019agrumes dans le p\u00e9rim\u00e8tre de la Moulouya.<\/p>\n<p class=\"c4\">Cette fili\u00e8re, qui joue un r\u00f4le socio-\u00e9conomique de grande importance, procure un revenu annuel brut de pr\u00e8s de 600 MDH et permet de cr\u00e9er plus de deux millions de journ\u00e9es de travail par an dans les fermes et les stations de conditionnement, en plus de son apport en devises.<\/p>\n<p class=\"c4\">La province de Berkane compte 21 stations d\u2019emballage et 23 stations de conditionnement, alors que les exportations des cl\u00e9mentines, connues pour leur qualit\u00e9 et leur r\u00e9putation aux niveaux national et international, repr\u00e9sentent entre 85 et 95 pc des exportations du p\u00e9rim\u00e8tre irrigu\u00e9 de la Moulouya.<\/p>\n<p class=\"c4\">Pour r\u00e9ussir la saison agrumicole 2020-2021, plusieurs mesures ont \u00e9t\u00e9 prises avec le concours des diff\u00e9rents acteurs et parties intervenant dans ce secteur, dont la mobilisation des ressources en eau et l\u2019optimisation de leur usage dans l\u2019irrigation, et l\u2019appui des producteurs d\u2019agrumes (vari\u00e9t\u00e9 de petits fruits) \u00e0 travers le lancement, le 3 avril dernier par l\u2019ORMVAM (Office r\u00e9gional de mise en valeur agricole de la Moulouya), d\u2019une op\u00e9ration de distribution de 81.858 quintaux d\u2019engrais azot\u00e9s. Quelque 2.800 agriculteurs ont b\u00e9n\u00e9fici\u00e9 de cette initiative.<\/p>\n<p class=\"c4\">Les actions men\u00e9es portent aussi sur l\u2019accompagnement des agriculteurs et le suivi de leurs demandes et leurs pr\u00e9occupations, en sus de la sensibilisation et le contr\u00f4le du respect strict des mesures de pr\u00e9vention et de pr\u00e9caution visant \u00e0 circonscrire la pand\u00e9mie du nouveau coronavirus, aussi bien au niveau des exploitations agricoles que dans les unit\u00e9s de conditionnement.<\/p>\n<p class=\"c4\">Les efforts d\u00e9ploy\u00e9s par les diff\u00e9rentes parties pour r\u00e9pondre et satisfaire les attentes des agriculteurs ont \u00e9t\u00e9 hautement salu\u00e9s par ces derniers qui s\u2019attendent \u00e0 une saison agricole r\u00e9ussie \u00e0 tous les niveaux en d\u00e9pit des conditions difficiles et exceptionnelles.<\/p>\n<p>Auteur: Soufiane ELAHMAR<br \/>\n<a href=\"http:\/\/www.mapoujda.ma\/fr\/la-production-previsionnelle-des-agrumes-evaluee-a-415-240t\/\">Cliquez ici pour lire l&rsquo;article depuis sa source.<\/a><\/p>\n","protected":false},"excerpt":{"rendered":"<p>La production pr\u00e9visionnelle des agrumes, au titre de la campagne agricole 2020-2021, au niveau du p\u00e9rim\u00e8tre irrigu\u00e9 de la Moulouya est \u00e9valu\u00e9e \u00e0 415.240 tonnes, selon la Direction r\u00e9gionale de l\u2019Agriculture (DRA) de l\u2019Oriental. La production pr\u00e9vue est en hausse de 17 pc en comparaison avec la saison pr\u00e9c\u00e9dente, pr\u00e9cise la m\u00eame source, faisant savoir [&hellip;]<\/p>\n","protected":false},"author":1788,"featured_media":0,"comment_status":"closed","ping_status":"closed","sticky":false,"template":"","format":"standard","meta":{"fifu_image_url":"","fifu_image_alt":"","footnotes":""},"categories":[54,76],"tags":[],"class_list":["post-105040","post","type-post","status-publish","format-standard","hentry","category-maroc","category-regions"],"_links":{"self":[{"href":"https:\/\/linitiative.ca\/International\/wp-json\/wp\/v2\/posts\/105040","targetHints":{"allow":["GET"]}}],"collection":[{"href":"https:\/\/linitiative.ca\/International\/wp-json\/wp\/v2\/posts"}],"about":[{"href":"https:\/\/linitiative.ca\/International\/wp-json\/wp\/v2\/types\/post"}],"author":[{"embeddable":true,"href":"https:\/\/linitiative.ca\/International\/wp-json\/wp\/v2\/users\/1788"}],"replies":[{"embeddable":true,"href":"https:\/\/linitiative.ca\/International\/wp-json\/wp\/v2\/comments?post=105040"}],"version-history":[{"count":0,"href":"https:\/\/linitiative.ca\/International\/wp-json\/wp\/v2\/posts\/105040\/revisions"}],"wp:attachment":[{"href":"https:\/\/linitiative.ca\/International\/wp-json\/wp\/v2\/media?parent=105040"}],"wp:term":[{"taxonomy":"category","embeddable":true,"href":"https:\/\/linitiative.ca\/International\/wp-json\/wp\/v2\/categories?post=105040"},{"taxonomy":"post_tag","embeddable":true,"href":"https:\/\/linitiative.ca\/International\/wp-json\/wp\/v2\/tags?post=105040"}],"curies":[{"name":"wp","href":"https:\/\/api.w.org\/{rel}","templated":true}]}}