{"id":105042,"date":"2020-11-18T10:30:00","date_gmt":"2020-11-18T15:30:00","guid":{"rendered":"https:\/\/linitiative.ca\/International\/le-senegalais-augustin-senghor-promet-un-programme-ambitieux-et-innovant\/"},"modified":"2020-11-18T10:30:00","modified_gmt":"2020-11-18T15:30:00","slug":"le-senegalais-augustin-senghor-promet-un-programme-ambitieux-et-innovant","status":"publish","type":"post","link":"https:\/\/linitiative.ca\/International\/le-senegalais-augustin-senghor-promet-un-programme-ambitieux-et-innovant\/","title":{"rendered":"Le S\u00e9n\u00e9galais Augustin Senghor promet un programme \u00abambitieux et innovant\u00bb"},"content":{"rendered":"<p class=\"p1 c3\"><span class=\"c2\">Le pr\u00e9sident de la F\u00e9d\u00e9ration s\u00e9n\u00e9galaise de football (FSF), Augustin Senghor, a promis lundi de proposer au football africain, qu\u2019il aspire \u00e0 diriger, un programme \u00abambitieux et innovant\u00bb.<\/span><\/p>\n<p class=\"p1 c3\"><span class=\"c2\">Senghor, candidat \u00e0 l\u2019\u00e9lection du pr\u00e9sident de la Conf\u00e9d\u00e9ration africaine de football (CAF) pr\u00e9vue le 12 mars 2021 \u00e0 Rabat, va d\u00e9voiler les d\u00e9tails de son programme, lors d\u2019une rencontre avec les journalistes, la semaine prochaine, \u00e0 Dakar.<\/span><\/p>\n<p class=\"p1 c3\"><span class=\"c2\">S\u2019exprimant lors d\u2019une conf\u00e9rence, dans la capitale s\u00e9n\u00e9galaise, il a fait part de sa volont\u00e9 de tendre la main \u00e0 toutes les f\u00e9d\u00e9rations nationales de football du continent, s\u2019il est \u00e9lu \u00e0 la t\u00eate de la CAF. \u00abJe suis pr\u00eat \u00e0 r\u00e9pondre \u00e0 l\u2019appel de l\u2019Afrique et de son football, pour un ( ) challenge exaltant et de dimension continentale. Je suis pr\u00eat \u00e0 le relever avec l\u2019intime conviction qu\u2019il faut cr\u00e9er une ( ) dynamique positive, symbolis\u00e9e par un comit\u00e9 ex\u00e9cutif solidaire et travaillant ( ) dans l\u2019int\u00e9r\u00eat du football africain\u00bb, a dit Augustin Senghor.<\/span><\/p>\n<p class=\"p1 c3\"><span class=\"c2\">Il a promis de diriger la CAF avec \u00abun leadership affirm\u00e9 et rassembleur\u00bb.<\/span><\/p>\n<p class=\"p1 c3\"><span class=\"c2\">Senghor, membre du comit\u00e9 ex\u00e9cutif de la CAF, a confirm\u00e9 avoir \u00abeffectivement d\u00e9pos\u00e9\u00bb sa candidature, sous r\u00e9serve, dit-il, du contr\u00f4le d\u2019\u00e9ligibilit\u00e9 qui sera fait par l\u2019institution charg\u00e9e du football africain.<\/span><\/p>\n<p class=\"p1 c3\"><span class=\"c2\">Sa candidature d\u00e9coule de la conjonction de plusieurs facteurs, a affirm\u00e9 Senghor, \u00e9voquant notamment \u00abl\u2019insistance\u00bb de plusieurs pr\u00e9sidents de f\u00e9d\u00e9rations nationales et de professionnels africains du football.<\/span><\/p>\n<p class=\"p1 c3\"><span class=\"c2\">\u00ab La CAF est \u00e0 la crois\u00e9e des chemins, on veut reb\u00e2tir cette maison pour sortir des difficult\u00e9s malgr\u00e9 le travail d\u2019Ahmad. La CAF a besoin de modernisation et de stabilit\u00e9 et je pense \u00eatre celui qui peut apporter ces changements \u00ab, avance le candidat s\u00e9n\u00e9galais qui a entre autres le soutien de la Gambie et du Gabon.<\/span><\/p>\n<p class=\"p1 c3\"><span class=\"c2\">Avocat de formation et \u00e2g\u00e9 d\u2019une cinquantaine d\u2019ann\u00e9es, il est \u00e9galement maire de Gor\u00e9e depuis plusieurs ann\u00e9es et pr\u00e9sident de l\u2019US Gor\u00e9e, un club de la Ligue 1 s\u00e9n\u00e9galaise.<\/span><\/p>\n<p class=\"p1 c3\"><span class=\"c2\">Le Malgache Ahmad Ahmad, pr\u00e9sident sortant de la CAF, l\u2019Ivoirien Jacques Anouma, ancien pr\u00e9sident de la f\u00e9d\u00e9ration de son pays, le Mauritanien Ahmed Yahya, actuel patron du football de son pays, ont \u00e9galement d\u00e9clar\u00e9 leur candidature \u00e0 la direction de l\u2019instance continentale pour les quatre prochaines ann\u00e9es.<\/span><\/p>\n<p class=\"p1 c3\"><span class=\"c2\">Le milliardaire Patrice Motsepe, pr\u00e9sident des MamelodiSundowns, un club de football d\u2019Afrique du Sud, son pays, a \u00e9galement fait acte de candidature.<\/span><\/p>\n<p class=\"p1 c3\"><span class=\"c2\">Les pr\u00e9tendants avaient la possibilit\u00e9 de d\u00e9poser leur candidature jusqu\u2019au 12 novembre. L\u2019instance dirigeante du football africain d\u00e9voilera les noms des candidats le 11 janvier 2021.<\/span><\/p>\n<p>Auteur: letemps1<br \/>\n<a href=\"http:\/\/www.letemps.com.tn\/article\/118133\/le-s%C3%A9n%C3%A9galais-augustin-senghor-promet-un-programme-%C2%ABambitieux-et-innovant%C2%BB\">Cliquez ici pour lire l&rsquo;article depuis sa source.<\/a><\/p>\n","protected":false},"excerpt":{"rendered":"<p>Le pr\u00e9sident de la F\u00e9d\u00e9ration s\u00e9n\u00e9galaise de football (FSF), Augustin Senghor, a promis lundi de proposer au football africain, qu\u2019il aspire \u00e0 diriger, un programme \u00abambitieux et innovant\u00bb. Senghor, candidat \u00e0 l\u2019\u00e9lection du pr\u00e9sident de la Conf\u00e9d\u00e9ration africaine de football (CAF) pr\u00e9vue le 12 mars 2021 \u00e0 Rabat, va d\u00e9voiler les d\u00e9tails de son programme, [&hellip;]<\/p>\n","protected":false},"author":1773,"featured_media":0,"comment_status":"closed","ping_status":"closed","sticky":false,"template":"","format":"standard","meta":{"fifu_image_url":"","fifu_image_alt":"","footnotes":""},"categories":[73,55],"tags":[],"class_list":["post-105042","post","type-post","status-publish","format-standard","hentry","category-actualite","category-tunisie"],"_links":{"self":[{"href":"https:\/\/linitiative.ca\/International\/wp-json\/wp\/v2\/posts\/105042","targetHints":{"allow":["GET"]}}],"collection":[{"href":"https:\/\/linitiative.ca\/International\/wp-json\/wp\/v2\/posts"}],"about":[{"href":"https:\/\/linitiative.ca\/International\/wp-json\/wp\/v2\/types\/post"}],"author":[{"embeddable":true,"href":"https:\/\/linitiative.ca\/International\/wp-json\/wp\/v2\/users\/1773"}],"replies":[{"embeddable":true,"href":"https:\/\/linitiative.ca\/International\/wp-json\/wp\/v2\/comments?post=105042"}],"version-history":[{"count":0,"href":"https:\/\/linitiative.ca\/International\/wp-json\/wp\/v2\/posts\/105042\/revisions"}],"wp:attachment":[{"href":"https:\/\/linitiative.ca\/International\/wp-json\/wp\/v2\/media?parent=105042"}],"wp:term":[{"taxonomy":"category","embeddable":true,"href":"https:\/\/linitiative.ca\/International\/wp-json\/wp\/v2\/categories?post=105042"},{"taxonomy":"post_tag","embeddable":true,"href":"https:\/\/linitiative.ca\/International\/wp-json\/wp\/v2\/tags?post=105042"}],"curies":[{"name":"wp","href":"https:\/\/api.w.org\/{rel}","templated":true}]}}