{"id":105044,"date":"2020-11-18T11:00:00","date_gmt":"2020-11-18T16:00:00","guid":{"rendered":"https:\/\/linitiative.ca\/International\/aujourdhui-en-amical-face-a-les-krib\/"},"modified":"2020-11-18T11:00:00","modified_gmt":"2020-11-18T16:00:00","slug":"aujourdhui-en-amical-face-a-les-krib","status":"publish","type":"post","link":"https:\/\/linitiative.ca\/International\/aujourdhui-en-amical-face-a-les-krib\/","title":{"rendered":"Aujourd\u2019hui, en amical  face \u00e0 l\u2019ES.Krib"},"content":{"rendered":"<p class=\"p1 c3\"><span class=\"c2\">Le Club Africain disputera cet apr\u00e8s-midi une deuxi\u00e8me rencontre amicale \u00e0 Hammam-Bourguiba. Les clubistes seront oppos\u00e9s \u00e0 l\u2019Esp\u00e9rance Sportive de Krib. Le coup d\u2019envoi de ce match sera donn\u00e9 \u00e0 15h00.<span class=\"Apple-converted-space\">\u00a0<\/span> Il s\u2019agira ind\u00e9niablement d\u2019une deuxi\u00e8me opportunit\u00e9 pour LassaadDridi de voir \u00e0 l\u2019\u0153uvre les jeunes actuellement sous sa coupe d\u2019autant plus qu\u2019il lui est possible<span class=\"Apple-converted-space\">\u00a0<\/span> de compter sur les nouvelles recrues qui ne sont pas encore qualifi\u00e9s.<\/span><\/p>\n<p class=\"p2 c4\"><span class=\"c2\"><strong>L\u2019argent encore<span class=\"Apple-converted-space\">\u00a0<\/span><\/strong><\/span><\/p>\n<p class=\"p2 c4\"><span class=\"c2\"><strong>et toujours<\/strong><\/span><\/p>\n<p class=\"p1 c3\"><span class=\"c2\">Les probl\u00e8mes du Club Africain sont toujours financiers. Ce n\u2019est un secret pour personne. Il est \u00e9galement de notori\u00e9t\u00e9 publique que les responsables clubistes doivent disposer de presque dix milliards de nos millimes pour lever l\u2019interdiction de recruter qui p\u00e8se sur le Club Africain. Et ce ne sont pas les dossiers de Sasrakuet les deux camerounais qui sont les plus difficiles \u00e0 r\u00e9soudre. d\u2019ailleurs, selon le secr\u00e9taire g\u00e9n\u00e9ral Sami Mkademi, les deux dossiers sont en voie d\u2019\u00eatre r\u00e9solus. Quoi qu\u2019il en soit, les responsables \u00ab\u00a0Rouge et Blanc\u00a0\u00bb ont jusqu\u2019au 7 d\u00e9cembre pour disposer de ceyte somme pour r\u00e9soudre plusieurs dossiers dont celui de l\u2019O. Marseille et qualifier ses nouvelles recrues.<\/span><\/p>\n<p class=\"p2 c4\"><span class=\"c2\"><strong>Retour de Kh\u00e9lifa<\/strong><\/span><\/p>\n<p class=\"p1 c3\"><span class=\"c2\">Saber Kh\u00e9lifa fait partie des r\u00e9calcitrants. Il fait partie des joueurs qui ont manqu\u00e9 le stage de Hammam-Bourguiba. Selon le secr\u00e9taire du club Sami Mkademi, l\u2019attaquant clubiste devrait d\u00e9j\u00e0 avoir repris les entra\u00eenements avec le reste du groupe. Il rejoint Khalil et avant ce dernier Ben Yahia. Pour les autres joueurs, les n\u00e9gociations se poursuivent.<\/span><\/p>\n<p class=\"p3 c5\"><span class=\"c2\"><strong>Mourad AYARI<\/strong><\/span><\/p>\n<p>Auteur: letemps1<br \/>\n<a href=\"http:\/\/www.letemps.com.tn\/article\/118135\/aujourd%E2%80%99hui-en-amical-face-%C3%A0-l%E2%80%99eskrib\">Cliquez ici pour lire l&rsquo;article depuis sa source.<\/a><\/p>\n","protected":false},"excerpt":{"rendered":"<p>Le Club Africain disputera cet apr\u00e8s-midi une deuxi\u00e8me rencontre amicale \u00e0 Hammam-Bourguiba. Les clubistes seront oppos\u00e9s \u00e0 l\u2019Esp\u00e9rance Sportive de Krib. Le coup d\u2019envoi de ce match sera donn\u00e9 \u00e0 15h00.\u00a0 Il s\u2019agira ind\u00e9niablement d\u2019une deuxi\u00e8me opportunit\u00e9 pour LassaadDridi de voir \u00e0 l\u2019\u0153uvre les jeunes actuellement sous sa coupe d\u2019autant plus qu\u2019il lui est possible\u00a0 [&hellip;]<\/p>\n","protected":false},"author":1773,"featured_media":0,"comment_status":"closed","ping_status":"closed","sticky":false,"template":"","format":"standard","meta":{"fifu_image_url":"","fifu_image_alt":"","footnotes":""},"categories":[73,55],"tags":[],"class_list":["post-105044","post","type-post","status-publish","format-standard","hentry","category-actualite","category-tunisie"],"_links":{"self":[{"href":"https:\/\/linitiative.ca\/International\/wp-json\/wp\/v2\/posts\/105044","targetHints":{"allow":["GET"]}}],"collection":[{"href":"https:\/\/linitiative.ca\/International\/wp-json\/wp\/v2\/posts"}],"about":[{"href":"https:\/\/linitiative.ca\/International\/wp-json\/wp\/v2\/types\/post"}],"author":[{"embeddable":true,"href":"https:\/\/linitiative.ca\/International\/wp-json\/wp\/v2\/users\/1773"}],"replies":[{"embeddable":true,"href":"https:\/\/linitiative.ca\/International\/wp-json\/wp\/v2\/comments?post=105044"}],"version-history":[{"count":0,"href":"https:\/\/linitiative.ca\/International\/wp-json\/wp\/v2\/posts\/105044\/revisions"}],"wp:attachment":[{"href":"https:\/\/linitiative.ca\/International\/wp-json\/wp\/v2\/media?parent=105044"}],"wp:term":[{"taxonomy":"category","embeddable":true,"href":"https:\/\/linitiative.ca\/International\/wp-json\/wp\/v2\/categories?post=105044"},{"taxonomy":"post_tag","embeddable":true,"href":"https:\/\/linitiative.ca\/International\/wp-json\/wp\/v2\/tags?post=105044"}],"curies":[{"name":"wp","href":"https:\/\/api.w.org\/{rel}","templated":true}]}}