{"id":105045,"date":"2020-11-18T11:00:00","date_gmt":"2020-11-18T16:00:00","guid":{"rendered":"https:\/\/linitiative.ca\/International\/si-cetait-a-refaireje-ne-serais-pas-la-a-la-tete-de-letoile\/"},"modified":"2020-11-18T11:00:00","modified_gmt":"2020-11-18T16:00:00","slug":"si-cetait-a-refaireje-ne-serais-pas-la-a-la-tete-de-letoile","status":"publish","type":"post","link":"https:\/\/linitiative.ca\/International\/si-cetait-a-refaireje-ne-serais-pas-la-a-la-tete-de-letoile\/","title":{"rendered":"\u00abSi c\u2019\u00e9tait \u00e0 refaire\u2026je ne serais pas l\u00e0, \u00e0 la t\u00eate de l\u2019Etoile !\u00bb"},"content":{"rendered":"<p class=\"p1 c3\"><span class=\"c2\">C\u2019est un Ridha Charfeddine visiblement tendu et manquant de s\u00e9r\u00e9nit\u00e9, voire\u00a0\u00ab\u00a0d\u00e9passionn\u00e9\u00a0\u00bb qui s\u2019est entretenu depuis quelques jours avec certains repr\u00e9sentants des groupes de supporters et page Facebook proches de l\u2019Etoile.D\u2019ailleurs,il n\u2019a pas manqu\u00e9 de faire des aveux avouons-le d\u00e9sabus\u00e9s et surprenants par moments sur certains points, allant jusqu\u2019\u00e0 avouer que sa pr\u00e9sidence de l\u2019Etoile a fini par \u00ab\u00a0bouleverser\u00a0\u00bb son rythme de vie au point de\u00a0\u00ab\u00a0regretter\u00a0\u00bb son passage \u00e0 la t\u00eate du club sah\u00e9lien\u00a0\u00ab\u00a0je suis un homme responsable et je n\u2019ai jamais failli \u00e0 mes obligations envers l\u2019Etoile. Et la preuve j\u2019ai d\u00fb d\u00e9penser pr\u00e8s de 50 millions de dinars pour subvenir aux besoins du club.Mais,je dois avouer que je ne suis plus capable d\u2019assumer tout seul les charges colossales de l\u2019Etoile. S\u2019il y a quelqu\u2019un qui veut prendre la pr\u00e9sidence du club, je suis pr\u00eat \u00e0 me d\u00e9sister, m\u00eame l\u2019argent que j\u2019ai d\u00e9bloqu\u00e9 pour l\u2019Etoile- notifi\u00e9 sous forme de dettes dans le rapport financier- je ne vais gu\u00e8re le r\u00e9clamer de suite\u2026Mais pour rien ne vous cacher, je dois affirmer que ma pr\u00e9sidence de l\u2019Etoile \u00e0 chambard\u00e9 toute ma vie et si c\u2019\u00e9tait \u00e0 refaire, je n\u2019aurais pas opt\u00e9 pour une telle mission \u00e0 la t\u00eate de l\u2019Etoile\u00a0\u00bb.<\/span><\/p>\n<p class=\"p2 c4\">\u00a0<\/p>\n<p class=\"p3 c5\"><span class=\"c2\"><strong>\u00abLes dirigeants actuels ont \u00e9chou\u00e9, mais\u2026\u00a0!\u00a0\u00bb<\/strong><\/span><\/p>\n<p class=\"p1 c3\"><span class=\"c2\">A la question relative au bilan d\u00e9sastreux de l\u2019actuelle \u00e9quipe dirigeante, le pr\u00e9sident \u00e9toil\u00e9 n\u2019a pas h\u00e9sit\u00e9 \u00e0 avouer l\u2019\u00e9chec de leur mission\u00a0\u00ab\u00a0Ceux qui sont en place actuellement ont fourni certes beaucoup d\u2019efforts, mais je dois avouer qu\u2019ils ont \u00e9chou\u00e9 dans leurs man\u0153uvres et d\u00e9cisions. Toutefois, l\u2019on se doit de leur r\u00e9server une sortie honorable, digne de leur appartenance \u00e0 l\u2019Etoile\u00a0\u00bb.<\/span><\/p>\n<p class=\"p2 c4\">\u00a0<\/p>\n<p class=\"p3 c5\"><span class=\"c2\"><strong>Zoubeir Baya, veut int\u00e9grer une \u00e9quipe \u00e9lue<\/strong><\/span><\/p>\n<p class=\"p1 c3\"><span class=\"c2\">L\u2019ex-gloire de l\u2019Etoile vient d\u2019affirmer son enti\u00e8re disposition \u00e0 servir son club de c\u0153ur par n\u2019importe quelle mani\u00e8re, mais il souhaiterait faire partie d\u2019une \u00e9quipe dirigeante \u00e9lue et non pas suite \u00e0 une nomination d\u00e9nu\u00e9e de toute assise administrative.<\/span><\/p>\n<p class=\"p2 c4\">\u00a0<\/p>\n<p class=\"p3 c5\"><span class=\"c2\"><strong>Un<span class=\"Apple-converted-space\">\u00a0<\/span> entraineur argentin \u00e0 la barre\u00a0!<\/strong><\/span><\/p>\n<p class=\"p1 c3\"><span class=\"c2\">L\u2019un des points chauds suscitant l\u2019int\u00e9r\u00eat voire m\u00eame l\u2019inqui\u00e9tude de la sph\u00e8re de l\u2019Etoile, est sans aucun doute celui se rapportant au profil du prochain entraineur du club sah\u00e9lien. Un exercice qui s\u2019est av\u00e9r\u00e9 plus compliqu\u00e9 que pr\u00e9vu, pour une Etoile habitu\u00e9e \u00e0 sceller le sort de tels dossiers avec davantage de c\u00e9l\u00e9rit\u00e9 et perspicacit\u00e9.<\/span><\/p>\n<p class=\"p1 c3\"><span class=\"c2\">Aux derni\u00e8res nouvelles, le nom d\u2019un technicien argentin de renomm\u00e9-nous dit-on- est \u00e9voqu\u00e9 avec insistance dans le camp \u00e9toil\u00e9\u00a0;sur recommandation de Zoubeir Baya d\u2019apr\u00e8s les \u00e9chos parvenus de la sph\u00e8re de l\u2019ESS.A ce sujet, certaines sources ont avanc\u00e9 le nom de l\u2019ancienne gloire de Boca Juniors Martin Palermo,qui avait pour anecdote crois\u00e9 le fer \u00e0 l\u2019Etoile lors de la m\u00e9morable coupe du monde des clubs en 2007.<\/span><\/p>\n<p class=\"p1 c3\"><span class=\"c2\">Dans ce m\u00eame registre, nous avons appris que les n\u00e9gociations butent encore sur les pr\u00e9tentions salariales \u00e9lev\u00e9es du technicien argentin en question, qui aurait r\u00e9clam\u00e9 un salaire de l\u2019ordre de 60 mille dollars\u00a0!<\/span><\/p>\n<p class=\"p1 c3\"><span class=\"c2\">Toutefois, les d\u00e9cideurs \u00e9toil\u00e9s doivent bien savoir, que la question du futur entraineur de l\u2019\u00e9quipe, n\u2019est gu\u00e8re la probl\u00e9matique majeure du club, qui est plut\u00f4t \u00e0 teneur structurelle et manag\u00e9riale.<\/span><\/p>\n<p class=\"p1 c3\"><span class=\"c2\">De plus, avec le tas d\u2019al\u00e9as que vit l\u2019Etoile actuellement\u00a0: une crise financi\u00e8re pesante, stade toujours en chantier\u2026recruter un technicien argentin, qui pourrait ne pas r\u00e9ussir son adaptation avec les sp\u00e9cificit\u00e9s du club et avec les facteurs\u00a0\u00ab\u00a0folkloriques\u00a0\u00bb de notre championnat\u00a0;est-ce vraiment le profil idoine pour le club sah\u00e9lien, \u00e0 l\u2019heure actuelle\u00a0? Pas si s\u00fbr\u2026\u00a0!<\/span><\/p>\n<p class=\"p4 c6\"><span class=\"c2\"><strong>Hatem REGAIEG<\/strong><\/span><\/p>\n<p>Auteur: letemps1<br \/>\n<a href=\"http:\/\/www.letemps.com.tn\/article\/118136\/%C2%ABsi-c%E2%80%99%C3%A9tait-%C3%A0-refaire%E2%80%A6je-ne-serais-pas-l%C3%A0-%C3%A0-la-t%C3%AAte-de-l%E2%80%99etoile-%C2%BB\">Cliquez ici pour lire l&rsquo;article depuis sa source.<\/a><\/p>\n","protected":false},"excerpt":{"rendered":"<p>C\u2019est un Ridha Charfeddine visiblement tendu et manquant de s\u00e9r\u00e9nit\u00e9, voire\u00a0\u00ab\u00a0d\u00e9passionn\u00e9\u00a0\u00bb qui s\u2019est entretenu depuis quelques jours avec certains repr\u00e9sentants des groupes de supporters et page Facebook proches de l\u2019Etoile.D\u2019ailleurs,il n\u2019a pas manqu\u00e9 de faire des aveux avouons-le d\u00e9sabus\u00e9s et surprenants par moments sur certains points, allant jusqu\u2019\u00e0 avouer que sa pr\u00e9sidence de l\u2019Etoile a [&hellip;]<\/p>\n","protected":false},"author":1773,"featured_media":0,"comment_status":"closed","ping_status":"closed","sticky":false,"template":"","format":"standard","meta":{"fifu_image_url":"","fifu_image_alt":"","footnotes":""},"categories":[73,55],"tags":[],"class_list":["post-105045","post","type-post","status-publish","format-standard","hentry","category-actualite","category-tunisie"],"_links":{"self":[{"href":"https:\/\/linitiative.ca\/International\/wp-json\/wp\/v2\/posts\/105045","targetHints":{"allow":["GET"]}}],"collection":[{"href":"https:\/\/linitiative.ca\/International\/wp-json\/wp\/v2\/posts"}],"about":[{"href":"https:\/\/linitiative.ca\/International\/wp-json\/wp\/v2\/types\/post"}],"author":[{"embeddable":true,"href":"https:\/\/linitiative.ca\/International\/wp-json\/wp\/v2\/users\/1773"}],"replies":[{"embeddable":true,"href":"https:\/\/linitiative.ca\/International\/wp-json\/wp\/v2\/comments?post=105045"}],"version-history":[{"count":0,"href":"https:\/\/linitiative.ca\/International\/wp-json\/wp\/v2\/posts\/105045\/revisions"}],"wp:attachment":[{"href":"https:\/\/linitiative.ca\/International\/wp-json\/wp\/v2\/media?parent=105045"}],"wp:term":[{"taxonomy":"category","embeddable":true,"href":"https:\/\/linitiative.ca\/International\/wp-json\/wp\/v2\/categories?post=105045"},{"taxonomy":"post_tag","embeddable":true,"href":"https:\/\/linitiative.ca\/International\/wp-json\/wp\/v2\/tags?post=105045"}],"curies":[{"name":"wp","href":"https:\/\/api.w.org\/{rel}","templated":true}]}}