{"id":105061,"date":"2020-11-18T10:24:00","date_gmt":"2020-11-18T15:24:00","guid":{"rendered":"https:\/\/linitiative.ca\/International\/creee-le-15-novembre-la-section-antiterroriste-entame-son-travail\/"},"modified":"2020-11-18T10:24:00","modified_gmt":"2020-11-18T15:24:00","slug":"creee-le-15-novembre-la-section-antiterroriste-entame-son-travail","status":"publish","type":"post","link":"https:\/\/linitiative.ca\/International\/creee-le-15-novembre-la-section-antiterroriste-entame-son-travail\/","title":{"rendered":"CREEE LE 15 NOVEMBRE : La section antiterroriste entame son travail"},"content":{"rendered":"<p><br id=\"sep_para_1\" class=\"sep_para access\"\/><\/p>\n<div id=\"para_1\" class=\"para_39551312 resize\">\n<div class=\"texte access firstletter\">La section antiterroriste et de crime transnational organis\u00e9, cr\u00e9\u00e9e le 15 novembre courant, a entam\u00e9 l&rsquo;instruction judiciaire dans le premier dossier relevant de son ressort, a indiqu\u00e9 un communiqu\u00e9 du parquet de la R\u00e9publique pr\u00e8s le tribunal de Sidi M\u2019hamed. \u00ab\u00a0Suite \u00e0 l\u2019entr\u00e9e en vigueur de l\u2019ordonnance 04-20 modifiant et compl\u00e9tant le code de proc\u00e9dure p\u00e9nale, et en application de ses dispositions relatives \u00e0 la cr\u00e9ation d\u2019une section antiterroriste et de crime transnational organis\u00e9 \u00e0 comp\u00e9tence nationale, le juge d\u2019instruction pr\u00e8s ladite section a \u00e9t\u00e9 saisi du premier dossier judiciaire de l\u2019accus\u00e9 D.M poursuivi pour crime d&rsquo;enr\u00f4lement dans une organisation terroriste, conform\u00e9ment aux dispositions des articles 87 bis et 87bis 6 du code p\u00e9nal\u00a0\u00bb, pr\u00e9cise la m\u00eame source. Le juge d\u2019instruction pr\u00e8s la section antiterroriste et de crime transnational organis\u00e9 a entam\u00e9 les proc\u00e9dures de l\u2019instruction judiciaire du dossier conform\u00e9ment aux dispositions juridiques en vigueur, ajoute le communiqu\u00e9.\u00a0\u00a0\u00a0<\/div>\n<\/div>\n<p>Auteur: Nadine<br \/>\n<a href=\"https:\/\/www.reflexiondz.net\/CREEE-LE-15-NOVEMBRE-La-section-antiterroriste-entame-son-travail_a66349.html\">Cliquez ici pour lire l&rsquo;article depuis sa source.<\/a><\/p>\n","protected":false},"excerpt":{"rendered":"<p>La section antiterroriste et de crime transnational organis\u00e9, cr\u00e9\u00e9e le 15 novembre courant, a entam\u00e9 l&rsquo;instruction judiciaire dans le premier dossier relevant de son ressort, a indiqu\u00e9 un communiqu\u00e9 du parquet de la R\u00e9publique pr\u00e8s le tribunal de Sidi M\u2019hamed. \u00ab\u00a0Suite \u00e0 l\u2019entr\u00e9e en vigueur de l\u2019ordonnance 04-20 modifiant et compl\u00e9tant le code de proc\u00e9dure [&hellip;]<\/p>\n","protected":false},"author":1740,"featured_media":0,"comment_status":"closed","ping_status":"closed","sticky":false,"template":"","format":"standard","meta":{"fifu_image_url":"","fifu_image_alt":"","footnotes":""},"categories":[53,76],"tags":[],"class_list":["post-105061","post","type-post","status-publish","format-standard","hentry","category-algerie","category-regions"],"_links":{"self":[{"href":"https:\/\/linitiative.ca\/International\/wp-json\/wp\/v2\/posts\/105061","targetHints":{"allow":["GET"]}}],"collection":[{"href":"https:\/\/linitiative.ca\/International\/wp-json\/wp\/v2\/posts"}],"about":[{"href":"https:\/\/linitiative.ca\/International\/wp-json\/wp\/v2\/types\/post"}],"author":[{"embeddable":true,"href":"https:\/\/linitiative.ca\/International\/wp-json\/wp\/v2\/users\/1740"}],"replies":[{"embeddable":true,"href":"https:\/\/linitiative.ca\/International\/wp-json\/wp\/v2\/comments?post=105061"}],"version-history":[{"count":0,"href":"https:\/\/linitiative.ca\/International\/wp-json\/wp\/v2\/posts\/105061\/revisions"}],"wp:attachment":[{"href":"https:\/\/linitiative.ca\/International\/wp-json\/wp\/v2\/media?parent=105061"}],"wp:term":[{"taxonomy":"category","embeddable":true,"href":"https:\/\/linitiative.ca\/International\/wp-json\/wp\/v2\/categories?post=105061"},{"taxonomy":"post_tag","embeddable":true,"href":"https:\/\/linitiative.ca\/International\/wp-json\/wp\/v2\/tags?post=105061"}],"curies":[{"name":"wp","href":"https:\/\/api.w.org\/{rel}","templated":true}]}}