{"id":105062,"date":"2020-11-18T10:24:00","date_gmt":"2020-11-18T15:24:00","guid":{"rendered":"https:\/\/linitiative.ca\/International\/surete-de-wilaya-de-mostaganem-4-arrestations-et-saisie-de-drogues-et-darmes-blanches\/"},"modified":"2020-11-18T10:24:00","modified_gmt":"2020-11-18T15:24:00","slug":"surete-de-wilaya-de-mostaganem-4-arrestations-et-saisie-de-drogues-et-darmes-blanches","status":"publish","type":"post","link":"https:\/\/linitiative.ca\/International\/surete-de-wilaya-de-mostaganem-4-arrestations-et-saisie-de-drogues-et-darmes-blanches\/","title":{"rendered":"SURETE DE WILAYA DE MOSTAGANEM : 4 arrestations et saisie de drogues et d\u2019armes blanches"},"content":{"rendered":"<p><br id=\"sep_para_1\" class=\"sep_para access\"\/><\/p>\n<div id=\"para_1\" class=\"para_39551281 resize\">\n<div class=\"texte access firstletter\">Dans le cadre de la lutte contre les crimes sous toutes leurs formes, dans la ville de Mostaganem, en particulier, ceux li\u00e9s \u00e0 la consommation des drogues et au port d&rsquo;armes blanches sans autorisation, les \u00e9l\u00e9ments de la police judiciaire de la troisi\u00e8me s\u00fbret\u00e9 de wilaya de Mostaganem ont r\u00e9ussi, au courant de cette semaine, \u00e0 arr\u00eater 14 personnes \u00e2g\u00e9es entre 16 \u00e0 39 ans, impliqu\u00e9es dans des affaires de port d&rsquo;armes blanches interdites et de possession de drogue \u00e0 des fins de consommation, indique un communiqu\u00e9 rendu public par la s\u00fbret\u00e9 de wilaya de Mostaganem. Le communiqu\u00e9 ajoute que les arrestations sont intervenues, lors de patrouilles de contr\u00f4les, effectu\u00e9es par les policiers de la s\u00fbret\u00e9 de wilaya. Dans une premi\u00e8re op\u00e9ration, 11 personnes\u00a0 \u00e2g\u00e9es de 17 \u00e0 39 ans ont \u00e9t\u00e9 interpel\u00e9es. Lors d\u2019une fouille corporelle, il a \u00e9t\u00e9 d\u00e9couvert en leur possession cach\u00e9es dans leurs v\u00eatements, diverses quantit\u00e9s de drogues, ayant \u00e9t\u00e9 saisies. Dans une 2\u00e8me op\u00e9ration, les m\u00eames policiers ont arr\u00eat\u00e9 3\u00a0 autres personnes \u00e2g\u00e9es de 16 \u00e0 19 ans en possession de 3 armes blanches interdites de type \u2018\u2019Okapi\u2019\u2019, qui ont \u00e9t\u00e9 saisies. Les mis en cause ont \u00e9t\u00e9 pr\u00e9sent\u00e9s devant le tribunal de Mostaganem, pour les griefs\u00a0 de port d&rsquo;armes blanches interdites sans autorisation, possession de stup\u00e9fiants \u00e0 des fins de consommation.\u00a0\u00a0\u00a0\u00a0\u00a0\u00a0\u00a0\u00a0\u00a0\u00a0\u00a0\u00a0\u00a0\u00a0\u00a0\u00a0\u00a0\u00a0\u00a0\u00a0\u00a0\u00a0\u00a0\u00a0\u00a0\u00a0\u00a0\u00a0\u00a0\u00a0<\/div>\n<\/div>\n<p>Auteur: H Y<br \/>\n<a href=\"https:\/\/www.reflexiondz.net\/SURETE-DE-WILAYA-DE-MOSTAGANEM-4-arrestations-et-saisie-de-drogues-et-d-armes-blanches_a66346.html\">Cliquez ici pour lire l&rsquo;article depuis sa source.<\/a><\/p>\n","protected":false},"excerpt":{"rendered":"<p>Dans le cadre de la lutte contre les crimes sous toutes leurs formes, dans la ville de Mostaganem, en particulier, ceux li\u00e9s \u00e0 la consommation des drogues et au port d&rsquo;armes blanches sans autorisation, les \u00e9l\u00e9ments de la police judiciaire de la troisi\u00e8me s\u00fbret\u00e9 de wilaya de Mostaganem ont r\u00e9ussi, au courant de cette semaine, [&hellip;]<\/p>\n","protected":false},"author":1740,"featured_media":0,"comment_status":"closed","ping_status":"closed","sticky":false,"template":"","format":"standard","meta":{"fifu_image_url":"","fifu_image_alt":"","footnotes":""},"categories":[53,76],"tags":[],"class_list":["post-105062","post","type-post","status-publish","format-standard","hentry","category-algerie","category-regions"],"_links":{"self":[{"href":"https:\/\/linitiative.ca\/International\/wp-json\/wp\/v2\/posts\/105062","targetHints":{"allow":["GET"]}}],"collection":[{"href":"https:\/\/linitiative.ca\/International\/wp-json\/wp\/v2\/posts"}],"about":[{"href":"https:\/\/linitiative.ca\/International\/wp-json\/wp\/v2\/types\/post"}],"author":[{"embeddable":true,"href":"https:\/\/linitiative.ca\/International\/wp-json\/wp\/v2\/users\/1740"}],"replies":[{"embeddable":true,"href":"https:\/\/linitiative.ca\/International\/wp-json\/wp\/v2\/comments?post=105062"}],"version-history":[{"count":0,"href":"https:\/\/linitiative.ca\/International\/wp-json\/wp\/v2\/posts\/105062\/revisions"}],"wp:attachment":[{"href":"https:\/\/linitiative.ca\/International\/wp-json\/wp\/v2\/media?parent=105062"}],"wp:term":[{"taxonomy":"category","embeddable":true,"href":"https:\/\/linitiative.ca\/International\/wp-json\/wp\/v2\/categories?post=105062"},{"taxonomy":"post_tag","embeddable":true,"href":"https:\/\/linitiative.ca\/International\/wp-json\/wp\/v2\/tags?post=105062"}],"curies":[{"name":"wp","href":"https:\/\/api.w.org\/{rel}","templated":true}]}}