{"id":105063,"date":"2020-11-18T10:24:00","date_gmt":"2020-11-18T15:24:00","guid":{"rendered":"https:\/\/linitiative.ca\/International\/adrar-des-parents-deleves-ferment-une-ecole-a-talmine\/"},"modified":"2020-11-18T10:24:00","modified_gmt":"2020-11-18T15:24:00","slug":"adrar-des-parents-deleves-ferment-une-ecole-a-talmine","status":"publish","type":"post","link":"https:\/\/linitiative.ca\/International\/adrar-des-parents-deleves-ferment-une-ecole-a-talmine\/","title":{"rendered":"ADRAR : Des parents d\u2019\u00e9l\u00e8ves ferment une \u00e9cole \u00e0 Talmine"},"content":{"rendered":"<p><br id=\"sep_para_1\" class=\"sep_para access\"\/><\/p>\n<div id=\"para_1\" class=\"para_39551231 resize\">\n<div class=\"photo shadow left\"><a href=\"javascript:void(0)\" rel=\"https:\/\/www.reflexiondz.net\/photo\/art\/grande\/51570974-39551231.jpg?v=1605715939&amp;ibox\" title=\"ADRAR : Des parents d\u2019\u00e9l\u00e8ves ferment une \u00e9cole \u00e0 Talmine\"><img decoding=\"async\" class=\"responsive c9\" src=\"https:\/\/www.reflexiondz.net\/photo\/art\/grande\/51570974-39551231.jpg?v=1605715939\" alt=\"ADRAR : Des parents d\u2019\u00e9l\u00e8ves ferment une \u00e9cole \u00e0 Talmine\" title=\"ADRAR : Des parents d\u2019\u00e9l\u00e8ves ferment une \u00e9cole \u00e0 Talmine\"\/><img decoding=\"async\" class=\"not-responsive\" src=\"https:\/\/www.reflexiondz.net\/photo\/art\/default\/51570974-39551231.jpg?v=1605715941\" alt=\"ADRAR : Des parents d\u2019\u00e9l\u00e8ves ferment une \u00e9cole \u00e0 Talmine\" title=\"ADRAR : Des parents d\u2019\u00e9l\u00e8ves ferment une \u00e9cole \u00e0 Talmine\"\/><\/a><\/div>\n<div class=\"texte access firstletter\">Des parents d\u2019\u00e9l\u00e8ves de l\u2019\u00e9cole primaire Slimane Mellah Kettouf dans la commune de Talmine, 98 km au nord-ouest de la wilaya d\u00e9l\u00e9gu\u00e9e de Timimoun, ont ferm\u00e9 l\u2019\u00e9cole, en signe de protestation contre la v\u00e9tust\u00e9 et le manque d\u2019\u00e9quipements de ce vieil \u00e9tablissement scolaire. Ils d\u00e9plorent l\u2019\u00e9tat des tables d\u2019\u00e9coliers et le manque de leur disponibilit\u00e9 pour mettre un \u00e9l\u00e8ve par table en cette p\u00e9riode o\u00f9 la double vacation est \u00e9dict\u00e9e par le protocole sanitaire contre la propagation de la pand\u00e9mie du Coronavirus. Ils ajoutent que cette \u00e9cole primaire n\u00e9cessite en priorit\u00e9 l&rsquo;entretien des \u00e9quipements de climatisation, de l\u2019installation \u00e9lectrique et de celle de l\u2019alimentation en eau potable. Tout comme ils pointent du doigt le manque de personnel charg\u00e9 du gardiennage, de la propret\u00e9 et de la s\u00e9curit\u00e9 ainsi que le manque de cuisiniers pour pr\u00e9parer des repas chauds pour les b\u00e9n\u00e9ficiaires des cantines scolaires.<\/div>\n<\/div>\n<p>Auteur: Ahmed Messaoud<br \/>\n<a href=\"https:\/\/www.reflexiondz.net\/ADRAR-Des-parents-d-eleves-ferment-une-ecole-a-Talmine_a66344.html\">Cliquez ici pour lire l&rsquo;article depuis sa source.<\/a><\/p>\n","protected":false},"excerpt":{"rendered":"<p>Des parents d\u2019\u00e9l\u00e8ves de l\u2019\u00e9cole primaire Slimane Mellah Kettouf dans la commune de Talmine, 98 km au nord-ouest de la wilaya d\u00e9l\u00e9gu\u00e9e de Timimoun, ont ferm\u00e9 l\u2019\u00e9cole, en signe de protestation contre la v\u00e9tust\u00e9 et le manque d\u2019\u00e9quipements de ce vieil \u00e9tablissement scolaire. Ils d\u00e9plorent l\u2019\u00e9tat des tables d\u2019\u00e9coliers et le manque de leur disponibilit\u00e9 [&hellip;]<\/p>\n","protected":false},"author":1740,"featured_media":0,"comment_status":"closed","ping_status":"closed","sticky":false,"template":"","format":"standard","meta":{"fifu_image_url":"","fifu_image_alt":"","footnotes":""},"categories":[53,76],"tags":[],"class_list":["post-105063","post","type-post","status-publish","format-standard","hentry","category-algerie","category-regions"],"_links":{"self":[{"href":"https:\/\/linitiative.ca\/International\/wp-json\/wp\/v2\/posts\/105063","targetHints":{"allow":["GET"]}}],"collection":[{"href":"https:\/\/linitiative.ca\/International\/wp-json\/wp\/v2\/posts"}],"about":[{"href":"https:\/\/linitiative.ca\/International\/wp-json\/wp\/v2\/types\/post"}],"author":[{"embeddable":true,"href":"https:\/\/linitiative.ca\/International\/wp-json\/wp\/v2\/users\/1740"}],"replies":[{"embeddable":true,"href":"https:\/\/linitiative.ca\/International\/wp-json\/wp\/v2\/comments?post=105063"}],"version-history":[{"count":0,"href":"https:\/\/linitiative.ca\/International\/wp-json\/wp\/v2\/posts\/105063\/revisions"}],"wp:attachment":[{"href":"https:\/\/linitiative.ca\/International\/wp-json\/wp\/v2\/media?parent=105063"}],"wp:term":[{"taxonomy":"category","embeddable":true,"href":"https:\/\/linitiative.ca\/International\/wp-json\/wp\/v2\/categories?post=105063"},{"taxonomy":"post_tag","embeddable":true,"href":"https:\/\/linitiative.ca\/International\/wp-json\/wp\/v2\/tags?post=105063"}],"curies":[{"name":"wp","href":"https:\/\/api.w.org\/{rel}","templated":true}]}}