{"id":105064,"date":"2020-11-18T10:24:00","date_gmt":"2020-11-18T15:24:00","guid":{"rendered":"https:\/\/linitiative.ca\/International\/le-president-de-lapn-affirme-lalgerie-est-visee-a-cause-de-ses-positions-de-principe\/"},"modified":"2020-11-18T10:24:00","modified_gmt":"2020-11-18T15:24:00","slug":"le-president-de-lapn-affirme-lalgerie-est-visee-a-cause-de-ses-positions-de-principe","status":"publish","type":"post","link":"https:\/\/linitiative.ca\/International\/le-president-de-lapn-affirme-lalgerie-est-visee-a-cause-de-ses-positions-de-principe\/","title":{"rendered":"LE PRESIDENT DE L\u2019APN AFFIRME :   L\u2019Alg\u00e9rie est vis\u00e9e \u00e0 cause de ses positions de principe"},"content":{"rendered":"<p><br id=\"sep_para_1\" class=\"sep_para access\"\/><\/p>\n<div id=\"para_1\" class=\"para_39551324 resize\">\n<div class=\"texte access firstletter\">Dans un discours prononc\u00e9 \u00e0 l\u2019APN, M. Chenine a ajout\u00e9 que l\u2019Alg\u00e9rie est \u00e9galement vis\u00e9e parce qu\u2019elle dispose d\u2019institutions solides et que le peuple alg\u00e9rien tient aux institutions constitutionnelles et \u00e0 la voie constitutionnelle qui nous a conduit \u00e0 cette \u00e9tape avec des \u00e9lections pr\u00e9sidentielles et \u00ab un pr\u00e9sident qui va revenir prochainement en Alg\u00e9rie en \u00e9tant gu\u00e9ri \u00bb. \u00ab L\u2019Alg\u00e9rie est vis\u00e9e et ce n\u2019est pas un discours destin\u00e9 \u00e0 la consommation car elle a vaincu l\u2019une des plus grande force militaire, elle \u00e9galement vis\u00e9e parce qu\u2019elle a une arm\u00e9e forte, r\u00e9publicaine, populaire, et nationale qui croit en sa mission constitutionnelle de d\u00e9fense des fronti\u00e8res et de tout ce qui peut porter atteinte \u00e0 la s\u00e9curit\u00e9 et la stabilit\u00e9 nationales \u00bb, a-t-il indiqu\u00e9 dans ce sens. Selon Chenine, le plus important lors de cette p\u00e9riode \u00ab est de renforcer le front int\u00e9rieur \u00bb. \u00ab Les alg\u00e9riens n\u2019accepteront jamais de r\u00e9\u00e9diter les sc\u00e9narios des autres pays, car ils refusent les complots. On sait tr\u00e8s bien ce qui se trame contre notre pays mais nous avons un programme ambitieux pour que l\u2019Alg\u00e9rie reste un pays fort et la premi\u00e8re puissance dans la r\u00e9gion \u00bb, a-t-il encore ajout\u00e9. En ce qui concerne les d\u00e9veloppements en cours dans le Sahara Occidental, M. Chenine a d\u00e9clar\u00e9 que les d\u00e9passements du Maroc sont une violation \u00e0 l\u2019accord du cessez-le-feu et ne servent personne. A noter que les membres de l\u2019Assembl\u00e9e Populaire nationale (APN) ont adopt\u00e9, mardi, \u00e0 la majorit\u00e9 le Projet de loi de finances pour l&rsquo;exercice 2021 (PLF 2021), lors d\u2019une pl\u00e9ni\u00e8re pr\u00e9sid\u00e9e par Slimane Chenine, pr\u00e9sident de l\u2019assembl\u00e9e, et \u00e0 laquelle a pris part le ministre des Finances, Aymen Benabderrahmane ainsi que des membres du staff gouvernemental. En d\u00e9pit de la conjoncture difficile et in\u00e9dite que traverse le pays suite \u00e0 la chute des prix du p\u00e9trole et la crise sanitaire actuelle, le gouvernement vise, \u00e0 travers les dispositions de ce texte, \u00e0 \u00ab\u00a0pr\u00e9server, autant que possible, le pouvoir d\u2019achat du citoyen, prot\u00e9ger la cat\u00e9gorie vuln\u00e9rable et cr\u00e9er une dynamique d\u2019investissement \u00e0 m\u00eame de hisser le niveau de la production et de renforcer les d\u00e9marches de diversification de l\u2019\u00e9conomie\u00a0\u00bb, a indiqu\u00e9 M. Benabderrahmane au terme du vote de la loi.<\/div>\n<\/div>\n<p>Auteur: Ismain<br \/>\n<a href=\"https:\/\/www.reflexiondz.net\/LE-PRESIDENT-DE-L-APN-AFFIRME-L-Algerie-est-visee-a-cause-de-ses-positions-de-principe_a66350.html\">Cliquez ici pour lire l&rsquo;article depuis sa source.<\/a><\/p>\n","protected":false},"excerpt":{"rendered":"<p>Dans un discours prononc\u00e9 \u00e0 l\u2019APN, M. Chenine a ajout\u00e9 que l\u2019Alg\u00e9rie est \u00e9galement vis\u00e9e parce qu\u2019elle dispose d\u2019institutions solides et que le peuple alg\u00e9rien tient aux institutions constitutionnelles et \u00e0 la voie constitutionnelle qui nous a conduit \u00e0 cette \u00e9tape avec des \u00e9lections pr\u00e9sidentielles et \u00ab un pr\u00e9sident qui va revenir prochainement en Alg\u00e9rie [&hellip;]<\/p>\n","protected":false},"author":1740,"featured_media":0,"comment_status":"closed","ping_status":"closed","sticky":false,"template":"","format":"standard","meta":{"fifu_image_url":"","fifu_image_alt":"","footnotes":""},"categories":[53,76],"tags":[],"class_list":["post-105064","post","type-post","status-publish","format-standard","hentry","category-algerie","category-regions"],"_links":{"self":[{"href":"https:\/\/linitiative.ca\/International\/wp-json\/wp\/v2\/posts\/105064","targetHints":{"allow":["GET"]}}],"collection":[{"href":"https:\/\/linitiative.ca\/International\/wp-json\/wp\/v2\/posts"}],"about":[{"href":"https:\/\/linitiative.ca\/International\/wp-json\/wp\/v2\/types\/post"}],"author":[{"embeddable":true,"href":"https:\/\/linitiative.ca\/International\/wp-json\/wp\/v2\/users\/1740"}],"replies":[{"embeddable":true,"href":"https:\/\/linitiative.ca\/International\/wp-json\/wp\/v2\/comments?post=105064"}],"version-history":[{"count":0,"href":"https:\/\/linitiative.ca\/International\/wp-json\/wp\/v2\/posts\/105064\/revisions"}],"wp:attachment":[{"href":"https:\/\/linitiative.ca\/International\/wp-json\/wp\/v2\/media?parent=105064"}],"wp:term":[{"taxonomy":"category","embeddable":true,"href":"https:\/\/linitiative.ca\/International\/wp-json\/wp\/v2\/categories?post=105064"},{"taxonomy":"post_tag","embeddable":true,"href":"https:\/\/linitiative.ca\/International\/wp-json\/wp\/v2\/tags?post=105064"}],"curies":[{"name":"wp","href":"https:\/\/api.w.org\/{rel}","templated":true}]}}