{"id":105065,"date":"2020-11-18T10:24:00","date_gmt":"2020-11-18T15:24:00","guid":{"rendered":"https:\/\/linitiative.ca\/International\/un-autre-mandat-darret-contre-chakib-khelil\/"},"modified":"2020-11-18T10:24:00","modified_gmt":"2020-11-18T15:24:00","slug":"un-autre-mandat-darret-contre-chakib-khelil","status":"publish","type":"post","link":"https:\/\/linitiative.ca\/International\/un-autre-mandat-darret-contre-chakib-khelil\/","title":{"rendered":"Un autre mandat d\u2019arr\u00eat contre Chakib Khelil"},"content":{"rendered":"<p><br id=\"sep_para_1\" class=\"sep_para access\"\/><\/p>\n<div id=\"para_1\" class=\"para_39551344 resize\">\n<div class=\"texte access firstletter\">Selon le quotidien francophone El-Watan, l\u2019ancien ministre de l\u2019\u00e9nergie, Chakib Khelil, son \u00e9pouse et ses deux enfants sont d\u00e9sormais sous le coup de mandats d\u2019arr\u00eats internationaux, et ce, apr\u00e8s la r\u00e9activation de la proc\u00e9dure d\u2019enqu\u00eate qui les concernait et qui \u00e9tait en suspens depuis la fin 2013. L\u2019affaire concerne une vingtaine de personnes, dont l\u2019ex-ministre de l\u2019Energie, Chakib Khelil, son \u00e9pouse et ses deux enfants, Ali Haddad, Mahieddine Tahkout et pr\u00e8s d\u2019une quinzaine de magistrats, dont sept sont en activit\u00e9. Pour sa part, Tayeb Louh aura aussi \u00e0 faire face \u00e0 un autre dossier en justice concernant la \u00abdilapidation de deniers publics\u00bb en lien avec les march\u00e9s d\u2019acquisition des bracelets \u00e9lectroniques et dont l\u2019instruction est toujours en cours, ajoute la source.<\/div>\n<\/div>\n<p>Auteur: R\u00e9flexion<br \/>\n<a href=\"https:\/\/www.reflexiondz.net\/Un-autre-mandat-d-arret-contre-Chakib-Khelil_a66354.html\">Cliquez ici pour lire l&rsquo;article depuis sa source.<\/a><\/p>\n","protected":false},"excerpt":{"rendered":"<p>Selon le quotidien francophone El-Watan, l\u2019ancien ministre de l\u2019\u00e9nergie, Chakib Khelil, son \u00e9pouse et ses deux enfants sont d\u00e9sormais sous le coup de mandats d\u2019arr\u00eats internationaux, et ce, apr\u00e8s la r\u00e9activation de la proc\u00e9dure d\u2019enqu\u00eate qui les concernait et qui \u00e9tait en suspens depuis la fin 2013. L\u2019affaire concerne une vingtaine de personnes, dont l\u2019ex-ministre [&hellip;]<\/p>\n","protected":false},"author":1740,"featured_media":0,"comment_status":"closed","ping_status":"closed","sticky":false,"template":"","format":"standard","meta":{"fifu_image_url":"","fifu_image_alt":"","footnotes":""},"categories":[53,76],"tags":[],"class_list":["post-105065","post","type-post","status-publish","format-standard","hentry","category-algerie","category-regions"],"_links":{"self":[{"href":"https:\/\/linitiative.ca\/International\/wp-json\/wp\/v2\/posts\/105065","targetHints":{"allow":["GET"]}}],"collection":[{"href":"https:\/\/linitiative.ca\/International\/wp-json\/wp\/v2\/posts"}],"about":[{"href":"https:\/\/linitiative.ca\/International\/wp-json\/wp\/v2\/types\/post"}],"author":[{"embeddable":true,"href":"https:\/\/linitiative.ca\/International\/wp-json\/wp\/v2\/users\/1740"}],"replies":[{"embeddable":true,"href":"https:\/\/linitiative.ca\/International\/wp-json\/wp\/v2\/comments?post=105065"}],"version-history":[{"count":0,"href":"https:\/\/linitiative.ca\/International\/wp-json\/wp\/v2\/posts\/105065\/revisions"}],"wp:attachment":[{"href":"https:\/\/linitiative.ca\/International\/wp-json\/wp\/v2\/media?parent=105065"}],"wp:term":[{"taxonomy":"category","embeddable":true,"href":"https:\/\/linitiative.ca\/International\/wp-json\/wp\/v2\/categories?post=105065"},{"taxonomy":"post_tag","embeddable":true,"href":"https:\/\/linitiative.ca\/International\/wp-json\/wp\/v2\/tags?post=105065"}],"curies":[{"name":"wp","href":"https:\/\/api.w.org\/{rel}","templated":true}]}}