{"id":105066,"date":"2020-11-18T04:20:00","date_gmt":"2020-11-18T09:20:00","guid":{"rendered":"https:\/\/linitiative.ca\/International\/noces-de-jasmin-de-hella-feki-le-roman-de-la-revolution-tunisienne\/"},"modified":"2020-11-18T04:20:00","modified_gmt":"2020-11-18T09:20:00","slug":"noces-de-jasmin-de-hella-feki-le-roman-de-la-revolution-tunisienne","status":"publish","type":"post","link":"https:\/\/linitiative.ca\/International\/noces-de-jasmin-de-hella-feki-le-roman-de-la-revolution-tunisienne\/","title":{"rendered":"\u00abNoces de jasmin\u00bb de Hella Feki: le roman de la r\u00e9volution tunisienne"},"content":{"rendered":"<p><span class=\"c3\"><span class=\"c2\"><em><strong><img decoding=\"async\" src=\"\/uploads\/FCK_files\/Slaheddine-Dchicha.jpg\" alt=\"\" width=\"15%\" vspace=\"5\" hspace=\"5\" align=\"left\"\/>Par Slaheddine Dchicha &#8211;<\/strong><\/em><\/span><\/span> Bient\u00f4t dix ans et toujours le d\u00e9ni.\u00a0 Tout le long de cette\u00a0\u00a0 d\u00e9cennie, malgr\u00e9 l\u2019avalanche de t\u00e9moignages, de documentaires, d\u2019archives\u2026, les n\u00e9gationnistes de tout poil, n\u2019ont cess\u00e9 de s\u2019adonner \u00e0 leur passion triste,\u00a0 nier la r\u00e9volution tunisienne :\u00a0 elle serait d\u2019apr\u00e8s leur dire et\u00a0 d\u00e9lire au choix: un complot am\u00e9ricain, un coup d\u2019\u00e9tat qatari, une manipulation de la CIA, une conspiration d\u2019Al Jazeera, un putsch num\u00e9rique financ\u00e9 par le milliardaire George\u00a0 Soros\u2026,<\/p>\n<p>A tous ces sceptiques inv\u00e9t\u00e9r\u00e9s, \u00abNoces de jasmin\u00bb<span class=\"c2\">*<\/span> le beau roman de la franco-tunisienne Hella Feki, vient administrer un cinglant d\u00e9menti. Ce roman polyphonique,\u00a0 \u00e0 la composition savante et \u00e0 la\u00a0 narration sophistiqu\u00e9e,\u00a0 raconte par le menu les neuf jours qui ont pr\u00e9c\u00e9d\u00e9 et pr\u00e9cipit\u00e9 la chute de la dictature de Ben Ali et l\u2019av\u00e8nement d\u2019une r\u00e9volution. V\u00e9ritable.<\/p>\n<p><span class=\"c5\"><span class=\"c4\"><strong>Les derniers jours de la dictature<\/strong><\/span><\/span><\/p>\n<p>Deux jours apr\u00e8s la mort de Mohamed Bouazizi, \u00e0 travers la fen\u00eatre de sa cellule, au sous-sol du Minist\u00e8re de l\u2019Int\u00e9rieur, Mehdi, un jeune\u00a0 journaliste sfaxien de 28 ans\u00a0 assiste et nous fait assister\u00a0 aux \u00e9v\u00e8nements historiques qui se d\u00e9roulent sur l\u2019avenue Bourguiba :malgr\u00e9 les policiers arm\u00e9s jusqu\u2019aux dents et les snipers post\u00e9s en haut des immeubles, des milliers de manifestants font trembler le c\u0153ur battant de la Capitale par leurs chants, leurs revendications, leurs\u00a0 slogans\u2026bravant ainsi leur peur :\u00a0 \u00abOn a toujours eu peur dans ce pays : peur des repr\u00e9sailles, peur des r\u00e9pressions, peur de la torture, peur de la mort, peur des regards, peur des paroles. Ces peurs nous ont r\u00e9duits au silence.\u00bb (p.28)<\/p>\n<p>Le journaliste-prisonnier nous d\u00e9crit aussi ses conditions de d\u00e9tention \u00e0 travers le t\u00e9moignage de sa cellule, car la cellule est un\u00a0 v\u00e9ritable personnage du livre\u2026\u00abJe le sais, parce que j\u2019entends tout, je vois tout, je sens tout\u00bb (p.44), un v\u00e9ritable t\u00e9moin oculaire des exactions\u00a0 de l\u2019ancien r\u00e9gime que certains nostalgiques tentent de gommer et voudraient faire oublier: La torture, la cruaut\u00e9, l\u2019humiliation, les viols.<\/p>\n<p>Exactions mais aussi pr\u00e9dations, corruption, arbitraire dont souffre le pays tout entier et que rapporte le r\u00e9cit qui se d\u00e9ploie en dehors de la cellule de Mehdi et au-del\u00e0\u00a0 de l\u2019Avenue Bourguiba. A Tunis o\u00f9 le pharmacien\u00a0 Yacine poss\u00e8de une officine. A Monastir o\u00f9 le m\u00eame donne des cours \u00e0 la Facult\u00e9 de pharmacie et o\u00f9 il a des vues sur Amel, une de ses \u00e9tudiantes. A Sfax o\u00f9 r\u00e9sident sa m\u00e8re Mama A\u00efssa et la famille de Mehdi.<\/p>\n<p><span class=\"c5\"><span class=\"c4\"><strong>L\u2019amour au temps de la R\u00e9volution<\/strong><\/span><\/span><\/p>\n<p>On l\u2019a compris, il s\u2019agit de la grande Histoire, l\u2019Histoire collective, mais incarn\u00e9e par et dans\u00a0 des histoires individuelles\u00a0 \u00ab L\u2019\u00e9tincelle se met \u00e0 \u00e9clairer les t\u00e9n\u00e8bres de l\u2019histoire et ravive les petites intrigues singuli\u00e8res, individuelles, qui ressurgissent comme une br\u00fblure vive \u00bb (p.187). Et ces \u00eatres de chair et de sang vivent, se rencontrent, entretiennent des\u00a0 relationset\u00a0 nouent des liens\u2026Ainsi ce compte \u00e0 rebours des derniers jours du r\u00e9gime de Ben Ali, qui organise le livre en trois parties : neuf jours, six jours et trois jours avant\u2026 est en m\u00eame temps une cantate en trois mouvements et \u00e0 quatre voix : Mama A\u00efssa, la m\u00e8re de Yacine; Yacine, le p\u00e8re de Essia; Essia, l\u2019amoureuse de Mehdi.<\/p>\n<p>Mehdi et Essia la fille de Yacine se sont rencontr\u00e9s \u00e0 peine un mois avant les \u00e9v\u00e9nements et ce fut le coup de foudre, l\u2019amour fou : \u00abJe fais na\u00eetre la lune dans son regard. Je vois dans ses yeux que je l\u2019habite d\u00e9j\u00e0. C\u2019est un amour si fort, d\u00e8s cette premi\u00e8re fois\u2026\u00bb (p.19). Mais\u00a0 depuis l\u2019arrestation de Mehdi, les amoureux s\u00e9par\u00e9s languissent chacun de son c\u00f4t\u00e9. Et Essia pour s\u2019assurer de la r\u00e9alit\u00e9 de son amour, ne cesse de revivre leurs \u00e9bats par le souvenir donnant\u00a0 ainsi \u00e0 lire des sc\u00e8nes d\u2019une libert\u00e9\u00a0 \u00e9rotique et sexuelle rare dans la litt\u00e9rature tunisienne et encre plus\u00a0 sous la plume d\u2019une \u00e9crivaine. Le lecteur pourrait en juger par les passages torrides des pages\u00a0 18, 52,64, 66, 97. pourvu qu\u2019il\u00a0 ne perde pas de vue que cette libert\u00e9 \u00e9rotique et f\u00e9minine n\u2019est qu\u2019un aspect de la libert\u00e9 sociale et soci\u00e9tale \u00e9mergeante.<\/p>\n<p><span class=\"c4\"><span class=\"c5\"><strong>V\u00e9rit\u00e9 polyphonique<\/strong><\/span><\/span><\/p>\n<p>\u00ab Noces de Jasmin \u00bb est un objet m\u00e9tisse \u00e0 l\u2019image des protagonistes\u00a0 Essia et son p\u00e8re Yacine mais aussi comme l\u2019auteure Hella Feki,\u00a0 sont tous les trois franco-tunisiens. Le livre est \u00e0 la foisune enqu\u00eate\u00a0 journalistique sur la r\u00e9volution tunisienne comprenant \u00e0 la fin ses \u00abrep\u00e8res historiques\u00bb, un conte o\u00f9 les objets s\u2019animent et parlent ( la cellule et\u00a0 la chemise de Mehdi) mais aussi\u00a0 un roman d\u2019amour et un essai o\u00f9 il est question d\u2019 Albert Memmi, de Marguerite Duras et plus implicitement par allusion de Gilbert Naccache, l\u2019auteur de \u00abCristal\u00bb, d&rsquo;Atiq Rahimi, l\u2019auteur de Syngu\u00e9 sabour, de Halfaouine de F\u00e9rid Boughedir et de la chanteuse Emel Mathlouthi\u2026M\u00e9tissage des origines, des cultures, des genres\u2026<\/p>\n<p>Derni\u00e8re petite remarque sur le titre avant de laisser le lecteur appr\u00e9cier par lui-m\u00eame. Pour \u00ables noces\u00a0 de Jasmin\u00bb, il faut\u00a0 66 ans de mariage.\u00a0 En 1945,\u00a0 Mama A\u00efssa a eu une relation amoureuse extraconjugale avec un soldat fran\u00e7ais dont Yacine, le grand aux yeux bleus, est le fruit : \u00abTu as gard\u00e9 le silence pendant soixante-six ans, dissimulant ce secret gliss\u00e9 dans les \u00e9toffes du pass\u00e9, laissant au temps la responsabilit\u00e9 des blessures, des traumatismes, de la solitude chaleureuse, de l\u2019\u00e9closion saine des ab\u00eemes\u00bb (p187). Nous sommes en 2011, faites le calcul\u2026 \u00abNoces de Jasmin\u00bb!<\/p>\n<p><em><strong>*Hella FEKI, Noces de Jasmin, JC Latt\u00e8s, 2020, 210 pages, 18.00 \u20ac<\/strong><\/em><\/p>\n<p class=\"c6\"><strong>Slaheddine Dchicha<\/strong><\/p>\n<p>Auteur:<br \/>\n<a href=\"https:\/\/www.leaders.com.tn\/article\/30946-noces-de-jasmin-de-hella-feki-le-roman-de-la-revolution-tunisienne\">Cliquez ici pour lire l&rsquo;article depuis sa source.<\/a><\/p>\n","protected":false},"excerpt":{"rendered":"<p>Par Slaheddine Dchicha &#8211; Bient\u00f4t dix ans et toujours le d\u00e9ni.\u00a0 Tout le long de cette\u00a0\u00a0 d\u00e9cennie, malgr\u00e9 l\u2019avalanche de t\u00e9moignages, de documentaires, d\u2019archives\u2026, les n\u00e9gationnistes de tout poil, n\u2019ont cess\u00e9 de s\u2019adonner \u00e0 leur passion triste,\u00a0 nier la r\u00e9volution tunisienne :\u00a0 elle serait d\u2019apr\u00e8s leur dire et\u00a0 d\u00e9lire au choix: un complot am\u00e9ricain, un [&hellip;]<\/p>\n","protected":false},"author":1772,"featured_media":105067,"comment_status":"closed","ping_status":"closed","sticky":false,"template":"","format":"standard","meta":{"fifu_image_url":"","fifu_image_alt":"","footnotes":""},"categories":[73,55],"tags":[],"class_list":["post-105066","post","type-post","status-publish","format-standard","has-post-thumbnail","hentry","category-actualite","category-tunisie"],"_links":{"self":[{"href":"https:\/\/linitiative.ca\/International\/wp-json\/wp\/v2\/posts\/105066","targetHints":{"allow":["GET"]}}],"collection":[{"href":"https:\/\/linitiative.ca\/International\/wp-json\/wp\/v2\/posts"}],"about":[{"href":"https:\/\/linitiative.ca\/International\/wp-json\/wp\/v2\/types\/post"}],"author":[{"embeddable":true,"href":"https:\/\/linitiative.ca\/International\/wp-json\/wp\/v2\/users\/1772"}],"replies":[{"embeddable":true,"href":"https:\/\/linitiative.ca\/International\/wp-json\/wp\/v2\/comments?post=105066"}],"version-history":[{"count":0,"href":"https:\/\/linitiative.ca\/International\/wp-json\/wp\/v2\/posts\/105066\/revisions"}],"wp:featuredmedia":[{"embeddable":true,"href":"https:\/\/linitiative.ca\/International\/wp-json\/"}],"wp:attachment":[{"href":"https:\/\/linitiative.ca\/International\/wp-json\/wp\/v2\/media?parent=105066"}],"wp:term":[{"taxonomy":"category","embeddable":true,"href":"https:\/\/linitiative.ca\/International\/wp-json\/wp\/v2\/categories?post=105066"},{"taxonomy":"post_tag","embeddable":true,"href":"https:\/\/linitiative.ca\/International\/wp-json\/wp\/v2\/tags?post=105066"}],"curies":[{"name":"wp","href":"https:\/\/api.w.org\/{rel}","templated":true}]}}