{"id":105072,"date":"2020-11-18T12:03:00","date_gmt":"2020-11-18T17:03:00","guid":{"rendered":"https:\/\/linitiative.ca\/International\/le-tunisien-nabil-ben-khatra-nomme-secretaire-executif-de-lobservatoire-du-sahara-et-du-sahel\/"},"modified":"2020-11-18T12:03:00","modified_gmt":"2020-11-18T17:03:00","slug":"le-tunisien-nabil-ben-khatra-nomme-secretaire-executif-de-lobservatoire-du-sahara-et-du-sahel","status":"publish","type":"post","link":"https:\/\/linitiative.ca\/International\/le-tunisien-nabil-ben-khatra-nomme-secretaire-executif-de-lobservatoire-du-sahara-et-du-sahel\/","title":{"rendered":"Le Tunisien Nabil ben Khatra, nomm\u00e9 Secr\u00e9taire ex\u00e9cutif de l\u2019Observatoire du Sahara et du Sahel"},"content":{"rendered":"<p>Il occupera le prestigieux si\u00e8ge o\u00f9 avait offici\u00e9 il y a plusieurs ann\u00e9es, l\u2019illustre Chedly Fezzani, en fondateur. Superbe promotion m\u00e9rit\u00e9e pour Nabil Ben Khatra qui vient d\u2019\u00eatre nomm\u00e9 de Secr\u00e9taire ex\u00e9cutif de\u00a0<a href=\"http:\/\/www.oss-online.org\/\" target=\"_blank\" rel=\"noopener noreferrer\">l\u2019Observatoire du Sahara et du Sahel (OSS)<\/a>, par le Conseil d\u2019administration.<\/p>\n<p>Ing\u00e9nieur agronome\u00a0et\u00a0sp\u00e9cialiste en T\u00e9l\u00e9d\u00e9tection et en Syst\u00e8mes d\u2019Information G\u00e9ographique,\u00a0il avait commenc\u00e9 sa carri\u00e8re\u00a0professionnelle, en 1995, au Centre National de T\u00e9l\u00e9d\u00e9tection de Tunisie avant d\u2019int\u00e9grer le Minist\u00e8re de l\u2019Environnement en 200).<\/p>\n<p>Nabil Ben Khatra a rejoint l\u2019Observatoire du Sahara et du Sahel en 2003, d\u2019abord en tant qu\u2019expert en Gestion durable des ressources naturelles et responsable Suivi-Evaluation, puis en tant que Coordinateur du Programme Environnement, fonction qu\u2019il occupe depuis 2008.<\/p>\n<p>Son exp\u00e9rience professionnelle de plus de 26 ans couvre les domaines de la gestion durable des ressources naturelles, de l\u2019\u00e9laboration d\u2019outils d\u2019observation et de suivi environnemental ainsi que du d\u00e9veloppement de programmes d\u2019att\u00e9nuation et d\u2019adaptation au changement climatique.<\/p>\n<p>Son intervention a notamment port\u00e9 sur le d\u00e9veloppement de partenariats strat\u00e9giques et la mobilisation des ressources,\u00a0en r\u00e9ponse aux\u00a0diff\u00e9rentes probl\u00e9matiques\u00a0et d\u00e9fis environnementaux\u00a0en\u00a0Afrique, en vue de contribuer \u00e0 l\u2019atteinte des Objectifs des agendas de d\u00e9veloppement nationaux et internationaux.<\/p>\n<p>Nabil Ben Khatra, qui sera officiellement pr\u00e9sent\u00e9 lors de l\u2019assembl\u00e9e g\u00e9n\u00e9rale de l\u2019OSS pr\u00e9vue, en ligne, \u00e0 partir de Tunis les 25 et 26 novembre, succ\u00e8dera \u00e0 M. Khatim Kherraz, de nationalit\u00e9 alg\u00e9rienne, qui a occup\u00e9 les fonctions de Secr\u00e9taire Ex\u00e9cutif depuis juin 2012.<\/p>\n<p><strong>N.Kh.<\/strong><br \/>\u00a0<br \/>\u00a0<\/p>\n<p>Auteur:<br \/>\n<a href=\"https:\/\/www.leaders.com.tn\/article\/30952-le-tunisien-nabil-ben-khatra-nomme-secretaire-executif-de-l-observatoire-du-sahara-et-du-sahel\">Cliquez ici pour lire l&rsquo;article depuis sa source.<\/a><\/p>\n","protected":false},"excerpt":{"rendered":"<p>Il occupera le prestigieux si\u00e8ge o\u00f9 avait offici\u00e9 il y a plusieurs ann\u00e9es, l\u2019illustre Chedly Fezzani, en fondateur. Superbe promotion m\u00e9rit\u00e9e pour Nabil Ben Khatra qui vient d\u2019\u00eatre nomm\u00e9 de Secr\u00e9taire ex\u00e9cutif de\u00a0l\u2019Observatoire du Sahara et du Sahel (OSS), par le Conseil d\u2019administration. Ing\u00e9nieur agronome\u00a0et\u00a0sp\u00e9cialiste en T\u00e9l\u00e9d\u00e9tection et en Syst\u00e8mes d\u2019Information G\u00e9ographique,\u00a0il avait commenc\u00e9 sa [&hellip;]<\/p>\n","protected":false},"author":1772,"featured_media":0,"comment_status":"closed","ping_status":"closed","sticky":false,"template":"","format":"standard","meta":{"fifu_image_url":"","fifu_image_alt":"","footnotes":""},"categories":[73,55],"tags":[],"class_list":["post-105072","post","type-post","status-publish","format-standard","hentry","category-actualite","category-tunisie"],"_links":{"self":[{"href":"https:\/\/linitiative.ca\/International\/wp-json\/wp\/v2\/posts\/105072","targetHints":{"allow":["GET"]}}],"collection":[{"href":"https:\/\/linitiative.ca\/International\/wp-json\/wp\/v2\/posts"}],"about":[{"href":"https:\/\/linitiative.ca\/International\/wp-json\/wp\/v2\/types\/post"}],"author":[{"embeddable":true,"href":"https:\/\/linitiative.ca\/International\/wp-json\/wp\/v2\/users\/1772"}],"replies":[{"embeddable":true,"href":"https:\/\/linitiative.ca\/International\/wp-json\/wp\/v2\/comments?post=105072"}],"version-history":[{"count":0,"href":"https:\/\/linitiative.ca\/International\/wp-json\/wp\/v2\/posts\/105072\/revisions"}],"wp:attachment":[{"href":"https:\/\/linitiative.ca\/International\/wp-json\/wp\/v2\/media?parent=105072"}],"wp:term":[{"taxonomy":"category","embeddable":true,"href":"https:\/\/linitiative.ca\/International\/wp-json\/wp\/v2\/categories?post=105072"},{"taxonomy":"post_tag","embeddable":true,"href":"https:\/\/linitiative.ca\/International\/wp-json\/wp\/v2\/tags?post=105072"}],"curies":[{"name":"wp","href":"https:\/\/api.w.org\/{rel}","templated":true}]}}