{"id":105081,"date":"2020-11-18T06:37:52","date_gmt":"2020-11-18T11:37:52","guid":{"rendered":"https:\/\/linitiative.ca\/International\/coronavirus-au-maroc-les-deces-en-hausse-sexpliquent-par-le-passage-en-phase-iii-de-certaines-provinces\/"},"modified":"2020-11-18T06:37:52","modified_gmt":"2020-11-18T11:37:52","slug":"coronavirus-au-maroc-les-deces-en-hausse-sexpliquent-par-le-passage-en-phase-iii-de-certaines-provinces","status":"publish","type":"post","link":"https:\/\/linitiative.ca\/International\/coronavirus-au-maroc-les-deces-en-hausse-sexpliquent-par-le-passage-en-phase-iii-de-certaines-provinces\/","title":{"rendered":"Coronavirus au Maroc: les d\u00e9c\u00e8s en hausse s\u2019expliquent par le passage en phase III de certaines provinces"},"content":{"rendered":"<p><strong>La tendance \u00e0 la hausse des d\u00e9c\u00e8s au Maroc li\u00e9s \u00e0 la pand\u00e9mie de Covid-19 s\u2019explique par l\u2019augmentation significative du nombre des cas d\u2019infection et le passage de certaines provinces en phase III de propagation du virus, a indiqu\u00e9 mardi \u00e0 Rabat le ministre de la Sant\u00e9 Khalid Ait Taleb.<\/strong><\/p>\n<div class=\"c10\"\/>\n<p>Cette augmentation des d\u00e9c\u00e8s est due \u00e0 la hausse observ\u00e9e du nombre de contaminations dans la p\u00e9riode post-confinement avec l\u2019entr\u00e9e d\u2019un certain nombre de provinces dans la troisi\u00e8me phase de propagation du Covid-19, a soulign\u00e9 Ait Taleb qui r\u00e9pondait \u00e0 une question orale sur \u00ab\u00a0les causes de la hausse des cas de d\u00e9c\u00e8s parmi les personnes contamin\u00e9es\u00a0\u00bb, pr\u00e9sent\u00e9e par le groupe Authenticit\u00e9 et modernit\u00e9 \u00e0 la Chambre des conseillers.<\/p>\n<p><strong>Lire aussi |\u00a0<a href=\"https:\/\/www.challenge.ma\/coronavirus-ce-que-vous-devez-savoir-sur-les-effets-secondaires-du-vaccin-du-chinois-sinopharm-165502\/\">Coronavirus : ce que vous devez savoir sur les effets secondaires du vaccin de Sinopharm<\/a><\/strong><\/p>\n<p>Selon le ministre, \u00ab\u00a0la tendance \u00e0 la hausse du nombre d\u2019infections est accompagn\u00e9e de l\u2019augmentation du nombre des cas critiques et de d\u00e9c\u00e8s, comme en t\u00e9moigne le taux de l\u00e9talit\u00e9 au niveau national rest\u00e9 stable pendant des mois \u00e0 1,7%, lequel taux est consid\u00e9r\u00e9 parmi les plus bas au monde pouvant atteindre 2,5%\u00a0\u00bb.<\/p>\n<p>Il a d\u2019autre part relev\u00e9 que l\u2019analyse \u00e9pid\u00e9miologique de la base de donn\u00e9es nationale relatives \u00e0 la Covid-19 d\u00e9montre que les facteurs de risque de d\u00e9c\u00e8s d\u00fb au virus concernent les hommes, les adultes de plus de 65 ans et ceux qui souffrent de maladies chroniques, notamment le diab\u00e8te, le cancer et les maladies cardiovasculaires. Dans ce cadre, le ministre a fait observer que l\u2019\u00e2ge moyen des cas de d\u00e9c\u00e8s s\u2019est \u00e9lev\u00e9 \u00e0 66 ans et demi, alors que l\u2019\u00e2ge moyen des cas se situe \u00e0 40 ans, ajoutant que les hommes repr\u00e9sentent 69% du total des d\u00e9c\u00e8s.<\/p>\n<p>Ainsi, 55% des d\u00e9c\u00e8s souffraient de maladies chroniques, notamment le diab\u00e8te, l\u2019hypertension, l\u2019asthme, le cancer et bien d\u2019autres maladies, a-t-il pr\u00e9cis\u00e9, ajoutant que 89% des d\u00e9c\u00e8s sont survenus dans les services de r\u00e9animation et de soins intensifs.<\/p>\n<p><strong>Lire aussi |\u00a0<a href=\"https:\/\/www.challenge.ma\/coronavirus-un-vaccin-ne-suffirait-pas-a-lui-seul-a-vaincre-la-pandemie-oms-165471\/\">Coronavirus : un vaccin ne suffirait pas \u00e0 lui seul \u00e0 vaincre la pand\u00e9mie [OMS]<\/a><\/strong><\/p>\n<p>Avec MAP<\/p>\n<p>Auteur: challenge<br \/>\n<a href=\"https:\/\/www.challenge.ma\/coronavirus-les-deces-en-hausse-sexpliquent-par-le-passage-en-phase-iii-de-certaines-provinces-165660\/\">Cliquez ici pour lire l&rsquo;article depuis sa source.<\/a><\/p>\n","protected":false},"excerpt":{"rendered":"<p>La tendance \u00e0 la hausse des d\u00e9c\u00e8s au Maroc li\u00e9s \u00e0 la pand\u00e9mie de Covid-19 s\u2019explique par l\u2019augmentation significative du nombre des cas d\u2019infection et le passage de certaines provinces en phase III de propagation du virus, a indiqu\u00e9 mardi \u00e0 Rabat le ministre de la Sant\u00e9 Khalid Ait Taleb. Cette augmentation des d\u00e9c\u00e8s est [&hellip;]<\/p>\n","protected":false},"author":1787,"featured_media":0,"comment_status":"closed","ping_status":"closed","sticky":false,"template":"","format":"standard","meta":{"fifu_image_url":"","fifu_image_alt":"","footnotes":""},"categories":[78,54],"tags":[],"class_list":["post-105081","post","type-post","status-publish","format-standard","hentry","category-economie","category-maroc"],"_links":{"self":[{"href":"https:\/\/linitiative.ca\/International\/wp-json\/wp\/v2\/posts\/105081","targetHints":{"allow":["GET"]}}],"collection":[{"href":"https:\/\/linitiative.ca\/International\/wp-json\/wp\/v2\/posts"}],"about":[{"href":"https:\/\/linitiative.ca\/International\/wp-json\/wp\/v2\/types\/post"}],"author":[{"embeddable":true,"href":"https:\/\/linitiative.ca\/International\/wp-json\/wp\/v2\/users\/1787"}],"replies":[{"embeddable":true,"href":"https:\/\/linitiative.ca\/International\/wp-json\/wp\/v2\/comments?post=105081"}],"version-history":[{"count":0,"href":"https:\/\/linitiative.ca\/International\/wp-json\/wp\/v2\/posts\/105081\/revisions"}],"wp:attachment":[{"href":"https:\/\/linitiative.ca\/International\/wp-json\/wp\/v2\/media?parent=105081"}],"wp:term":[{"taxonomy":"category","embeddable":true,"href":"https:\/\/linitiative.ca\/International\/wp-json\/wp\/v2\/categories?post=105081"},{"taxonomy":"post_tag","embeddable":true,"href":"https:\/\/linitiative.ca\/International\/wp-json\/wp\/v2\/tags?post=105081"}],"curies":[{"name":"wp","href":"https:\/\/api.w.org\/{rel}","templated":true}]}}