{"id":105083,"date":"2020-11-18T15:58:28","date_gmt":"2020-11-18T20:58:28","guid":{"rendered":"https:\/\/linitiative.ca\/International\/royal-air-maroc-va-proceder-a-une-augmentation-de-capital\/"},"modified":"2020-11-18T15:58:28","modified_gmt":"2020-11-18T20:58:28","slug":"royal-air-maroc-va-proceder-a-une-augmentation-de-capital","status":"publish","type":"post","link":"https:\/\/linitiative.ca\/International\/royal-air-maroc-va-proceder-a-une-augmentation-de-capital\/","title":{"rendered":"Royal Air Maroc va proc\u00e9der \u00e0 une augmentation de capital"},"content":{"rendered":"<p><strong>Le transporteur a\u00e9rien national proc\u00e8dera \u00e0 une augmentation de capital. La d\u00e9cision a \u00e9t\u00e9 \u00a0valid\u00e9e lors d\u2019une r\u00e9cente Assembl\u00e9e g\u00e9n\u00e9rale extraordinaire. Les d\u00e9tails.<\/strong><\/p>\n<div class=\"c10\"\/>\n<p>Royal Air Maroc poursuit ses efforts pour faire face \u00e0 la crise sanitaire qui a drastiquement impact\u00e9 ses activit\u00e9s. Dans ce sens, et apr\u00e8s avoir r\u00e9duit sa flotte et ses dessertes, la compagnie a\u00e9rienne nationale va proc\u00e9der \u00e0 une augmentation de capital, rapporte Ledesk.ma dans l\u2019une de ses r\u00e9centes publications. Le journal pr\u00e9cise que cette d\u00e9cision a \u00e9t\u00e9 act\u00e9e lors d\u2019une Assembl\u00e9e g\u00e9n\u00e9rale extraordinaire tenue le 13 novembre. L\u2019augmentation de capital portera sur un montant de 3,4 milliards de DH.<\/p>\n<p><strong>Lire aussi| <a href=\"https:\/\/www.challenge.ma\/amine-sabah-partner-financial-advisory-mazars-au-maroc-certains-chefs-dentreprises-voient-en-cette-crise-une-opportunite-dinvestissement-a-saisir-sur-le-plan-fi-165583\/\">Amine Sabah: \u00ab\u00a0certains chefs d\u2019entreprises voient en cette crise une opportunit\u00e9 d\u2019investissement \u00e0 saisir sur le plan financier\u00a0\u00bb<\/a><\/strong><\/p>\n<p>\u00ab\u00a0La souscription sera ouverte du 20 au 20 d\u00e9cembre inclus. Le d\u00e9lai de souscription sera clos par anticipation d\u00e8s que tous les droits de souscription \u00e0 titre irr\u00e9ductible auront \u00e9t\u00e9 exerc\u00e9s ou que l\u2019augmentation de capital aura \u00e9t\u00e9 souscrite en totalit\u00e9, apr\u00e8s renonciation individuelle \u00e0 leurs droits pr\u00e9f\u00e9rentiels de souscription des actionnaires n\u2019ayant pas souscrit\u00a0\u00bb, indique la compagnie a\u00e9rienne. Ledesk.ma pr\u00e9cise que la priorit\u00e9 ira \u00e0 l\u2019Etat et le Fonds Hassan II et rappelle que le PDG de la RAM, Abdelhamid Addou, avait signifi\u00e9 dans une lettre envoy\u00e9e au personnel en mai que la reprise se traduira par des sacrifices et que la route sera longue et pleine de turbulences.<\/p>\n<p><strong>Lire aussi| <a href=\"https:\/\/www.challenge.ma\/opportunites-covid-19-mercure-industrie-etoffe-le-rang-des-industriels-qui-se-lancent-a-lassaut-des-dispositifs-medicaux-165568\/\">Opportunit\u00e9s Covid-19 : Mercure Industrie \u00e9toffe le rang des industriels qui se lancent \u00e0 l\u2019assaut des dispositifs m\u00e9dicaux<\/a><\/strong><\/p>\n<p>\u00ab\u00a0Nous devons aussi changer notre mani\u00e8re de travailler et revoir nos co\u00fbts et nos charges fixes de mani\u00e8re forte et p\u00e9renne, afin d\u2019\u00eatre plus comp\u00e9titif et plus agile. Cette reprise n\u00e9cessitera un plan clair, bas\u00e9 sur les pr\u00e9visions publi\u00e9es par l\u2019IATA ainsi que les cabinets de conseil mondiaux. Ce qui n\u00e9cessitera \u00e9galement forte de l\u2019Etat et des actionnaires\u00a0\u00bb, pr\u00e9cisait Abdelhamid Addou, ajoutant que les discussions avec l\u2019Etat sont en cours depuis le d\u00e9but de la crise sanitaire.<\/p>\n<p>Auteur: challenge<br \/>\n<a href=\"https:\/\/www.challenge.ma\/royal-air-maroc-va-proceder-a-une-augmentation-de-capital-165735\/\">Cliquez ici pour lire l&rsquo;article depuis sa source.<\/a><\/p>\n","protected":false},"excerpt":{"rendered":"<p>Le transporteur a\u00e9rien national proc\u00e8dera \u00e0 une augmentation de capital. La d\u00e9cision a \u00e9t\u00e9 \u00a0valid\u00e9e lors d\u2019une r\u00e9cente Assembl\u00e9e g\u00e9n\u00e9rale extraordinaire. Les d\u00e9tails. Royal Air Maroc poursuit ses efforts pour faire face \u00e0 la crise sanitaire qui a drastiquement impact\u00e9 ses activit\u00e9s. Dans ce sens, et apr\u00e8s avoir r\u00e9duit sa flotte et ses dessertes, la [&hellip;]<\/p>\n","protected":false},"author":1787,"featured_media":0,"comment_status":"closed","ping_status":"closed","sticky":false,"template":"","format":"standard","meta":{"fifu_image_url":"","fifu_image_alt":"","footnotes":""},"categories":[78,54],"tags":[],"class_list":["post-105083","post","type-post","status-publish","format-standard","hentry","category-economie","category-maroc"],"_links":{"self":[{"href":"https:\/\/linitiative.ca\/International\/wp-json\/wp\/v2\/posts\/105083","targetHints":{"allow":["GET"]}}],"collection":[{"href":"https:\/\/linitiative.ca\/International\/wp-json\/wp\/v2\/posts"}],"about":[{"href":"https:\/\/linitiative.ca\/International\/wp-json\/wp\/v2\/types\/post"}],"author":[{"embeddable":true,"href":"https:\/\/linitiative.ca\/International\/wp-json\/wp\/v2\/users\/1787"}],"replies":[{"embeddable":true,"href":"https:\/\/linitiative.ca\/International\/wp-json\/wp\/v2\/comments?post=105083"}],"version-history":[{"count":0,"href":"https:\/\/linitiative.ca\/International\/wp-json\/wp\/v2\/posts\/105083\/revisions"}],"wp:attachment":[{"href":"https:\/\/linitiative.ca\/International\/wp-json\/wp\/v2\/media?parent=105083"}],"wp:term":[{"taxonomy":"category","embeddable":true,"href":"https:\/\/linitiative.ca\/International\/wp-json\/wp\/v2\/categories?post=105083"},{"taxonomy":"post_tag","embeddable":true,"href":"https:\/\/linitiative.ca\/International\/wp-json\/wp\/v2\/tags?post=105083"}],"curies":[{"name":"wp","href":"https:\/\/api.w.org\/{rel}","templated":true}]}}