{"id":105088,"date":"2020-11-18T17:12:13","date_gmt":"2020-11-18T22:12:13","guid":{"rendered":"https:\/\/linitiative.ca\/International\/tunisie-video-les-dessous-explosifs-de-laffaire-des-dechets-italiens\/"},"modified":"2020-11-18T17:12:13","modified_gmt":"2020-11-18T22:12:13","slug":"tunisie-video-les-dessous-explosifs-de-laffaire-des-dechets-italiens","status":"publish","type":"post","link":"https:\/\/linitiative.ca\/International\/tunisie-video-les-dessous-explosifs-de-laffaire-des-dechets-italiens\/","title":{"rendered":"Tunisie \u2013 VIDEO \u2013 Les dessous explosifs de l\u2019affaire des d\u00e9chets italiens"},"content":{"rendered":"<div class=\"post-cont-in left relative\">\n<div id=\"post-info-wrap\" class=\"left relative post-info-out\">\n<div class=\"post-info-img left relative\"><img loading=\"lazy\" decoding=\"async\" alt=\"\" src=\"https:\/\/secure.gravatar.com\/avatar\/047123be9d5e8513774383916ee72db2?s=50&amp;d=mm&amp;r=g\" srcset=\"https:\/\/secure.gravatar.com\/avatar\/047123be9d5e8513774383916ee72db2?s=100&amp;d=mm&amp;r=g 2x\" class=\"avatar avatar-50 photo\" height=\"50\" width=\"50\"\/><\/div>\n<div class=\"post-info-in\">\n<div class=\"post-info-right left relative post-info-name left relative\"><span itemprop=\"author\" itemscope=\"\" itemtype=\"https:\/\/schema.org\/Person\"><span class=\"post-info-text\">Par<\/span> <span class=\"author-name vcard fn author\" itemprop=\"name\"><a href=\"https:\/\/www.tunisienumerique.com\/author\/lm\/\" title=\"Articles par LM\" rel=\"author\">LM<\/a><\/span><\/span> <span class=\"post-date updated\"><time class=\"post-date updated\" itemprop=\"datePublished\" datetime=\"2020-11-18\">\u00a0| Il y a 19 secondes<\/time><\/span><\/div>\n<div class=\"left relative\"><button id=\"listenButton1\" class=\"responsivevoice-button\" type=\"button\" value=\"Play\" title=\"&#xC9;coutez l'article\"><span>\ud83d\udd0a \u00c9coutez l&rsquo;article<\/span><\/button> <\/div>\n<\/div>\n<\/div>\n<p>Le dossier de l\u2019affaire des d\u00e9chets italiens, trait\u00e9s par dizaines de tonnes, de fa\u00e7on ill\u00e9gale, sur le sol tunisien, est en train de connaitre des rebondissements inou\u00efs.<\/p>\n<div class=\"code-block code-block-1 c4\"><ins class=\"adsbygoogle c3\" data-ad-layout=\"in-article\" data-ad-format=\"fluid\" data-ad-client=\"ca-pub-2102118777505746\" data-ad-slot=\"7301775417\"\/> <\/div>\n<p>Ce dossier, d\u00e9j\u00e0 pas trop banal et \u00e0 potentiel dangereux tr\u00e8s \u00e9lev\u00e9, s\u2019est av\u00e9r\u00e9 \u00eatre en relation avec d\u2019autres dossiers bien plus graves, puisqu\u2019ils impliquent des membres du gouvernement actuel et de celui qui l\u2019a pr\u00e9c\u00e9d\u00e9.<\/p>\n<p>C\u2019est le journaliste Lotfi La\u00e2mari qui a d\u00e9voil\u00e9, ce soir, le pot aux roses, ou plut\u00f4t, le pot de pourritures. Lotfi La\u00e2mari a, en effet, annonc\u00e9, ce soir, sur le plateau d\u2019une chaine TV, comme on jetterait un pav\u00e9 dans la mare, que le dossier des d\u00e9chets italiens est bien plus grave qu\u2019il ne parait de prime abord. Puisqu\u2019il est imbriqu\u00e9 avec d\u2019autres dossiers, dont l\u2019affaire du conflit d\u2019int\u00e9r\u00eats qui a co\u00fbt\u00e9, il y a quelques mois, la pr\u00e9sidence du gouvernement \u00e0 Elyes Fakhfakh.<\/p>\n<p>D\u2019apr\u00e8s La\u00e2mari, l\u2019actuel ministre de l\u2019environnement n\u2019est autre que le cousin du responsable de la soci\u00e9t\u00e9 Vallis, dont l\u2019ex-chef du gouvernement Fakhfakh poss\u00e9dait des actions. Et ce ministre aurait \u00e9t\u00e9 nomm\u00e9 dans l gouvernement de Mechichi, avec son consentement, pour couvrir les arri\u00e8res de Fakhfakh.<\/p>\n<p>Par ailleurs, ce ministre n\u2019a pas boug\u00e9 le petit doigt dans l\u2019affaire des containers de d\u00e9chets italiens, et s\u2019est content\u00e9 de d\u00e9signer au chef du gouvernement le PDG de l\u2019ANGED comme bouc \u00e9missaire.<\/p>\n<p>Et cette passivit\u00e9 devant les faits est expliqu\u00e9e par La\u00e2mari par le fait que le responsable de la soci\u00e9t\u00e9 des d\u00e9chets a des affaires en commun avec celui de vallis, et que ce dernier aurait demand\u00e9 \u00e0 son cousin, le ministre de fermer l\u2019\u0153il sur le dossier.<\/p>\n<div class=\"swp_social_panel swp_horizontal_panel swp_flat_fresh swp_default_full_color swp_individual_full_color swp_other_full_color scale-100 scale-\" data-min-width=\"1100\" data-float-color=\"#ffffff\" data-float=\"bottom\" data-float-mobile=\"bottom\" data-transition=\"slide\">\n<div class=\"nc_tweetContainer swp_share_button total_shares total_sharesalt\"><span class=\"swp_count\">0 <span class=\"swp_label\">Partages<\/span><\/span><\/div>\n<\/div>\n<p><strong>Que se passe-t-il en Tunisie?<\/strong><br \/>Nous expliquons sur notre <a href=\"https:\/\/www.youtube.com\/channel\/UCRzypVq0B_yBad5eGrwBx0Q?sub_confirmation=1\" target=\"_blank\" rel=\"noopener noreferrer\">cha\u00eene YouTube<\/a> . <a href=\"https:\/\/www.youtube.com\/channel\/UCRzypVq0B_yBad5eGrwBx0Q?sub_confirmation=1\" target=\"_blank\" rel=\"noopener noreferrer\">Abonnez-vous!<\/a><\/p>\n<div class=\"mvp-org-wrap mvp-org-logo\" itemprop=\"publisher\" itemscope=\"\" itemtype=\"https:\/\/schema.org\/Organization\"><img decoding=\"async\" src=\"https:\/\/www.tunisienumerique.com\/wp-content\/uploads\/2017\/02\/logo_tunisie_numerique.png\"\/><\/div>\n<div class=\"mvp-related-posts left relative\">\n<h4 class=\"post-header\"><span class=\"post-header\">Lire aussi<\/span><\/h4>\n<\/div>\n<div id=\"article-ad\"><ins class=\"adsbygoogle c6\" data-ad-client=\"ca-pub-2102118777505746\" data-ad-slot=\"6513972734\" data-ad-format=\"auto\" data-full-width-responsive=\"true\"\/> <\/div>\n<\/div>\n<div id=\"post-sidebar-wrap\"><ins class=\"adsbygoogle c6\" data-ad-client=\"ca-pub-2102118777505746\" data-ad-slot=\"6168283410\" data-ad-format=\"auto\" data-full-width-responsive=\"true\"\/> <\/div>\n<p>Auteur: LM<br \/>\n<a href=\"https:\/\/www.tunisienumerique.com\/tunisie-video-les-dessous-explosifs-de-laffaire-des-dechets-italiens\/\">Cliquez ici pour lire l&rsquo;article depuis sa source.<\/a><\/p>\n","protected":false},"excerpt":{"rendered":"<p>Par LM \u00a0| Il y a 19 secondes \ud83d\udd0a \u00c9coutez l&rsquo;article Le dossier de l\u2019affaire des d\u00e9chets italiens, trait\u00e9s par dizaines de tonnes, de fa\u00e7on ill\u00e9gale, sur le sol tunisien, est en train de connaitre des rebondissements inou\u00efs. Ce dossier, d\u00e9j\u00e0 pas trop banal et \u00e0 potentiel dangereux tr\u00e8s \u00e9lev\u00e9, s\u2019est av\u00e9r\u00e9 \u00eatre en relation [&hellip;]<\/p>\n","protected":false},"author":1789,"featured_media":0,"comment_status":"closed","ping_status":"closed","sticky":false,"template":"","format":"standard","meta":{"fifu_image_url":"","fifu_image_alt":"","footnotes":""},"categories":[73,55],"tags":[],"class_list":["post-105088","post","type-post","status-publish","format-standard","hentry","category-actualite","category-tunisie"],"_links":{"self":[{"href":"https:\/\/linitiative.ca\/International\/wp-json\/wp\/v2\/posts\/105088","targetHints":{"allow":["GET"]}}],"collection":[{"href":"https:\/\/linitiative.ca\/International\/wp-json\/wp\/v2\/posts"}],"about":[{"href":"https:\/\/linitiative.ca\/International\/wp-json\/wp\/v2\/types\/post"}],"author":[{"embeddable":true,"href":"https:\/\/linitiative.ca\/International\/wp-json\/wp\/v2\/users\/1789"}],"replies":[{"embeddable":true,"href":"https:\/\/linitiative.ca\/International\/wp-json\/wp\/v2\/comments?post=105088"}],"version-history":[{"count":0,"href":"https:\/\/linitiative.ca\/International\/wp-json\/wp\/v2\/posts\/105088\/revisions"}],"wp:attachment":[{"href":"https:\/\/linitiative.ca\/International\/wp-json\/wp\/v2\/media?parent=105088"}],"wp:term":[{"taxonomy":"category","embeddable":true,"href":"https:\/\/linitiative.ca\/International\/wp-json\/wp\/v2\/categories?post=105088"},{"taxonomy":"post_tag","embeddable":true,"href":"https:\/\/linitiative.ca\/International\/wp-json\/wp\/v2\/tags?post=105088"}],"curies":[{"name":"wp","href":"https:\/\/api.w.org\/{rel}","templated":true}]}}