{"id":105089,"date":"2020-11-18T14:00:27","date_gmt":"2020-11-18T19:00:27","guid":{"rendered":"https:\/\/linitiative.ca\/International\/retrait-precipite-des-troupes-americaines-dafghanistan\/"},"modified":"2020-11-18T14:00:27","modified_gmt":"2020-11-18T19:00:27","slug":"retrait-precipite-des-troupes-americaines-dafghanistan","status":"publish","type":"post","link":"https:\/\/linitiative.ca\/International\/retrait-precipite-des-troupes-americaines-dafghanistan\/","title":{"rendered":"RETRAIT PRECIPITE DES TROUPES AMERICAINES D\u2019AFGHANISTAN"},"content":{"rendered":"<div class=\"stream-item stream-item-above-post-content\">\n<p><noscript><\/p>\n<p><a href=\"\/\/www3.smartadserver.com\/ac?jump=1&amp;nwid=2136&amp;siteid=240610&amp;pgname=rg&amp;fmtid=49046&amp;visit=m&amp;tmstp=[timestamp]&amp;out=nonrich\" target=\"_blank\" rel=\"noopener noreferrer\"><img decoding=\"async\" src=\"http:\/\/www3.smartadserver.com\/ac?out=nonrich&amp;nwid=2136&amp;siteid=240610&amp;pgname=rg&amp;fmtid=49046&amp;visit=m&amp;tmstp=[timestamp]\" border=\"0\" alt=\"\"\/><\/a><\/p>\n<p><\/noscript><\/div>\n<p class=\"c3\"><em>A quelques semaines de la fin de son mandat et bien qu\u2019il soit toujours dans le d\u00e9ni de sa d\u00e9faite \u00e9lectorale, Donald Trump sonne le retrait des troupes am\u00e9ricaines \u00e0 l\u2019\u00e9tranger, en l\u2019occurrence en Afghanistan, en Irak et en Somalie. Celui qui sera bient\u00f4t le pr\u00e9d\u00e9cesseur de Joe Biden, veut ainsi entrer dans l\u2019Histoire comme le pr\u00e9sident am\u00e9ricain qui aura sorti son pays, \u00ab\u00a0des guerres sans fin\u00a0\u00bb pour reprendre ses propres termes. Il en avait, du reste, fait une promesse de campagne. Si cette annonce de retrait ne surprend donc gu\u00e8re, c\u2019est plut\u00f4t le coup d\u2019acc\u00e9l\u00e9rateur qu\u2019il entend imprimer \u00e0 l\u2019op\u00e9ration, qui suscite \u00e0 la fois interrogations, \u00e9moi et inqui\u00e9tudes.\u00a0 Le retrait que Donald Trump veut anticiper, provoque des grincements de dents au sein m\u00eame de son Administration. Peu avant d\u2019\u00eatre vir\u00e9 par Donald Trump, le Secr\u00e9taire g\u00e9n\u00e9ral \u00e0 la D\u00e9fense, Mark Esper, exprimait ses vives inqui\u00e9tudes sur un retour trop rapide au bercail, des \u00ab\u00a0boys\u00a0\u00bb pr\u00e9sents en Afghanistan.\u00a0\u00a0 D\u00e9but 2021 \u2013 mi 2021 au plus tard\u00a0; c\u2019\u00e9tait le d\u00e9lai que l\u2019Administration Trump s\u2019\u00e9tait fix\u00e9 pour le retrait des troupes US au pays des Talibans, au terme d\u2019un accord conclu avec ces derniers.\u00a0 Mais les \u00e9v\u00e9nements pourraient s\u2019acc\u00e9l\u00e9rer, celui qui \u00ab\u00a0n\u2019entend rien c\u00e9der\u00a0\u00bb apr\u00e8s sa d\u00e9faite face \u00e0 Joe Biden, s\u2019\u00e9tant d\u00e9sormais r\u00e9solu \u00e0 ramener tous les \u00ab\u00a0boys\u00a0\u00bb \u00e0 la maison avant No\u00ebl.\u00a0 Quelque peu press\u00e9 par le temps qu\u2019il lui reste \u00e0 passer \u00e0 la Maison Blanche qu\u2019il devra, bon gr\u00e9 mal gr\u00e9, quitter avant le 20 janvier prochain, Donald Trump veut certainement aller tr\u00e8s vite. \u00a0Quitte \u00e0 se soucier comme d\u2019une guigne, des cons\u00e9quences n\u00e9fastes que pourrait pr\u00e9senter un retrait anticip\u00e9 des troupes am\u00e9ricaines \u00e0 l\u2019\u00e9tranger. Une chose est s\u00fbre\u00a0:\u00a0 la note d\u2019un \u00e9ventuel d\u00e9part anticip\u00e9 des soldats am\u00e9ricains en Afghanistan, en Irak ou en Somalie, risque d\u2019\u00eatre tr\u00e8s sal\u00e9e. Ces d\u00e9parts pourraient, en effet, non seulement accentuer le d\u00e9l\u00e9t\u00e8re climat d\u2019ins\u00e9curit\u00e9 dans ces pays sus-cit\u00e9s, mais aussi co\u00fbter tr\u00e8s cher \u00e0 la paix mondiale.<\/em><\/p>\n<p class=\"c3\"><em>\u00a0<\/em><\/p>\n<p class=\"c4\"><strong><em>Le risque est grand que les organisations terroristes reprennent du poil de la b\u00eate<\/em><\/strong><\/p>\n<p class=\"c4\"><strong><em>\u00a0<\/em><\/strong><\/p>\n<p class=\"c3\"><em>\u00a0On le sait, l\u2019Afghanistan demeure une poudri\u00e8re \u00e0 ciel ouvert\u00a0; la violence y a toujours droit de cit\u00e9. Qu\u2019en resterait-il alors si le gros du contingent venait \u00e0 plier pr\u00e9cipitamment bagages\u00a0?\u00a0 Il faut craindre que la situation s\u00e9curitaire \u00a0dans ce pays, ne soit pire que celle qui a \u00e9t\u00e9 cons\u00e9cutive au retrait des soldats am\u00e9ricains, d\u2019Irak, d\u00e9cid\u00e9 par le pr\u00e9sident Barack Obama en 2011.\u00a0 On s\u2019en souvient, le d\u00e9part des troupes US de Mossoul, (deuxi\u00e8me ville d\u2019Irak), avait provoqu\u00e9 la mont\u00e9e de Daech et d\u2019une nouvelle vague de terrorisme mondiale. Donald Trump a-t-il seulement conscience que l\u2019Histoire pourrait se r\u00e9p\u00e9ter\u00a0? \u00a0Ou continuant \u00e0 ruminer sa d\u00e9faite \u00e9lectorale \u00e0 la Maison Blanche, s\u2019est-il inscrit dans la logique de la terre br\u00fbl\u00e9e\u00a0?\u00a0 Veut-il br\u00fbler le monde avant son d\u00e9part ?\u00a0 \u00a0En tout cas, le risque est grand qu\u2019en Afghanistan, en Irak ou en Somalie, les organisations terroristes reprennent du poil de la b\u00eate en cas de d\u00e9part anticip\u00e9 et mal pr\u00e9par\u00e9 de ces soldats! D\u2019autant que cela devrait faire l\u2019affaire de ces organisations\u00a0; toute chose qui n\u2019est pas sans cr\u00e9er une v\u00e9ritable menace mondiale\u00a0! Notamment en Afrique, dans sa partie sah\u00e9lienne surtout, constamment en proie \u00e0 des attaques terroristes. Bien des pays africains constamment dans l\u2019\u0153il du cyclone terroriste, ont d\u00e9j\u00e0 tr\u00e8s mal v\u00e9cu, la d\u00e9cision du pr\u00e9sident \u00a0Trump de red\u00e9ployer les soldats am\u00e9ricains bas\u00e9s en Afrique, hors du continent, laquelle d\u00e9cision a d\u00e9j\u00e0 entra\u00een\u00e9 une r\u00e9duction de la pr\u00e9sence militaire am\u00e9ricaine engag\u00e9e dans la lutte anti-terroriste.\u00a0 \u00a0Si des territoires du Sahel sont tomb\u00e9s aux mains des groupes terroristes li\u00e9s notamment \u00e0 Al-Qaida au Maghreb islamique, les choses auraient \u00e9t\u00e9 peut-\u00eatre autrement si la pr\u00e9sence militaire am\u00e9ricaine avait \u00e9t\u00e9 plus marqu\u00e9e. Apr\u00e8s avoir plus ou moins tourn\u00e9 le dos \u00e0 l\u2019Afrique, les USA sont en voie d\u2019all\u00e9ger leur dispositif au Moyen-Orient dont certains Etats pourraient devenir une nouvelle p\u00e9pini\u00e8re \u00e0 terroristes form\u00e9s pour mener des actions mal\u00e9fiques partout \u00e0 travers le monde.\u00a0 Ce n\u2019est pas bon signe. Autant dire qu\u2019il faut \u00eatre d\u00e9sormais prudent, quant \u00e0 l\u2019espoir qui pointait \u00e0 l\u2019horizon avec les signes de normalisation en Libye \u00e0 travers la volont\u00e9 annonc\u00e9e de ce pays d\u2019aller enfin aux \u00e9lections en d\u00e9cembre 2021. Les forces du mal qui \u00e9cument la Lybie, pourraient voir leurs actions renforc\u00e9es par des comp\u00e8res autour desquels l\u2019\u00e9tau am\u00e9ricain devrait se desserrer du fait du d\u00e9part des boys.<\/em><\/p>\n<p class=\"c3\"><em>\u00a0<\/em><\/p>\n<p class=\"c4\"><strong><em>CBS<\/em><\/strong><\/p>\n<p class=\"c3\"><em>\u00a0<\/em><\/p>\n<p>Auteur: Le Pays<br \/>\n<a href=\"http:\/\/lepays.bf\/retrait-precipite-des-troupes-americaines-dafghanistan\/\">Cliquez ici pour lire l&rsquo;article depuis sa source.<\/a><\/p>\n","protected":false},"excerpt":{"rendered":"<p>A quelques semaines de la fin de son mandat et bien qu\u2019il soit toujours dans le d\u00e9ni de sa d\u00e9faite \u00e9lectorale, Donald Trump sonne le retrait des troupes am\u00e9ricaines \u00e0 l\u2019\u00e9tranger, en l\u2019occurrence en Afghanistan, en Irak et en Somalie. Celui qui sera bient\u00f4t le pr\u00e9d\u00e9cesseur de Joe Biden, veut ainsi entrer dans l\u2019Histoire comme [&hellip;]<\/p>\n","protected":false},"author":1813,"featured_media":0,"comment_status":"closed","ping_status":"closed","sticky":false,"template":"","format":"standard","meta":{"fifu_image_url":"","fifu_image_alt":"","footnotes":""},"categories":[73,81],"tags":[],"class_list":["post-105089","post","type-post","status-publish","format-standard","hentry","category-actualite","category-burkina-faso"],"_links":{"self":[{"href":"https:\/\/linitiative.ca\/International\/wp-json\/wp\/v2\/posts\/105089","targetHints":{"allow":["GET"]}}],"collection":[{"href":"https:\/\/linitiative.ca\/International\/wp-json\/wp\/v2\/posts"}],"about":[{"href":"https:\/\/linitiative.ca\/International\/wp-json\/wp\/v2\/types\/post"}],"author":[{"embeddable":true,"href":"https:\/\/linitiative.ca\/International\/wp-json\/wp\/v2\/users\/1813"}],"replies":[{"embeddable":true,"href":"https:\/\/linitiative.ca\/International\/wp-json\/wp\/v2\/comments?post=105089"}],"version-history":[{"count":0,"href":"https:\/\/linitiative.ca\/International\/wp-json\/wp\/v2\/posts\/105089\/revisions"}],"wp:attachment":[{"href":"https:\/\/linitiative.ca\/International\/wp-json\/wp\/v2\/media?parent=105089"}],"wp:term":[{"taxonomy":"category","embeddable":true,"href":"https:\/\/linitiative.ca\/International\/wp-json\/wp\/v2\/categories?post=105089"},{"taxonomy":"post_tag","embeddable":true,"href":"https:\/\/linitiative.ca\/International\/wp-json\/wp\/v2\/tags?post=105089"}],"curies":[{"name":"wp","href":"https:\/\/api.w.org\/{rel}","templated":true}]}}