{"id":105091,"date":"2020-11-18T16:35:50","date_gmt":"2020-11-18T21:35:50","guid":{"rendered":"https:\/\/linitiative.ca\/International\/le-burkina-et-la-france-renforcent-leur-cooperation-culturelle\/"},"modified":"2020-11-18T16:35:50","modified_gmt":"2020-11-18T21:35:50","slug":"le-burkina-et-la-france-renforcent-leur-cooperation-culturelle","status":"publish","type":"post","link":"https:\/\/linitiative.ca\/International\/le-burkina-et-la-france-renforcent-leur-cooperation-culturelle\/","title":{"rendered":"Le Burkina et la France renforcent leur coop\u00e9ration culturelle"},"content":{"rendered":"<div class=\"td-post-featured-image\"><a href=\"https:\/\/www.sidwaya.info\/wp-content\/uploads\/2020\/11\/franccinema.jpg\" data-caption=\"\"><img loading=\"lazy\" decoding=\"async\" width=\"696\" height=\"522\" class=\"entry-thumb td-modal-image\" src=\"https:\/\/www.sidwaya.info\/wp-content\/uploads\/2020\/11\/franccinema-696x522.jpg\" srcset=\"https:\/\/www.sidwaya.info\/wp-content\/uploads\/2020\/11\/franccinema-696x522.jpg 696w, https:\/\/www.sidwaya.info\/wp-content\/uploads\/2020\/11\/franccinema-300x225.jpg 300w, https:\/\/www.sidwaya.info\/wp-content\/uploads\/2020\/11\/franccinema-768x576.jpg 768w, https:\/\/www.sidwaya.info\/wp-content\/uploads\/2020\/11\/franccinema-560x420.jpg 560w, https:\/\/www.sidwaya.info\/wp-content\/uploads\/2020\/11\/franccinema-80x60.jpg 80w, https:\/\/www.sidwaya.info\/wp-content\/uploads\/2020\/11\/franccinema-265x198.jpg 265w, https:\/\/www.sidwaya.info\/wp-content\/uploads\/2020\/11\/franccinema.jpg 974w\" sizes=\"auto, (max-width: 696px) 100vw, 696px\" alt=\"\" title=\"franccinema\"\/><\/a><\/div>\n<p><strong>Le minist\u00e8re de la Culture, des Arts et du Tourisme (MCAT), en collaboration avec l\u2019Institut fran\u00e7ais, a ouvert, le mardi 17 novembre 2020 \u00e0 Ouagadougou, les journ\u00e9es cin\u00e9matographiques franco-burkinab\u00e8.<\/strong><\/p>\n<p>C\u00e9l\u00e9brer l\u2019amiti\u00e9 entre le Burkina Faso et la France \u00e0 travers la promotion et la valorisation du cin\u00e9ma. C\u2019est l\u2019objectif que vise le minist\u00e8re de la Culture, des Arts et du Tourisme (MCAT). A cet effet, il a, en partenariat avec l\u2019Institut fran\u00e7ais, ouvert les journ\u00e9es cin\u00e9matographiques franco-burkinab\u00e8, le mardi 17 novembre 2020 \u00e0 Ouagadougou. Du 17 au 27 novembre, les salles de cin\u00e9ma de Koudougou, Bobo-Dioulasso ainsi que celles de la capitale, auront en affiche, des films Burkinab\u00e8 notamment de Gaston Kabor\u00e9, Apolline Traor\u00e9 et Boubacar Diallo. \u00ab Des causeries-d\u00e9bats, des masters class mais aussi des films fran\u00e7ais y seront afin que les jeunes s\u2019int\u00e9ressent au secteur \u00bb, a dit le Directeur g\u00e9n\u00e9ral (DG) du cin\u00e9ma et de l\u2019audiovisuel, Evariste Pooda. Selon lui, c\u2019est la coop\u00e9ration cin\u00e9matographique avec la France qui a permis d\u2019alimenter les t\u00e9l\u00e9visions de nombreux pays africains avant la production des films d\u2019acteurs noirs. L\u2019ambassadeur de la France au Burkina, Luc Hallade, a salu\u00e9 la tenue de cette journ\u00e9e. A l\u2019entendre, l\u2019histoire des peuples fran\u00e7ais et burkinab\u00e8 est intrins\u00e8quement li\u00e9e. \u00ab Les 3700 Fran\u00e7ais enregistr\u00e9s au consulat, ils sont nombreux les Franco-burkinab\u00e8\u00bb, a-t-il confi\u00e9. Quant au ministre en charge de la culture, Abdoul Karim Sango, il a indiqu\u00e9 que ces journ\u00e9es viennent compl\u00e9ter le tableau des activit\u00e9s cin\u00e9matographiques. Et pour les p\u00e9renniser, il a promis la r\u00e9habilitation des salles de cin\u00e9ma et le financement des cr\u00e9ations des films. Pour lui, le cin\u00e9ma peut \u00eatre source d\u2019emplois pour les jeunes. Aussi, le ministre a fait savoir que la vulgarisation de la culture du cin\u00e9ma permettra de mobiliser des ressources pour l\u2019Etat. M. Sango a d\u00e9plor\u00e9 que des c\u00e9r\u00e9monies de ce genre soient rares alors que le Burkina Faso est \u00ab le centre du cin\u00e9ma africain \u00bb. Il a exhort\u00e9 la<br \/>jeunesse \u00e0 faire de ces journ\u00e9es cin\u00e9matographiques une r\u00e9ussite.<\/p>\n<p>Frank POUGBILA<br \/>(Collaborateur)<\/p>\n<div class=\"td-a-rec td-a-rec-id-content_bottom tdi_30_86a td_block_template_1\"><img loading=\"lazy\" decoding=\"async\" class=\"aligncenter size-full wp-image-27454\" src=\"https:\/\/www.sidwaya.info\/wp-content\/uploads\/2020\/10\/PUB-Bandeau-paiement-mobile-siteweb.jpg\" alt=\"\" width=\"728\" height=\"90\"\/><\/div>\n<p>Auteur: BM. Sidwaya<br \/>\n<a href=\"https:\/\/www.sidwaya.info\/blog\/2020\/11\/18\/le-burkina-et-la-france-renforcent-leur-cooperation-culturelle\/\">Cliquez ici pour lire l&rsquo;article depuis sa source.<\/a><\/p>\n","protected":false},"excerpt":{"rendered":"<p>Le minist\u00e8re de la Culture, des Arts et du Tourisme (MCAT), en collaboration avec l\u2019Institut fran\u00e7ais, a ouvert, le mardi 17 novembre 2020 \u00e0 Ouagadougou, les journ\u00e9es cin\u00e9matographiques franco-burkinab\u00e8. C\u00e9l\u00e9brer l\u2019amiti\u00e9 entre le Burkina Faso et la France \u00e0 travers la promotion et la valorisation du cin\u00e9ma. C\u2019est l\u2019objectif que vise le minist\u00e8re de la [&hellip;]<\/p>\n","protected":false},"author":1816,"featured_media":105092,"comment_status":"closed","ping_status":"closed","sticky":false,"template":"","format":"standard","meta":{"fifu_image_url":"","fifu_image_alt":"","footnotes":""},"categories":[73,81],"tags":[],"class_list":["post-105091","post","type-post","status-publish","format-standard","has-post-thumbnail","hentry","category-actualite","category-burkina-faso"],"_links":{"self":[{"href":"https:\/\/linitiative.ca\/International\/wp-json\/wp\/v2\/posts\/105091","targetHints":{"allow":["GET"]}}],"collection":[{"href":"https:\/\/linitiative.ca\/International\/wp-json\/wp\/v2\/posts"}],"about":[{"href":"https:\/\/linitiative.ca\/International\/wp-json\/wp\/v2\/types\/post"}],"author":[{"embeddable":true,"href":"https:\/\/linitiative.ca\/International\/wp-json\/wp\/v2\/users\/1816"}],"replies":[{"embeddable":true,"href":"https:\/\/linitiative.ca\/International\/wp-json\/wp\/v2\/comments?post=105091"}],"version-history":[{"count":0,"href":"https:\/\/linitiative.ca\/International\/wp-json\/wp\/v2\/posts\/105091\/revisions"}],"wp:featuredmedia":[{"embeddable":true,"href":"https:\/\/linitiative.ca\/International\/wp-json\/"}],"wp:attachment":[{"href":"https:\/\/linitiative.ca\/International\/wp-json\/wp\/v2\/media?parent=105091"}],"wp:term":[{"taxonomy":"category","embeddable":true,"href":"https:\/\/linitiative.ca\/International\/wp-json\/wp\/v2\/categories?post=105091"},{"taxonomy":"post_tag","embeddable":true,"href":"https:\/\/linitiative.ca\/International\/wp-json\/wp\/v2\/tags?post=105091"}],"curies":[{"name":"wp","href":"https:\/\/api.w.org\/{rel}","templated":true}]}}