{"id":105093,"date":"2020-11-18T16:38:42","date_gmt":"2020-11-18T21:38:42","guid":{"rendered":"https:\/\/linitiative.ca\/International\/proclamation-des-resultats-le-23-novembre-2020\/"},"modified":"2020-11-18T16:38:42","modified_gmt":"2020-11-18T21:38:42","slug":"proclamation-des-resultats-le-23-novembre-2020","status":"publish","type":"post","link":"https:\/\/linitiative.ca\/International\/proclamation-des-resultats-le-23-novembre-2020\/","title":{"rendered":"Proclamation des r\u00e9sultats le 23 novembre 2020"},"content":{"rendered":"<div class=\"td-post-sharing-top td-post-sharing td-ps-bg td-ps-padding td-ps-bar td-post-sharing-style6\">\n<div class=\"td-post-sharing-visible\"><a class=\"td-social-sharing-button td-social-sharing-button-js td-social-network td-social-facebook\" href=\"https:\/\/www.facebook.com\/sharer.php?u=https%3A%2F%2Fwww.sidwaya.info%2Fblog%2F2020%2F11%2F18%2Fproclamation-des-resultats-le-23-novembre-2020%2F\"\/><\/p>\n<p>Facebook<\/p>\n<p><a class=\"td-social-sharing-button td-social-sharing-button-js td-social-network td-social-twitter\" href=\"https:\/\/twitter.com\/intent\/tweet?text=Proclamation+des+r%C3%A9sultats+le+23+novembre+2020&amp;url=https%3A%2F%2Fwww.sidwaya.info%2Fblog%2F2020%2F11%2F18%2Fproclamation-des-resultats-le-23-novembre-2020%2F&amp;via=Quotidien+Sidwaya\"\/><\/p>\n<p>Twitter<\/p>\n<p><a class=\"td-social-sharing-button td-social-sharing-button-js td-social-network td-social-pinterest\" href=\"https:\/\/pinterest.com\/pin\/create\/button\/?url=https:\/\/www.sidwaya.info\/blog\/2020\/11\/18\/proclamation-des-resultats-le-23-novembre-2020\/&amp;media=&amp;description=Proclamation+des+r%C3%A9sultats+le+23+novembre+2020\"\/><\/p>\n<p>Pinterest<\/p>\n<p><a class=\"td-social-sharing-button td-social-sharing-button-js td-social-network td-social-whatsapp\" href=\"whatsapp:\/\/send?text=Proclamation+des+r%C3%A9sultats+le+23+novembre+2020%20%0A%0A%20https:\/\/www.sidwaya.info\/blog\/2020\/11\/18\/proclamation-des-resultats-le-23-novembre-2020\/\"\/><\/p>\n<p>WhatsApp<\/p>\n<p><a class=\"td-social-sharing-button td-social-sharing-button-js td-social-network td-social-linkedin\" href=\"https:\/\/www.linkedin.com\/shareArticle?mini=true&amp;url=https:\/\/www.sidwaya.info\/blog\/2020\/11\/18\/proclamation-des-resultats-le-23-novembre-2020\/&amp;title=Proclamation+des+r%C3%A9sultats+le+23+novembre+2020\"\/><\/p>\n<p>Linkedin<\/p>\n<p><a class=\"td-social-sharing-button td-social-sharing-button-js td-social-network td-social-mail\" href=\"mailto:?subject=Proclamation%20des%20r%C3%A9sultats%20le%2023%20novembre%202020&amp;body=https:\/\/www.sidwaya.info\/blog\/2020\/11\/18\/proclamation-des-resultats-le-23-novembre-2020\/\"\/><\/p>\n<p>Email<\/p>\n<p><a class=\"td-social-sharing-button td-social-sharing-button-js td-social-network td-social-print\" href=\"#\"\/><\/p>\n<p>Print<\/p>\n<p><a class=\"td-social-sharing-button td-social-sharing-button-js td-social-network td-social-tumblr\" href=\"https:\/\/www.tumblr.com\/share\/link?url=https:\/\/www.sidwaya.info\/blog\/2020\/11\/18\/proclamation-des-resultats-le-23-novembre-2020\/&amp;name=Proclamation%20des%20r%C3%A9sultats%20le%2023%20novembre%202020\"\/><\/p>\n<p>Tumblr<\/p>\n<p><a class=\"td-social-sharing-button td-social-sharing-button-js td-social-network td-social-telegram\" href=\"https:\/\/telegram.me\/share\/url?url=https:\/\/www.sidwaya.info\/blog\/2020\/11\/18\/proclamation-des-resultats-le-23-novembre-2020\/&amp;text=Proclamation+des+r%C3%A9sultats+le+23+novembre+2020\"\/><\/p>\n<p>Telegram<\/p>\n<p><a class=\"td-social-sharing-button td-social-sharing-button-js td-social-network td-social-viber\" href=\"viber:\/\/forward?text=Proclamation+des+r%C3%A9sultats+le+23+novembre+2020%20https:\/\/www.sidwaya.info\/blog\/2020\/11\/18\/proclamation-des-resultats-le-23-novembre-2020\/\"\/><\/p>\n<p>Viber<\/p>\n<p><a class=\"td-social-sharing-button td-social-sharing-button-js td-social-network td-social-naver\" href=\"https:\/\/share.naver.com\/web\/shareView.nhn?url=https:\/\/www.sidwaya.info\/blog\/2020\/11\/18\/proclamation-des-resultats-le-23-novembre-2020\/&amp;title=Proclamation+des+r%C3%A9sultats+le+23+novembre+2020\"\/><\/p>\n<p>Naver<\/p>\n<\/div>\n<\/div>\n<div class=\"td-post-content tagdiv-type\" readability=\"63\">\n<p><strong>Le Chef de file de l\u2019opposition politique burkinab\u00e8 n\u2019est pas favorable \u00e0 la proclamation des r\u00e9sultats de la pr\u00e9sidentielle d\u00e8s le 23 novembre prochain. Pour lui, les responsables en charge du scrutin doivent prendre le temps pour affiner les donn\u00e9es dans la plus grande transparence afin d\u2019\u00e9viter au Burkina une crise post\u00e9lectorale.<\/strong><\/p>\n<p>Suite \u00e0 des informations de la presse relayant des propos des responsables de la Commission \u00e9lectorale nationale ind\u00e9pendante (CENI) sur la possibilit\u00e9 de proclamer d\u00e8s le 23 novembre, des r\u00e9sultats des \u00e9lections coupl\u00e9es du 22 novembre, le Chef de file de l\u2019Opposition a tenu \u00e0 faire part de ses r\u00e9serves au Pr\u00e9sident de la CENI.<br \/>Pour l\u2019Opposition, il est important que toutes les pr\u00e9cautions soient prises pour une confirmation des diff\u00e9rents r\u00e9sultats avant toute proclamation. Or, en tenant compte des d\u00e9lais de d\u00e9pouillement dans les bureaux de vote, des d\u00e9lais de transmission de ces diff\u00e9rents r\u00e9sultats au niveau des centres de compilation, et du travail de v\u00e9rification, de sommation et de confirmation qui doivent s\u2019y d\u00e9rouler, il para\u00eet irr\u00e9aliste d\u2019avoir des r\u00e9sultats fiables et accept\u00e9s par tous pour une proclamation des r\u00e9sultats d\u00e8s le 23 novembre 2020.<br \/>Pour l\u2019Opposition politique, le Burkina n\u2019est pas tenu de battre des records de vitesse en mati\u00e8re de proclamation des r\u00e9sultats. La loi donne des d\u00e9lais qui vont largement au-del\u00e0 du 23 novembre, et qui doivent \u00eatre mis \u00e0 profit pour une confirmation des r\u00e9sultats par l\u2019ensemble des acteurs.<br \/>Vouloir faire autrement, c\u2019est courir le risque de faire des erreurs et de semer les graines d\u2019une crise post\u00e9lectorale.<br \/>Les inqui\u00e9tudes de l\u2019Opposition sont renforc\u00e9es par le fait que cette fois-ci, contrairement aux fois pass\u00e9es, le syst\u00e8me traditionnel de VSAT qui transmet les r\u00e9sultats est d\u00e9faillant et sera remplac\u00e9 par un op\u00e9rateur priv\u00e9.<br \/>Hormis les grands partis qui ont des repr\u00e9sentations locales sur l\u2019ensemble du territoire, la v\u00e9rification et la confirmation par la majorit\u00e9 des partis sur les scores obtenus ici et l\u00e0 peuvent prendre plus d\u2019une journ\u00e9e. A cela s\u2019ajoute le fait que des contestations des r\u00e9sultats des centres de compilation peuvent survenir, entra\u00eenant des v\u00e9rifications suppl\u00e9mentaires avant la confirmation d\u00e9finitive.<br \/>Pour toutes ces raisons, nous devons prendre le temps de bien faire les choses.<br \/>L\u2019Opposition politique burkinab\u00e8 est attach\u00e9e \u00e0 la plus grande transparence de ce scrutin. Comme tous les Burkinab\u00e8, elle souhaite des \u00e9lections apais\u00e9es. Mais elle n\u2019acceptera pas que les r\u00e9sultats du 22 novembre soient trait\u00e9s dans la pr\u00e9cipitation.<br \/>L\u2019Opposition politique esp\u00e8re avoir l\u2019occasion d\u2019exprimer de vive voix ces inqui\u00e9tudes aux responsables de la CENI.<\/p>\n<p>Banfora, le 18 novembre 2020<\/p>\n<p>Le Chef de file<br \/>de l\u2019Opposition<\/p>\n<p>Z\u00e9phirin DIABRE<\/p>\n<div class=\"td-a-rec td-a-rec-id-content_bottom tdi_30_81f td_block_template_1\"><img loading=\"lazy\" decoding=\"async\" class=\"aligncenter size-full wp-image-27454\" src=\"https:\/\/www.sidwaya.info\/wp-content\/uploads\/2020\/10\/PUB-Bandeau-paiement-mobile-siteweb.jpg\" alt=\"\" width=\"728\" height=\"90\"\/><\/div>\n<\/div>\n<footer>\n<div class=\"td-post-sharing-bottom\">\n<p><iframe frameborder=\"0\" src=\"https:\/\/www.facebook.com\/plugins\/like.php?href=https:\/\/www.sidwaya.info\/blog\/2020\/11\/18\/proclamation-des-resultats-le-23-novembre-2020\/&amp;layout=button_count&amp;show_faces=false&amp;width=105&amp;action=like&amp;colorscheme=light&amp;height=21\" class=\"c1\">[embedded content]<\/iframe><\/p>\n<div id=\"td_social_sharing_article_bottom\" class=\"td-post-sharing td-ps-bg td-ps-padding td-post-sharing-style7\">\n<div class=\"td-post-sharing-visible\"><a class=\"td-social-sharing-button td-social-sharing-button-js td-social-network td-social-facebook\" href=\"https:\/\/www.facebook.com\/sharer.php?u=https%3A%2F%2Fwww.sidwaya.info%2Fblog%2F2020%2F11%2F18%2Fproclamation-des-resultats-le-23-novembre-2020%2F\"\/><\/p>\n<p>Facebook<\/p>\n<p><a class=\"td-social-sharing-button td-social-sharing-button-js td-social-network td-social-twitter\" href=\"https:\/\/twitter.com\/intent\/tweet?text=Proclamation+des+r%C3%A9sultats+le+23+novembre+2020&amp;url=https%3A%2F%2Fwww.sidwaya.info%2Fblog%2F2020%2F11%2F18%2Fproclamation-des-resultats-le-23-novembre-2020%2F&amp;via=Quotidien+Sidwaya\"\/><\/p>\n<p>Twitter<\/p>\n<p><a class=\"td-social-sharing-button td-social-sharing-button-js td-social-network td-social-pinterest\" href=\"https:\/\/pinterest.com\/pin\/create\/button\/?url=https:\/\/www.sidwaya.info\/blog\/2020\/11\/18\/proclamation-des-resultats-le-23-novembre-2020\/&amp;media=&amp;description=Proclamation+des+r%C3%A9sultats+le+23+novembre+2020\"\/><\/p>\n<p>Pinterest<\/p>\n<p><a class=\"td-social-sharing-button td-social-sharing-button-js td-social-network td-social-whatsapp\" href=\"whatsapp:\/\/send?text=Proclamation+des+r%C3%A9sultats+le+23+novembre+2020%20%0A%0A%20https:\/\/www.sidwaya.info\/blog\/2020\/11\/18\/proclamation-des-resultats-le-23-novembre-2020\/\"\/><\/p>\n<p>WhatsApp<\/p>\n<p><a class=\"td-social-sharing-button td-social-sharing-button-js td-social-network td-social-linkedin\" href=\"https:\/\/www.linkedin.com\/shareArticle?mini=true&amp;url=https:\/\/www.sidwaya.info\/blog\/2020\/11\/18\/proclamation-des-resultats-le-23-novembre-2020\/&amp;title=Proclamation+des+r%C3%A9sultats+le+23+novembre+2020\"\/><\/p>\n<p>Linkedin<\/p>\n<p><a class=\"td-social-sharing-button td-social-sharing-button-js td-social-network td-social-mail\" href=\"mailto:?subject=Proclamation%20des%20r%C3%A9sultats%20le%2023%20novembre%202020&amp;body=https:\/\/www.sidwaya.info\/blog\/2020\/11\/18\/proclamation-des-resultats-le-23-novembre-2020\/\"\/><\/p>\n<p>Email<\/p>\n<p><a class=\"td-social-sharing-button td-social-sharing-button-js td-social-network td-social-print\" href=\"#\"\/><\/p>\n<p>Print<\/p>\n<p><a class=\"td-social-sharing-button td-social-sharing-button-js td-social-network td-social-tumblr\" href=\"https:\/\/www.tumblr.com\/share\/link?url=https:\/\/www.sidwaya.info\/blog\/2020\/11\/18\/proclamation-des-resultats-le-23-novembre-2020\/&amp;name=Proclamation%20des%20r%C3%A9sultats%20le%2023%20novembre%202020\"\/><\/p>\n<p>Tumblr<\/p>\n<p><a class=\"td-social-sharing-button td-social-sharing-button-js td-social-network td-social-telegram\" href=\"https:\/\/telegram.me\/share\/url?url=https:\/\/www.sidwaya.info\/blog\/2020\/11\/18\/proclamation-des-resultats-le-23-novembre-2020\/&amp;text=Proclamation+des+r%C3%A9sultats+le+23+novembre+2020\"\/><\/p>\n<p>Telegram<\/p>\n<p><a class=\"td-social-sharing-button td-social-sharing-button-js td-social-network td-social-viber\" href=\"viber:\/\/forward?text=Proclamation+des+r%C3%A9sultats+le+23+novembre+2020%20https:\/\/www.sidwaya.info\/blog\/2020\/11\/18\/proclamation-des-resultats-le-23-novembre-2020\/\"\/><\/p>\n<p>Viber<\/p>\n<p><a class=\"td-social-sharing-button td-social-sharing-button-js td-social-network td-social-naver\" href=\"https:\/\/share.naver.com\/web\/shareView.nhn?url=https:\/\/www.sidwaya.info\/blog\/2020\/11\/18\/proclamation-des-resultats-le-23-novembre-2020\/&amp;title=Proclamation+des+r%C3%A9sultats+le+23+novembre+2020\"\/><\/p>\n<p>Naver<\/p>\n<\/div>\n<\/div>\n<\/div>\n<div class=\"td-block-row td-post-next-prev\">\n<div class=\"td-block-span6 td-post-prev-post td-post-next-prev-content\"><span>Article pr\u00e9c\u00e9dent<\/span><a href=\"https:\/\/www.sidwaya.info\/blog\/2020\/11\/18\/le-burkina-et-la-france-renforcent-leur-cooperation-culturelle\/\">Le Burkina et la France renforcent leur coop\u00e9ration culturelle<\/a><\/div>\n<div class=\"td-block-span6 td-post-next-post td-post-next-prev-content\"><span>Article suivant<\/span><a href=\"https:\/\/www.sidwaya.info\/blog\/2020\/11\/18\/roch-promet-loperationnalisation-de-lusine-faso-fani-en-2021\/\">Roch promet l\u2019op\u00e9rationnalisation de l\u2019usine Faso fani en 2021<\/a><\/div>\n<\/div>\n<\/footer>\n<p>Auteur: BM. Sidwaya<br \/>\n<a href=\"https:\/\/www.sidwaya.info\/blog\/2020\/11\/18\/proclamation-des-resultats-le-23-novembre-2020\/\">Cliquez ici pour lire l&rsquo;article depuis sa source.<\/a><\/p>\n","protected":false},"excerpt":{"rendered":"<p>Facebook Twitter Pinterest WhatsApp Linkedin Email Print Tumblr Telegram Viber Naver Le Chef de file de l\u2019opposition politique burkinab\u00e8 n\u2019est pas favorable \u00e0 la proclamation des r\u00e9sultats de la pr\u00e9sidentielle d\u00e8s le 23 novembre prochain. Pour lui, les responsables en charge du scrutin doivent prendre le temps pour affiner les donn\u00e9es dans la plus grande [&hellip;]<\/p>\n","protected":false},"author":1816,"featured_media":105094,"comment_status":"closed","ping_status":"closed","sticky":false,"template":"","format":"standard","meta":{"fifu_image_url":"","fifu_image_alt":"","footnotes":""},"categories":[73,81],"tags":[],"class_list":["post-105093","post","type-post","status-publish","format-standard","has-post-thumbnail","hentry","category-actualite","category-burkina-faso"],"_links":{"self":[{"href":"https:\/\/linitiative.ca\/International\/wp-json\/wp\/v2\/posts\/105093","targetHints":{"allow":["GET"]}}],"collection":[{"href":"https:\/\/linitiative.ca\/International\/wp-json\/wp\/v2\/posts"}],"about":[{"href":"https:\/\/linitiative.ca\/International\/wp-json\/wp\/v2\/types\/post"}],"author":[{"embeddable":true,"href":"https:\/\/linitiative.ca\/International\/wp-json\/wp\/v2\/users\/1816"}],"replies":[{"embeddable":true,"href":"https:\/\/linitiative.ca\/International\/wp-json\/wp\/v2\/comments?post=105093"}],"version-history":[{"count":0,"href":"https:\/\/linitiative.ca\/International\/wp-json\/wp\/v2\/posts\/105093\/revisions"}],"wp:featuredmedia":[{"embeddable":true,"href":"https:\/\/linitiative.ca\/International\/wp-json\/"}],"wp:attachment":[{"href":"https:\/\/linitiative.ca\/International\/wp-json\/wp\/v2\/media?parent=105093"}],"wp:term":[{"taxonomy":"category","embeddable":true,"href":"https:\/\/linitiative.ca\/International\/wp-json\/wp\/v2\/categories?post=105093"},{"taxonomy":"post_tag","embeddable":true,"href":"https:\/\/linitiative.ca\/International\/wp-json\/wp\/v2\/tags?post=105093"}],"curies":[{"name":"wp","href":"https:\/\/api.w.org\/{rel}","templated":true}]}}