{"id":105095,"date":"2020-11-18T16:42:15","date_gmt":"2020-11-18T21:42:15","guid":{"rendered":"https:\/\/linitiative.ca\/International\/roch-promet-loperationnalisation-de-lusine-faso-fani-en-2021\/"},"modified":"2020-11-18T16:42:15","modified_gmt":"2020-11-18T21:42:15","slug":"roch-promet-loperationnalisation-de-lusine-faso-fani-en-2021","status":"publish","type":"post","link":"https:\/\/linitiative.ca\/International\/roch-promet-loperationnalisation-de-lusine-faso-fani-en-2021\/","title":{"rendered":"Roch promet l\u2019op\u00e9rationnalisation  de l\u2019usine Faso fani en 2021"},"content":{"rendered":"<div class=\"td-post-featured-image\"><a href=\"https:\/\/www.sidwaya.info\/wp-content\/uploads\/2020\/11\/Roch2020.jpg\" data-caption=\"\"><img loading=\"lazy\" decoding=\"async\" width=\"696\" height=\"505\" class=\"entry-thumb td-modal-image\" src=\"https:\/\/www.sidwaya.info\/wp-content\/uploads\/2020\/11\/Roch2020-696x505.jpg\" srcset=\"https:\/\/www.sidwaya.info\/wp-content\/uploads\/2020\/11\/Roch2020-696x505.jpg 696w, https:\/\/www.sidwaya.info\/wp-content\/uploads\/2020\/11\/Roch2020-300x218.jpg 300w, https:\/\/www.sidwaya.info\/wp-content\/uploads\/2020\/11\/Roch2020-579x420.jpg 579w, https:\/\/www.sidwaya.info\/wp-content\/uploads\/2020\/11\/Roch2020-324x235.jpg 324w, https:\/\/www.sidwaya.info\/wp-content\/uploads\/2020\/11\/Roch2020.jpg 717w\" sizes=\"auto, (max-width: 696px) 100vw, 696px\" alt=\"\" title=\"Roch2020\"\/><\/a><\/div>\n<p><strong>Le Mouvement du peuple pour le progr\u00e8s a tenu le mercredi 18 novembre 2020 \u00e0 Koudougou, son meeting r\u00e9gional du Centre-Ouest. A l\u2019occasion, le candidat Roch Marc Christian Kabor\u00e9, a demand\u00e9 aux populations de lui faire confiance pour un second mandat.<\/strong><\/p>\n<p>Le pr\u00e9sident sortant, Roch Marc Christian Kabor\u00e9, candidat \u00e0 sa propre succession \u00e0 la pr\u00e9sidentielle du 22 novembre 2020 au Burkina Faso met tout en \u0153uvre pour un second bail. Il rencontr\u00e9 les populations du Centre-Ouest le mercredi 18 novembre 2020, au stade municipal de Koudougou pris d\u2019assaut par la \u00ab vague Orange \u00bb. Le directeur provincial de campagne par ailleurs, t\u00eate de liste du MPP aux l\u00e9gislatives dans<br \/>le Boulkiemd\u00e9, Urbain Yam\u00e9ogo, a salu\u00e9 la mobilisation des militants venus des provinces, du Sangui\u00e9, de la Sissili, du Ziro et bien entendu du Boulkiemd\u00e9 pour \u00ab cette d\u00e9monstration de force \u00bb.<br \/>Pour lui, c\u2019est la preuve que la r\u00e9gion est d\u00e9termin\u00e9e \u00e0 assurer au candidat, Roch Marc Christian Kabor\u00e9, une victoire \u00e9clatante au soir du 22 novembre 2020. A la suite de son intervention, c\u2019est le directeur national de campagne, du MPP, Simon Compaor\u00e9, qui est mont\u00e9 \u00e0 la tribune pour s\u2019adresser aux \u00ab vaillants \u00bb militants, sympathisants et aux populations de la cit\u00e9 du Cavalier rouge. Selon lui, il n\u2019y a plus de doute sur l\u2019issue du scrutin. \u00ab Les Burkinab\u00e8 ont d\u00e9cid\u00e9 de renouveler leur confiance au candidat du MPP pour poursuivre l\u2019\u0153uvre de d\u00e9veloppement entam\u00e9e depuis son \u00e9lection en 2015. Ils l\u2019ont montr\u00e9 \u00e0 travers leur mobilisation dans les r\u00e9gions o\u00f9 nous sommes pass\u00e9s \u00bb, a-t-il d\u00e9clar\u00e9.<br \/>Et d\u2019ajouter que le match est termin\u00e9, la victoire certaine. A l\u2019entame de son propos, le candidat Roch Kabor\u00e9 a fait observer une minute de silence \u00e0 la m\u00e9moire des victimes des attaques terroristes depuis le d\u00e9but de son mandat. Il a ensuite \u00e9num\u00e9r\u00e9 les difficult\u00e9s qui ont entrav\u00e9 l\u2019ex\u00e9cution de programme durant ce premier mandat qui s\u2019ach\u00e8ve. Il a cit\u00e9 notamment les attaques terroristes qui ont frapp\u00e9 le pays au lendemain de son investiture plombant son \u00e9conomie, les gr\u00e8ves et les mouvements d\u2019humeur observ\u00e9s dans les diff\u00e9rents d\u00e9partements minist\u00e9riels aggrav\u00e9s par<br \/>la crise sanitaire du Coronavirus. Malgr\u00e9 tout, a relev\u00e9 Roch Kabor\u00e9, nous avons engrang\u00e9 des r\u00e9sultats dans plusieurs domaines tels que la sant\u00e9 avec la gratuit\u00e9 des soins, l\u2019\u00e9ducation, l\u2019eau potable et le secteur de l\u2019\u00e9nergie \u00e9lectrique.<br \/>Pour son mandat \u00e0 venir, Roch Marc Christian Kabor\u00e9 a promis aux populations du Centre-Ouest, la transformation du Centre hospitalier r\u00e9gional (CHR) en Centre hospitalier universitaire (CHU). S\u2019agissant de l\u2019usine Faso fani dont il a avait pris l\u2019engagement lors de la campagne de 2015 de proc\u00e9der \u00e0 son ouverture, il a indiqu\u00e9 que des difficult\u00e9s sont survenues. \u00ab L\u2019usine sera<br \/>op\u00e9rationnalis\u00e9e au cours du second mandat si je suis \u00e9lu car le gouvernement va reprendre les choses en main\u00bb, a-t-il affirm\u00e9. Revenant sur les propos de certains de ses adversaires qui disent que le bilan du MPP est n\u00e9gatif et lui attribue la note de z\u00e9ro sur vingt, Roch Kabor\u00e9 a dit ceci : \u00abSeul le peuple est habilit\u00e9 \u00e0 donner des notes aux candidats en comp\u00e9tition et le 22 novembre, nous aurons les notes attribu\u00e9es par les Burkinab\u00e8 \u00e0 chaque candidat. On pourra ensuite les commenter \u00bb. Certains, a-t-il poursuivi, se sont lanc\u00e9s dans la course mais aujourd\u2019hui ils ont du mal \u00e0 aller jusqu\u2019au bout. Le repr\u00e9sentant des partis membres de l\u2019Alliance pour la majorit\u00e9 pr\u00e9sidentielle (APMP), Claver Yam\u00e9ogo, a r\u00e9affirm\u00e9 leur soutien \u00e0 Roch Marc Christian Kaabor\u00e9.<br \/>Le candidat-pr\u00e9sident a dit quitter Koudougou avec le sentiment que sa victoire n\u2019est plus qu\u2019une question de date.<\/p>\n<p>Beyon Romain NEBIE<br \/>beynebie@gmail.com<\/p>\n<div class=\"td-a-rec td-a-rec-id-content_bottom tdi_30_475 td_block_template_1\"><img loading=\"lazy\" decoding=\"async\" class=\"aligncenter size-full wp-image-27454\" src=\"https:\/\/www.sidwaya.info\/wp-content\/uploads\/2020\/10\/PUB-Bandeau-paiement-mobile-siteweb.jpg\" alt=\"\" width=\"728\" height=\"90\"\/><\/div>\n<p>Auteur: BM. Sidwaya<br \/>\n<a href=\"https:\/\/www.sidwaya.info\/blog\/2020\/11\/18\/roch-promet-loperationnalisation-de-lusine-faso-fani-en-2021\/\">Cliquez ici pour lire l&rsquo;article depuis sa source.<\/a><\/p>\n","protected":false},"excerpt":{"rendered":"<p>Le Mouvement du peuple pour le progr\u00e8s a tenu le mercredi 18 novembre 2020 \u00e0 Koudougou, son meeting r\u00e9gional du Centre-Ouest. A l\u2019occasion, le candidat Roch Marc Christian Kabor\u00e9, a demand\u00e9 aux populations de lui faire confiance pour un second mandat. Le pr\u00e9sident sortant, Roch Marc Christian Kabor\u00e9, candidat \u00e0 sa propre succession \u00e0 la [&hellip;]<\/p>\n","protected":false},"author":1816,"featured_media":105096,"comment_status":"closed","ping_status":"closed","sticky":false,"template":"","format":"standard","meta":{"fifu_image_url":"","fifu_image_alt":"","footnotes":""},"categories":[73,81],"tags":[],"class_list":["post-105095","post","type-post","status-publish","format-standard","has-post-thumbnail","hentry","category-actualite","category-burkina-faso"],"_links":{"self":[{"href":"https:\/\/linitiative.ca\/International\/wp-json\/wp\/v2\/posts\/105095","targetHints":{"allow":["GET"]}}],"collection":[{"href":"https:\/\/linitiative.ca\/International\/wp-json\/wp\/v2\/posts"}],"about":[{"href":"https:\/\/linitiative.ca\/International\/wp-json\/wp\/v2\/types\/post"}],"author":[{"embeddable":true,"href":"https:\/\/linitiative.ca\/International\/wp-json\/wp\/v2\/users\/1816"}],"replies":[{"embeddable":true,"href":"https:\/\/linitiative.ca\/International\/wp-json\/wp\/v2\/comments?post=105095"}],"version-history":[{"count":0,"href":"https:\/\/linitiative.ca\/International\/wp-json\/wp\/v2\/posts\/105095\/revisions"}],"wp:featuredmedia":[{"embeddable":true,"href":"https:\/\/linitiative.ca\/International\/wp-json\/"}],"wp:attachment":[{"href":"https:\/\/linitiative.ca\/International\/wp-json\/wp\/v2\/media?parent=105095"}],"wp:term":[{"taxonomy":"category","embeddable":true,"href":"https:\/\/linitiative.ca\/International\/wp-json\/wp\/v2\/categories?post=105095"},{"taxonomy":"post_tag","embeddable":true,"href":"https:\/\/linitiative.ca\/International\/wp-json\/wp\/v2\/tags?post=105095"}],"curies":[{"name":"wp","href":"https:\/\/api.w.org\/{rel}","templated":true}]}}