{"id":105100,"date":"2020-11-18T16:18:02","date_gmt":"2020-11-18T21:18:02","guid":{"rendered":"https:\/\/linitiative.ca\/International\/sahara-la-russie-appelle-a-un-apaisement-dans-la-region-del-guergarate\/"},"modified":"2020-11-18T16:18:02","modified_gmt":"2020-11-18T21:18:02","slug":"sahara-la-russie-appelle-a-un-apaisement-dans-la-region-del-guergarate","status":"publish","type":"post","link":"https:\/\/linitiative.ca\/International\/sahara-la-russie-appelle-a-un-apaisement-dans-la-region-del-guergarate\/","title":{"rendered":"Sahara : La Russie appelle \u00e0 un apaisement dans la r\u00e9gion d\u2019El Guergarate"},"content":{"rendered":"<div readability=\"32\">\n<p>Publi\u00e9 le 18.11.2020 \u00e0 22h18 par APA News<\/p>\n<\/div>\n<div readability=\"52\">\n<p>Le ministre marocain des Affaires \u00e9trang\u00e8res, Nasser Bourita, a eu, mercredi, un entretien t\u00e9l\u00e9phonique avec son homologue russe M. Sergue\u00ef Lavrov, annonce-t-on \u00e0 Rabat.Selon un communiqu\u00e9 du minist\u00e8re russe des Affaires Etrang\u00e8res publi\u00e9, \u00e0 l\u2019issue de cet entretien, la Russie appelle toutes les parties concern\u00e9es \u00e0 un apaisement des tensions qui ont surgi ces derniers jours dans la r\u00e9gion d\u2019El Guergarat.<\/p>\n<p>La Russie a r\u00e9it\u00e9r\u00e9 \u00e0 cette occasion sa position en faveur de la r\u00e9solution de la question du Sahara \u00ab \u2018exclusivement par des moyens politiques et diplomatiques et sur la base du droit international en vigueur \u00bb.<\/p>\n<p>Les entretiens entre les deux parties ont port\u00e9 sur plusieurs sujets d\u2019int\u00e9r\u00eat commun, notamment la tenue en d\u00e9cembre \u00e0 Moscou de la 8\u00e8me Commission mixte intergouvernementale pour la coop\u00e9ration \u00e9conomique, scientifique et technique.<\/p>\n<\/div>\n<p>Auteur: APA News<br \/>\n<a href=\"https:\/\/www.journalducameroun.com\/sahara-la-russie-appelle-a-un-apaisement-dans-la-region-del-guergarate\/\">Cliquez ici pour lire l&rsquo;article depuis sa source.<\/a><\/p>\n","protected":false},"excerpt":{"rendered":"<p>Publi\u00e9 le 18.11.2020 \u00e0 22h18 par APA News Le ministre marocain des Affaires \u00e9trang\u00e8res, Nasser Bourita, a eu, mercredi, un entretien t\u00e9l\u00e9phonique avec son homologue russe M. Sergue\u00ef Lavrov, annonce-t-on \u00e0 Rabat.Selon un communiqu\u00e9 du minist\u00e8re russe des Affaires Etrang\u00e8res publi\u00e9, \u00e0 l\u2019issue de cet entretien, la Russie appelle toutes les parties concern\u00e9es \u00e0 un [&hellip;]<\/p>\n","protected":false},"author":1965,"featured_media":0,"comment_status":"closed","ping_status":"closed","sticky":false,"template":"","format":"standard","meta":{"fifu_image_url":"","fifu_image_alt":"","footnotes":""},"categories":[73,82],"tags":[],"class_list":["post-105100","post","type-post","status-publish","format-standard","hentry","category-actualite","category-cameroun"],"_links":{"self":[{"href":"https:\/\/linitiative.ca\/International\/wp-json\/wp\/v2\/posts\/105100","targetHints":{"allow":["GET"]}}],"collection":[{"href":"https:\/\/linitiative.ca\/International\/wp-json\/wp\/v2\/posts"}],"about":[{"href":"https:\/\/linitiative.ca\/International\/wp-json\/wp\/v2\/types\/post"}],"author":[{"embeddable":true,"href":"https:\/\/linitiative.ca\/International\/wp-json\/wp\/v2\/users\/1965"}],"replies":[{"embeddable":true,"href":"https:\/\/linitiative.ca\/International\/wp-json\/wp\/v2\/comments?post=105100"}],"version-history":[{"count":0,"href":"https:\/\/linitiative.ca\/International\/wp-json\/wp\/v2\/posts\/105100\/revisions"}],"wp:attachment":[{"href":"https:\/\/linitiative.ca\/International\/wp-json\/wp\/v2\/media?parent=105100"}],"wp:term":[{"taxonomy":"category","embeddable":true,"href":"https:\/\/linitiative.ca\/International\/wp-json\/wp\/v2\/categories?post=105100"},{"taxonomy":"post_tag","embeddable":true,"href":"https:\/\/linitiative.ca\/International\/wp-json\/wp\/v2\/tags?post=105100"}],"curies":[{"name":"wp","href":"https:\/\/api.w.org\/{rel}","templated":true}]}}