{"id":105101,"date":"2020-11-18T16:18:03","date_gmt":"2020-11-18T21:18:03","guid":{"rendered":"https:\/\/linitiative.ca\/International\/covid-19-maroc-les-essais-cliniques-sur-les-600-volontaires-sont-tres-positifs-ministre\/"},"modified":"2020-11-18T16:18:03","modified_gmt":"2020-11-18T21:18:03","slug":"covid-19-maroc-les-essais-cliniques-sur-les-600-volontaires-sont-tres-positifs-ministre","status":"publish","type":"post","link":"https:\/\/linitiative.ca\/International\/covid-19-maroc-les-essais-cliniques-sur-les-600-volontaires-sont-tres-positifs-ministre\/","title":{"rendered":"Covid-19\/Maroc\u00a0: les essais cliniques sur les 600 volontaires sont \u00ab\u00a0tr\u00e8s positifs\u00a0\u00bb (ministre)"},"content":{"rendered":"<div readability=\"32\">\n<p>Publi\u00e9 le 18.11.2020 \u00e0 22h18 par APA News<\/p>\n<\/div>\n<div readability=\"65\">\n<p>Les r\u00e9sultats des essais cliniques auxquels ont particip\u00e9 600 volontaires marocains se sont av\u00e9r\u00e9s \u00ab\u00a0tr\u00e8s positifs\u00a0\u00bb, ce qui d\u00e9note de la s\u00e9curit\u00e9, de l\u2019efficacit\u00e9 et l\u2019immunit\u00e9 du vaccin anti-Covid19, a r\u00e9v\u00e9l\u00e9 le ministre marocain de la Sant\u00e9, Khalid Ait Taleb.<\/p>\n<p>\u00a0Le ministre, qui intervenait en s\u00e9ance parlementaire, a expliqu\u00e9 que tous les indicateurs affirment que les essais cliniques ont permis d\u2019obtenir des \u00ab r\u00e9sultats positifs, confirmant la s\u00e9curit\u00e9, l\u2019efficacit\u00e9 et l\u2019immunit\u00e9 du vaccin sur lequel le Royaume a mis\u00e9 \u00bb.<\/p>\n<p>La convention-cadre sign\u00e9e pour participer aux essais sur le vaccin ouvre la voie pour le transfert au Maroc d\u2019expertises en la mati\u00e8re surtout que, \u00ab\u00a0pour la premi\u00e8re fois dans l\u2019histoire, sont men\u00e9s des essais cliniques sur un vaccin contre le coronavirus\u00a0\u00bb, a-t-il indiqu\u00e9, notant que ce vaccin sera produit au Maroc dans un futur proche.<\/p>\n<p>Selon le responsable gouvernemental, il sera proc\u00e9d\u00e9 \u00e0 l\u2019organisation de campagnes de communication en vue de sensibiliser les citoyens quant \u00e0 cet \u00e9ventuel vaccin et qu\u2019il s\u2019agit \u00ab\u00a0d\u2019un produit similaire aux vaccins accr\u00e9dit\u00e9s pr\u00e9c\u00e9demment\u00a0\u00bb. Il s\u2019agit d\u2019un vaccin qui r\u00e9pond \u00e0 toutes les conditions de s\u00e9curit\u00e9, puisque les phase I et II ont d\u00e9montr\u00e9 son efficacit\u00e9.<\/p>\n<p>Il a \u00e9galement fait savoir qu\u2019une commission scientifique marocaine de haut niveau accompagne d\u00e8s le d\u00e9but le processus visant \u00e0 d\u00e9velopper le vaccin attendu.<\/p>\n<\/div>\n<p>Auteur: APA News<br \/>\n<a href=\"https:\/\/www.journalducameroun.com\/covid-19-maroc-les-essais-cliniques-sur-les-600-volontaires-sont-tres-positifs-ministre\/\">Cliquez ici pour lire l&rsquo;article depuis sa source.<\/a><\/p>\n","protected":false},"excerpt":{"rendered":"<p>Publi\u00e9 le 18.11.2020 \u00e0 22h18 par APA News Les r\u00e9sultats des essais cliniques auxquels ont particip\u00e9 600 volontaires marocains se sont av\u00e9r\u00e9s \u00ab\u00a0tr\u00e8s positifs\u00a0\u00bb, ce qui d\u00e9note de la s\u00e9curit\u00e9, de l\u2019efficacit\u00e9 et l\u2019immunit\u00e9 du vaccin anti-Covid19, a r\u00e9v\u00e9l\u00e9 le ministre marocain de la Sant\u00e9, Khalid Ait Taleb. \u00a0Le ministre, qui intervenait en s\u00e9ance parlementaire, [&hellip;]<\/p>\n","protected":false},"author":1965,"featured_media":0,"comment_status":"closed","ping_status":"closed","sticky":false,"template":"","format":"standard","meta":{"fifu_image_url":"","fifu_image_alt":"","footnotes":""},"categories":[73,82],"tags":[],"class_list":["post-105101","post","type-post","status-publish","format-standard","hentry","category-actualite","category-cameroun"],"_links":{"self":[{"href":"https:\/\/linitiative.ca\/International\/wp-json\/wp\/v2\/posts\/105101","targetHints":{"allow":["GET"]}}],"collection":[{"href":"https:\/\/linitiative.ca\/International\/wp-json\/wp\/v2\/posts"}],"about":[{"href":"https:\/\/linitiative.ca\/International\/wp-json\/wp\/v2\/types\/post"}],"author":[{"embeddable":true,"href":"https:\/\/linitiative.ca\/International\/wp-json\/wp\/v2\/users\/1965"}],"replies":[{"embeddable":true,"href":"https:\/\/linitiative.ca\/International\/wp-json\/wp\/v2\/comments?post=105101"}],"version-history":[{"count":0,"href":"https:\/\/linitiative.ca\/International\/wp-json\/wp\/v2\/posts\/105101\/revisions"}],"wp:attachment":[{"href":"https:\/\/linitiative.ca\/International\/wp-json\/wp\/v2\/media?parent=105101"}],"wp:term":[{"taxonomy":"category","embeddable":true,"href":"https:\/\/linitiative.ca\/International\/wp-json\/wp\/v2\/categories?post=105101"},{"taxonomy":"post_tag","embeddable":true,"href":"https:\/\/linitiative.ca\/International\/wp-json\/wp\/v2\/tags?post=105101"}],"curies":[{"name":"wp","href":"https:\/\/api.w.org\/{rel}","templated":true}]}}