{"id":105103,"date":"2020-11-18T18:03:43","date_gmt":"2020-11-18T23:03:43","guid":{"rendered":"https:\/\/linitiative.ca\/International\/environ-11-700-voies-et-plus-de-36-000-carrefours-du-district-dabidjan-feront-lobjet-dadressage-des-janvier-2021\/"},"modified":"2020-11-18T18:03:43","modified_gmt":"2020-11-18T23:03:43","slug":"environ-11-700-voies-et-plus-de-36-000-carrefours-du-district-dabidjan-feront-lobjet-dadressage-des-janvier-2021","status":"publish","type":"post","link":"https:\/\/linitiative.ca\/International\/environ-11-700-voies-et-plus-de-36-000-carrefours-du-district-dabidjan-feront-lobjet-dadressage-des-janvier-2021\/","title":{"rendered":"Environ 11 700 voies et plus de 36 000 carrefours du District d\u2019Abidjan feront l\u2019objet d\u2019adressage d\u00e8s janvier 2021"},"content":{"rendered":"<div readability=\"32\">\n<p>Publi\u00e9 le 19.11.2020 \u00e0 00h18 par APA News<\/p>\n<\/div>\n<div readability=\"67\">\n<p>Environ 11 700 voies et plus de 36 000 carrefours du District d\u2019Abidjan feront l\u2019objet d\u2019adressage \u00ab\u00a0courant janvier\u00a0\u00bb 2021, et ce sur trois ans, a annonc\u00e9 mercredi le porte-parole du gouvernement ivoirien, Sidi Tour\u00e9, apr\u00e8s un Conseil des ministres.\u00a0\u00bbEnviron 11 700 voies et plus de 36 000 carrefours (ainsi que les monuments sur les parcours dans le District d\u2019Abidjan) feront l\u2019objet d\u2019adressage\u00a0\u00bb, a dit le porte-parole du gouvernement ivoirien, apr\u00e8s un Conseil des ministres.<\/p>\n<p>Selon le porte-parole du gouvernement ivoirien, cela s\u2019inscrit dans le cadre du Projet d\u2019adressage du District d\u2019Abidjan qui devrait s\u2019\u00e9tendre sur trois ans \u00e0 compter de janvier 2021.<\/p>\n<p>\u00ab\u00a0Courant janvier\u00a0\u00bb 2021, ce projet devrait d\u00e9marrer, a-t-il fait savoir, laissant entrevoir qu\u2019au premier et au second \u00a0semestre, des rues et des espaces publics devraient d\u00e9j\u00e0 porter des marques d\u2019adressage.<\/p>\n<p>\u00ab\u00a0C\u2019est un projet dont le financement est en train d\u2019\u00eatre stabilis\u00e9 pour les besoins du d\u00e9marrage sur les trois prochaines ann\u00e9es\u00a0\u00bb, a-t-il poursuivi.<\/p>\n<p>Il a par ailleurs ajout\u00e9 que \u00ab\u00a0le financement a \u00e9t\u00e9 acquis avec la contribution de l\u2019Etat de C\u00f4te d\u2019Ivoire et des partenaires techniques et financiers\u00a0\u00bb.<\/p>\n<p>Une centrale d\u2019adressage a \u00e9t\u00e9 mise en place au sein du Bureau national d\u2019\u00e9tudes et de d\u00e9veloppement technique (Bnedt) pour l\u2019op\u00e9rationnalisation du projet.\u00a0<\/p>\n<p>Le Conseil des ministres a adopt\u00e9 en avril 2018 les conclusions de l\u2019\u00e9tude de faisabilit\u00e9 du\u00a0Projet d\u2019adressage du District d\u2019Abidjan qui rentre dans une vision de modernisation du pays et de la cartographie administrative. \u00a0<\/p>\n<\/div>\n<p>Auteur: APA News<br \/>\n<a href=\"https:\/\/www.journalducameroun.com\/environ-11-700-voies-et-plus-de-36-000-carrefours-du-district-dabidjan-feront-lobjet-dadressage-des-janvier-2021\/\">Cliquez ici pour lire l&rsquo;article depuis sa source.<\/a><\/p>\n","protected":false},"excerpt":{"rendered":"<p>Publi\u00e9 le 19.11.2020 \u00e0 00h18 par APA News Environ 11 700 voies et plus de 36 000 carrefours du District d\u2019Abidjan feront l\u2019objet d\u2019adressage \u00ab\u00a0courant janvier\u00a0\u00bb 2021, et ce sur trois ans, a annonc\u00e9 mercredi le porte-parole du gouvernement ivoirien, Sidi Tour\u00e9, apr\u00e8s un Conseil des ministres.\u00a0\u00bbEnviron 11 700 voies et plus de 36 000 [&hellip;]<\/p>\n","protected":false},"author":1965,"featured_media":0,"comment_status":"closed","ping_status":"closed","sticky":false,"template":"","format":"standard","meta":{"fifu_image_url":"","fifu_image_alt":"","footnotes":""},"categories":[73,82],"tags":[],"class_list":["post-105103","post","type-post","status-publish","format-standard","hentry","category-actualite","category-cameroun"],"_links":{"self":[{"href":"https:\/\/linitiative.ca\/International\/wp-json\/wp\/v2\/posts\/105103","targetHints":{"allow":["GET"]}}],"collection":[{"href":"https:\/\/linitiative.ca\/International\/wp-json\/wp\/v2\/posts"}],"about":[{"href":"https:\/\/linitiative.ca\/International\/wp-json\/wp\/v2\/types\/post"}],"author":[{"embeddable":true,"href":"https:\/\/linitiative.ca\/International\/wp-json\/wp\/v2\/users\/1965"}],"replies":[{"embeddable":true,"href":"https:\/\/linitiative.ca\/International\/wp-json\/wp\/v2\/comments?post=105103"}],"version-history":[{"count":0,"href":"https:\/\/linitiative.ca\/International\/wp-json\/wp\/v2\/posts\/105103\/revisions"}],"wp:attachment":[{"href":"https:\/\/linitiative.ca\/International\/wp-json\/wp\/v2\/media?parent=105103"}],"wp:term":[{"taxonomy":"category","embeddable":true,"href":"https:\/\/linitiative.ca\/International\/wp-json\/wp\/v2\/categories?post=105103"},{"taxonomy":"post_tag","embeddable":true,"href":"https:\/\/linitiative.ca\/International\/wp-json\/wp\/v2\/tags?post=105103"}],"curies":[{"name":"wp","href":"https:\/\/api.w.org\/{rel}","templated":true}]}}