{"id":105105,"date":"2020-11-18T08:54:12","date_gmt":"2020-11-18T13:54:12","guid":{"rendered":"https:\/\/linitiative.ca\/International\/paul-atanga-nji-interdit-le-mouvement-10-millions-de-nordistes\/"},"modified":"2020-11-18T08:54:12","modified_gmt":"2020-11-18T13:54:12","slug":"paul-atanga-nji-interdit-le-mouvement-10-millions-de-nordistes","status":"publish","type":"post","link":"https:\/\/linitiative.ca\/International\/paul-atanga-nji-interdit-le-mouvement-10-millions-de-nordistes\/","title":{"rendered":"Paul Atanga Nji interdit le mouvement \u00ab 10 millions de nordistes \u00bb"},"content":{"rendered":"<p>L\u2019avenir est d\u00e9sormais incertain pour le \u00ab\u00a0Mouvement 10 millions de Nordistes\u00a0\u00bb lanc\u00e9 au mois de juin dernier par le Directeur de Publication du Journal L\u2019\u0153il du Sahel, Guiba\u00ef Gatama. Dans un communiqu\u00e9 de presse sign\u00e9 ce 18 novembre, Paul Atanga Nji, Ministre de l\u2019Administration territoriale(Minat), appelle le promoteur de ce mouvement \u00e0 mettre un terme \u00e0 ses activit\u00e9s \u00a0qu\u2019il juge \u00ab\u00a0dangereuses\u00a0\u00bb. Faute de quoi, il s\u2019expose \u00e0 la \u00ab\u00a0rigueur de la loi\u00a0\u00bb.<\/p>\n<p>Les motifs de cette interdiction tiennent, selon le Minat de plusieurs faits. Primo, ce mouvement ne disposerait d\u2019aucune existence l\u00e9gale.\u00a0<strong>\u00ab\u00a0L<\/strong>e mouvement \u00ab\u00a0dix millions de nordistes\u00a0\u00bb n\u2019a fait l\u2019objet d\u2019aucune d\u00e9claration\u00a0\u00bb rel\u00e8ve le Minat. Secundo, ses objectifs \u00ab\u00a0vont \u00e0 l\u2019encontre des id\u00e9aux de paix, d\u2019unit\u00e9 et d\u2019int\u00e9gration nationales inscrits dans la constitution et si cher au pr\u00e9sident de la R\u00e9publique, chef de l\u2019Etat, son Excellence Paul Biya\u00a0\u00bb ajoute-t-il.<\/p>\n<p>Pourtant selon son promoteur, cette initiative \u00ab\u00a0apolitique\u00a0\u00bb a \u00e9t\u00e9 lanc\u00e9e pour \u00ab\u00a0promouvoir les int\u00e9r\u00eats du grand nord (Adamaoua, Nord et Extr\u00eame-Nord, ndlr) ceci dans un esprit r\u00e9publicain\u00bb. Pour le Minat, il n\u2019en est rien\u00a0! Et Pour preuve plusieurs ressortissants des trois r\u00e9gions, sus cit\u00e9s l\u2019auraient d\u00e9j\u00e0 saisis pour d\u00e9noncer les \u00abman\u0153uvres obscures\u00a0\u00bb auxquelles ils ne sont de pr\u00e8s ni de loin associ\u00e9s.\u00a0 Selon Paul Atanga Nji ce projet ne vise ni plus ni moins qu\u2019\u00e0 \u00ab\u00a0diviser les camerounais, en les appelant de mani\u00e8re insidieuse et sournoise \u00e0 se dresser les uns contre les autres\u00a0\u00bb. \u00ab\u00a0Les id\u00e9es v\u00e9hicul\u00e9es par ce mouvement sont donc attentatoires \u00e0 l\u2019unit\u00e9 nationale et au vivre ensemble des camerounais\u00a0\u00bb poursuit-il.<\/p>\n<p>En sc\u00e8ne depuis 4 mois, le Mouvement 10 millions de Nordistes\u00a0a d\u00e9j\u00e0 \u00e0 son actif plusieurs requ\u00eates, actes de d\u00e9nonciations et m\u00eame des actions en justice pour prot\u00e9ger les int\u00e9r\u00eats des ressortissants des trois r\u00e9gions septentrionales \u00e0 travers le triangle national. Le plus en vue est sans doute la d\u00e9nonciation du \u00ab\u00a0non-respect, des quotas des r\u00e9gions septentrionales au concours 2020 de l\u2019ENAM\u00a0\u00bb. \u00ab\u00a0Seulement 75 candidats originaires des trois r\u00e9gions septentrionales ont \u00e9t\u00e9 admis \u00e0 ces concours sur les 417 nouvelles recrues ; soit un taux de 17,9%, tr\u00e8s loin des 30% de places affect\u00e9es \u00e0 cette partie du pays par les textes en vigueur organisant les concours d\u2019entr\u00e9e \u00e0 la fonction publique au Cameroun\u00a0\u00bb pouvait-on lire sur le communiqu\u00e9 publi\u00e9 \u00e0 cet effet. Une sortie qui avait par ailleurs appel\u00e9 le ministre de la Fonction Publique \u00e0 donner plus de pr\u00e9cisions sur ce recrutement. Le mouvement port\u00e9 par Guiba\u00ef Gatama se pr\u00e9sente pour de nombreux observateurs comme un groupe de pression\u00a0; lequel selon le Minat a un caract\u00e8re Belliqueux.<\/p>\n<div class=\"awac-wrapper awac widget posts-list-widget-11\">\n<h4 class=\"widget-title\">Le plus r\u00e9cent<\/h4>\n<\/div>\n<p>Auteur: Eco Matin<br \/>\n<a href=\"https:\/\/ecomatin.net\/paul-atanga-nji-interdit-le-mouvement-10-millions-de-nordistes\/\">Cliquez ici pour lire l&rsquo;article depuis sa source.<\/a><\/p>\n","protected":false},"excerpt":{"rendered":"<p>L\u2019avenir est d\u00e9sormais incertain pour le \u00ab\u00a0Mouvement 10 millions de Nordistes\u00a0\u00bb lanc\u00e9 au mois de juin dernier par le Directeur de Publication du Journal L\u2019\u0153il du Sahel, Guiba\u00ef Gatama. Dans un communiqu\u00e9 de presse sign\u00e9 ce 18 novembre, Paul Atanga Nji, Ministre de l\u2019Administration territoriale(Minat), appelle le promoteur de ce mouvement \u00e0 mettre un terme [&hellip;]<\/p>\n","protected":false},"author":1969,"featured_media":0,"comment_status":"closed","ping_status":"closed","sticky":false,"template":"","format":"standard","meta":{"fifu_image_url":"","fifu_image_alt":"","footnotes":""},"categories":[82,78],"tags":[],"class_list":["post-105105","post","type-post","status-publish","format-standard","hentry","category-cameroun","category-economie"],"_links":{"self":[{"href":"https:\/\/linitiative.ca\/International\/wp-json\/wp\/v2\/posts\/105105","targetHints":{"allow":["GET"]}}],"collection":[{"href":"https:\/\/linitiative.ca\/International\/wp-json\/wp\/v2\/posts"}],"about":[{"href":"https:\/\/linitiative.ca\/International\/wp-json\/wp\/v2\/types\/post"}],"author":[{"embeddable":true,"href":"https:\/\/linitiative.ca\/International\/wp-json\/wp\/v2\/users\/1969"}],"replies":[{"embeddable":true,"href":"https:\/\/linitiative.ca\/International\/wp-json\/wp\/v2\/comments?post=105105"}],"version-history":[{"count":0,"href":"https:\/\/linitiative.ca\/International\/wp-json\/wp\/v2\/posts\/105105\/revisions"}],"wp:attachment":[{"href":"https:\/\/linitiative.ca\/International\/wp-json\/wp\/v2\/media?parent=105105"}],"wp:term":[{"taxonomy":"category","embeddable":true,"href":"https:\/\/linitiative.ca\/International\/wp-json\/wp\/v2\/categories?post=105105"},{"taxonomy":"post_tag","embeddable":true,"href":"https:\/\/linitiative.ca\/International\/wp-json\/wp\/v2\/tags?post=105105"}],"curies":[{"name":"wp","href":"https:\/\/api.w.org\/{rel}","templated":true}]}}