{"id":105107,"date":"2020-11-18T10:43:20","date_gmt":"2020-11-18T15:43:20","guid":{"rendered":"https:\/\/linitiative.ca\/International\/a-cause-des-inondations-dans-ses-plantations-la-php-a-perdu-2-milliards-de-fcfa\/"},"modified":"2020-11-18T10:43:20","modified_gmt":"2020-11-18T15:43:20","slug":"a-cause-des-inondations-dans-ses-plantations-la-php-a-perdu-2-milliards-de-fcfa","status":"publish","type":"post","link":"https:\/\/linitiative.ca\/International\/a-cause-des-inondations-dans-ses-plantations-la-php-a-perdu-2-milliards-de-fcfa\/","title":{"rendered":"A cause des inondations dans ses plantations, la PHP a perdu 2 milliards de FCFA"},"content":{"rendered":"<div class=\"featured-area featured-area-inner\">\n<p><img loading=\"lazy\" decoding=\"async\" width=\"688\" height=\"459\" src=\"https:\/\/ecomatin.net\/wp-content\/uploads\/2020\/11\/peril-sur-la-plantation.jpg\" class=\"attachment-full size-full wp-post-image\" alt=\"\" srcset=\"https:\/\/ecomatin.net\/wp-content\/uploads\/2020\/11\/peril-sur-la-plantation.jpg 688w, https:\/\/ecomatin.net\/wp-content\/uploads\/2020\/11\/peril-sur-la-plantation-300x200.jpg 300w\" sizes=\"auto, (max-width: 688px) 100vw, 688px\"\/><\/p>\n<\/div>\n<div class=\"entry-content entry clearfix\" readability=\"38.231270358306\">\n<p>A Dehan\u00e9, village situ\u00e9 dans la r\u00e9gion du Sud Cameroun, d\u00e9partement de l\u2019Oc\u00e9an, 110 hectares de bananeraie appartenant \u00e0 l\u2019entreprise Plantations du Haut Penja (PHP) sont depuis une dizaine de jours couverts par les eaux. Cette situation apprend-on de la filiale camerounaise de la compagnie fruiti\u00e8re de Marseille est la r\u00e9sultante de l\u2019action de fortes pluies enregistr\u00e9es dans le d\u00e9partement de l\u2019Oc\u00e9an depuis plusieurs mois. Lesquelles ont conduit \u00e0 une sortie de leur lit des eaux du fleuve Nyong.<\/p>\n<p>L\u2019entreprise \u00e9value \u00e0 2 milliards de FCFA les d\u00e9g\u00e2ts enregistr\u00e9es \u00e0 ce jour. Notamment, la destruction de la station de conditionnement, de trois groupes \u00e9lectrog\u00e8nes ainsi que d\u2019une station de pompage. Les activit\u00e9s sur place, sont momentan\u00e9ment suspendues.<\/p>\n<p><strong>Lire aussi<\/strong> : <a href=\"https:\/\/ecomatin.net\/les-exportations-de-la-banane-camerounaise-baissent-de-1405-tonnes-en-octobre-2020\/\">Les exportations de la banane camerounaise baisse de 1405 tonnes en octobre 2020\u00a0<\/a><\/p>\n<p>Les plants de bananiers aussi ont subi les affres de l\u2019eau. Plusieurs sont tomb\u00e9s et les plus r\u00e9sistants ne pourront plus produire.\u00a0 Toutes choses qui repr\u00e9sentent une menace pour la production nationale de bananes, les Plantations du Haut Penja \u2013 filiale de la Compagnie fruiti\u00e8re de Marseille form\u00e9e par fusion\/rachat des soci\u00e9t\u00e9s des plantations nouvelles de Penja (SPNP), Soci\u00e9t\u00e9s des bananeraies de la M\u2019Bome (SBM) et de PHP \u2013 \u00a0repr\u00e9sentant \u00e0 elles seules 45% de la production locale avec une capacit\u00e9 annuelle de 120\u00a0000 tonnes \u00a0\u00a0<\/p>\n<p>Avec ses 3000 hectares de terre exploit\u00e9s, la PHP se place en leader des exportations de bananes dans le pays, devant la Cameroon development corporation (CDC), et\u00a0Boh Plantations Limited\u00a0(BPL). Au mois d\u2019octobre 2020, les stocks de bananes export\u00e9es s\u2019\u00e9levaient \u00e0 16\u00a0534 tonnes dont 14\u00a0650 tonnes exp\u00e9di\u00e9es par PHP, 781 tonnes par CDC et 1103 par BPL.<\/p>\n<p><strong>Lire aussi<\/strong> : <a href=\"https:\/\/ecomatin.net\/tag\/la-php-se-mobilise-avec-la-mairie-de-njombe-penja\/\">La PHP se mobilise avec la mairie de Njombe-Penja<\/a><\/p>\n<div class=\"awac-wrapper awac widget posts-list-widget-11\">\n<h4 class=\"widget-title\">Le plus r\u00e9cent<\/h4>\n<\/div>\n<\/div>\n<p>Auteur: Eco Matin<br \/>\n<a href=\"https:\/\/ecomatin.net\/a-cause-des-inondations-dans-ses-plantations-la-php-a-perdu-2-milliards-de-fcfa\/\">Cliquez ici pour lire l&rsquo;article depuis sa source.<\/a><\/p>\n","protected":false},"excerpt":{"rendered":"<p>A Dehan\u00e9, village situ\u00e9 dans la r\u00e9gion du Sud Cameroun, d\u00e9partement de l\u2019Oc\u00e9an, 110 hectares de bananeraie appartenant \u00e0 l\u2019entreprise Plantations du Haut Penja (PHP) sont depuis une dizaine de jours couverts par les eaux. Cette situation apprend-on de la filiale camerounaise de la compagnie fruiti\u00e8re de Marseille est la r\u00e9sultante de l\u2019action de fortes [&hellip;]<\/p>\n","protected":false},"author":1969,"featured_media":105108,"comment_status":"closed","ping_status":"closed","sticky":false,"template":"","format":"standard","meta":{"fifu_image_url":"","fifu_image_alt":"","footnotes":""},"categories":[82,78],"tags":[],"class_list":["post-105107","post","type-post","status-publish","format-standard","has-post-thumbnail","hentry","category-cameroun","category-economie"],"_links":{"self":[{"href":"https:\/\/linitiative.ca\/International\/wp-json\/wp\/v2\/posts\/105107","targetHints":{"allow":["GET"]}}],"collection":[{"href":"https:\/\/linitiative.ca\/International\/wp-json\/wp\/v2\/posts"}],"about":[{"href":"https:\/\/linitiative.ca\/International\/wp-json\/wp\/v2\/types\/post"}],"author":[{"embeddable":true,"href":"https:\/\/linitiative.ca\/International\/wp-json\/wp\/v2\/users\/1969"}],"replies":[{"embeddable":true,"href":"https:\/\/linitiative.ca\/International\/wp-json\/wp\/v2\/comments?post=105107"}],"version-history":[{"count":0,"href":"https:\/\/linitiative.ca\/International\/wp-json\/wp\/v2\/posts\/105107\/revisions"}],"wp:featuredmedia":[{"embeddable":true,"href":"https:\/\/linitiative.ca\/International\/wp-json\/"}],"wp:attachment":[{"href":"https:\/\/linitiative.ca\/International\/wp-json\/wp\/v2\/media?parent=105107"}],"wp:term":[{"taxonomy":"category","embeddable":true,"href":"https:\/\/linitiative.ca\/International\/wp-json\/wp\/v2\/categories?post=105107"},{"taxonomy":"post_tag","embeddable":true,"href":"https:\/\/linitiative.ca\/International\/wp-json\/wp\/v2\/tags?post=105107"}],"curies":[{"name":"wp","href":"https:\/\/api.w.org\/{rel}","templated":true}]}}