{"id":105110,"date":"2020-11-19T06:44:26","date_gmt":"2020-11-19T11:44:26","guid":{"rendered":"https:\/\/linitiative.ca\/International\/la-gamme-diphone-12-debarque-chez-orange\/"},"modified":"2020-11-19T06:44:26","modified_gmt":"2020-11-19T11:44:26","slug":"la-gamme-diphone-12-debarque-chez-orange","status":"publish","type":"post","link":"https:\/\/linitiative.ca\/International\/la-gamme-diphone-12-debarque-chez-orange\/","title":{"rendered":"La gamme d\u2019iPhone 12 d\u00e9barque chez Orange"},"content":{"rendered":"<header>\n<div class=\"entry-post-meta\">\n<div class=\"author-link\">Publi\u00e9 par <a itemprop=\"author\" itemscope=\"\" itemtype=\"https:\/\/schema.org\/Person\" href=\"https:\/\/aujourdhui.ma\/author\/kaid\" rel=\"author\"><span itemprop=\"name\">ALM<\/span><\/a><\/div>\n<p>Date\u00a0:<time content=\"2020-11-19T12:44:26+01:00\" class=\"entry-date updated\" datetime=\"2020-11-19T12:44:26+01:00\">novembre 19, 2020<\/time><\/p>\n<div class=\"entry-cat\">dans:<a href=\"https:\/\/aujourdhui.ma\/category\/high-tech\" rel=\"category tag\">High-Tech<\/a><\/div>\n<p>50Vues<\/p>\n<\/div>\n<\/header>\n<div class=\"entry-content clearfix\" readability=\"48\"><img decoding=\"async\" class=\"post_layout_5_img\" src=\"http:\/\/aujourdhui.ma\/wp-content\/uploads\/2020\/11\/Iphone-12.jpg\" alt=\"La gamme d&#x2019;iPhone 12 d&#xE9;barque chez Orange\"\/><\/p>\n<p><span class=\"c5\"><strong>Elle sera disponible \u00e0 partir du 20 novembre<\/strong><\/span><br \/><span id=\"more-360801\"\/><\/p>\n<p>Fid\u00e8le \u00e0 sa promesse formul\u00e9e avec le #DouzModeOrange, Orange Maroc poursuit son engagement \u00e0 proposer les derni\u00e8res innovations afin de r\u00e9pondre aux attentes de sa client\u00e8le.<\/p>\n<p>Partenaires depuis de nombreuses ann\u00e9es, Orange et Apple viennent de lancer leur campagne concernant la nouvelle gamme d\u2019iPhone 12 au Maroc. Celle-ci sera disponible le 20 novembre prochain.<\/p>\n<p>De plus, Orange indique proposer en boutique un paiement \u00e9chelonn\u00e9 gratuit sur la nouvelle gamme d\u2019iPhone 12. Enfin, Orange souhaite c\u00e9l\u00e9brer l\u2019arriv\u00e9e de cette nouvelle g\u00e9n\u00e9ration d\u2019iPhone en offrant le premier iPhone re\u00e7u \u00e0 l\u2019entrep\u00f4t \u00e0 un heureux client. Pour savoir comment participer, l\u2019op\u00e9rateur invite les clients \u00e0 se rendre sur l\u2019application Orange et moi dans les prochains jours pour en savoir plus sur le jeu concours qui sera mis en place.<\/p>\n<\/div>\n<p>Auteur: ALM<br \/>\n<a href=\"https:\/\/aujourdhui.ma\/high-tech\/la-gamme-diphone-12-debarque-chez-orange\">Cliquez ici pour lire l&rsquo;article depuis sa source.<\/a><\/p>\n","protected":false},"excerpt":{"rendered":"<p>Publi\u00e9 par ALM Date\u00a0:novembre 19, 2020 dans:High-Tech 50Vues Elle sera disponible \u00e0 partir du 20 novembre Fid\u00e8le \u00e0 sa promesse formul\u00e9e avec le #DouzModeOrange, Orange Maroc poursuit son engagement \u00e0 proposer les derni\u00e8res innovations afin de r\u00e9pondre aux attentes de sa client\u00e8le. Partenaires depuis de nombreuses ann\u00e9es, Orange et Apple viennent de lancer leur campagne [&hellip;]<\/p>\n","protected":false},"author":1759,"featured_media":105111,"comment_status":"closed","ping_status":"closed","sticky":false,"template":"","format":"standard","meta":{"fifu_image_url":"","fifu_image_alt":"","footnotes":""},"categories":[73,54],"tags":[],"class_list":["post-105110","post","type-post","status-publish","format-standard","has-post-thumbnail","hentry","category-actualite","category-maroc"],"_links":{"self":[{"href":"https:\/\/linitiative.ca\/International\/wp-json\/wp\/v2\/posts\/105110","targetHints":{"allow":["GET"]}}],"collection":[{"href":"https:\/\/linitiative.ca\/International\/wp-json\/wp\/v2\/posts"}],"about":[{"href":"https:\/\/linitiative.ca\/International\/wp-json\/wp\/v2\/types\/post"}],"author":[{"embeddable":true,"href":"https:\/\/linitiative.ca\/International\/wp-json\/wp\/v2\/users\/1759"}],"replies":[{"embeddable":true,"href":"https:\/\/linitiative.ca\/International\/wp-json\/wp\/v2\/comments?post=105110"}],"version-history":[{"count":0,"href":"https:\/\/linitiative.ca\/International\/wp-json\/wp\/v2\/posts\/105110\/revisions"}],"wp:featuredmedia":[{"embeddable":true,"href":"https:\/\/linitiative.ca\/International\/wp-json\/"}],"wp:attachment":[{"href":"https:\/\/linitiative.ca\/International\/wp-json\/wp\/v2\/media?parent=105110"}],"wp:term":[{"taxonomy":"category","embeddable":true,"href":"https:\/\/linitiative.ca\/International\/wp-json\/wp\/v2\/categories?post=105110"},{"taxonomy":"post_tag","embeddable":true,"href":"https:\/\/linitiative.ca\/International\/wp-json\/wp\/v2\/tags?post=105110"}],"curies":[{"name":"wp","href":"https:\/\/api.w.org\/{rel}","templated":true}]}}