{"id":105123,"date":"2020-11-19T09:54:21","date_gmt":"2020-11-19T14:54:21","guid":{"rendered":"https:\/\/linitiative.ca\/International\/%ef%bb%bfbenabdallah-la-question-feminine-figure-au-coeur-du-combat-democratique\/"},"modified":"2020-11-19T09:54:21","modified_gmt":"2020-11-19T14:54:21","slug":"%ef%bb%bfbenabdallah-la-question-feminine-figure-au-coeur-du-combat-democratique","status":"publish","type":"post","link":"https:\/\/linitiative.ca\/International\/%ef%bb%bfbenabdallah-la-question-feminine-figure-au-coeur-du-combat-democratique\/","title":{"rendered":"\ufeffBenabdallah: \u00abLa question f\u00e9minine figure au c\u0153ur du combat d\u00e9mocratique\u00bb"},"content":{"rendered":"<p class=\"has-text-color has-vivid-red-color c2\"><strong>Rencontre entre le PPS et le Collectif \u00abParit\u00e9 maintenant\u00bb<\/strong><\/p>\n<p class=\"has-text-color c3\"><strong>La question f\u00e9minine n\u2019est pas seulement\u00a0 une affaire d\u2019\u00e9lites, loin s\u2019en faut, elle s\u2019agit d\u2019une cause qui n\u00e9cessit\u00e9 la mobilisation de la soci\u00e9t\u00e9 toute enti\u00e8re, ont soulign\u00e9 les participants \u00e0 la table ronde organis\u00e9e au si\u00e8ge national du Parti du progr\u00e8s et du socialisme (PPS), jeudi 12 novembre, autour du th\u00e8me \u00abLa parit\u00e9 institutionnelle et politique\u00bb,\u00a0 en pr\u00e9sence\u00a0 du Secr\u00e9taire g\u00e9n\u00e9ral du Parti du Livre, Mohamed Nabil Benabdallah, qui a accord\u00e9 une r\u00e9ception \u00e0 des membres du Collectif \u00abParit\u00e9 maintenant\u00bb, repr\u00e9sent\u00e9 lors de cette rencontre par Amina Maelainine, Khadija El Kor, Amina Ghrib, Naima Zitan et Mohammed Ennahili. Le leader du Parti du Livre \u00e9t\u00e9 accompagn\u00e9 d\u2019une d\u00e9l\u00e9gation du Bureau politique du Parti, compos\u00e9e de Charafat Afailal, Touria Skalli et Azouz Senhaji. La mod\u00e9ration a \u00e9t\u00e9 assur\u00e9e par le journaliste Abdelghani Jebbar.<\/strong><\/p>\n<p><strong>Nabil Benabdallah: \u00abla parit\u00e9 est une condition du d\u00e9veloppement\u00bb<\/strong><\/p>\n<p>En ouvrant le d\u00e9bat,\u00a0 Mohamed Nabil Benabdallah a tenu de souligner d\u2019abord le soutien de son parti \u00e0 l\u2019initiative initi\u00e9e par le Collectif \u00ab\u00a0arit\u00e9 maintenant\u00bb,\u00a0 en se positionnant \u00a0en tant que v\u00e9ritable partenaire de la campagne nationale de collecte des signatures pour la p\u00e9tition de la parit\u00e9.\u00a0 D\u2019ailleurs, le soutien du PPS \u00e0 la cause f\u00e9minine \u00a0ne date pas d\u2019aujourd\u2019hui, \u00e9tant donn\u00e9 que le parti du Livre a inscrit depuis toujours\u00a0 la question de la femme\u00a0 sur son agenda et ce conform\u00e9ment \u00e0 ses convictions et loin des effets d\u2019affichage.<\/p>\n<p>Malheureusement, a-t-il relev\u00e9, la question de l\u2019\u00e9mancipation de la femme dans notre soci\u00e9t\u00e9 se pose avec acuit\u00e9. Certes des acquis ont \u00e9t\u00e9 enregistr\u00e9s, mais un long chemin reste \u00e0 parcourir.\u00a0 Sans tomber dans un nihilisme quelconque, l\u2019intervenant en se livrant \u00e0 un diagnostic de la situation de la femme dans notre pays, a indiqu\u00e9 que la pr\u00e9sence de la femme dans la sph\u00e8re\u00a0 politique demeure assez bonne en comparaison avec les ann\u00e9es 60 et 70. Puis, il y avait les d\u00e9buts des ann\u00e9es 2000 o\u00f9 on a enregistr\u00e9 une acc\u00e9l\u00e9ration en mati\u00e8re de l\u2019adoption des lois renfor\u00e7ant le statut de la gent f\u00e9minine. Cependant, a-t-il fait remarquer, depuis l\u2019adoption de la Constitution 2011, et en d\u00e9pit de son caract\u00e8re avanc\u00e9, les choses n\u2019ont pas boug\u00e9 d\u2019un iota. Il faut dire, selon l\u2019intervenant, que les politiques (hommes et femmes) sont responsables de cette situation car leur devoir consiste \u00e0\u00a0 donner sens\u00a0 au texte constitutionnel en\u00a0 \u0153uvrant\u00a0 \u00e0 \u00a0la mise en \u0153uvre de ses dispositions, notamment l\u2019article 19,\u00a0 qui a pr\u00e9vu la\u00a0 cr\u00e9ation d\u2019un m\u00e9canisme consacrant l\u2019\u00e9galit\u00e9 entre l\u2019homme et la femme, en l\u2019occurrence,\u00a0 l\u2019Autorit\u00e9 pour la parit\u00e9 et la lutte contre toutes formes de discrimination. Pour ce faire, il faut des initiatives fortes pour ressusciter la revendication de la parit\u00e9, sinon on risque de revenir \u00e0 la case de d\u00e9part, a-t-il laiss\u00e9 entendre.<\/p>\n<p>Abondant dans le m\u00eame ordre d\u2019id\u00e9es,\u00a0 le dirigeant du PPS a soulev\u00e9 la question de\u00a0 la\u00a0 repr\u00e9sentation politique des femmes, qui suscite un faible int\u00e9r\u00eat de la part des partis politiques, en indiquant que\u00a0 dans un cas optimal, le nombre consacr\u00e9s aux femmes au sein de l\u2019h\u00e9micycle \u00a0ne va pas d\u00e9passer les 90 si\u00e8ges.\u00a0\u00a0 Ainsi, il a appel\u00e9 les associations des femmes \u00e0 sortir de leur \u00e9tat d\u2019apathie et cr\u00e9er une nouvelle dynamique.\u00a0 \u00abLe grand combat, consiste\u00a0 \u00e0 ouvrer pour la concr\u00e9tisation des dispositions de la Constitution\u00bb, a-t-il not\u00e9 en substance. En termes plus clairs, la cause de la femme est li\u00e9e, de mani\u00e8re globale, \u00e0 la question de la d\u00e9mocratisation de notre champ politique ponctu\u00e9 par des valses-h\u00e9sitations.<\/p>\n<p>En inscrivant son analyse\u00a0 aux antipodes de toute approche \u00abdichotomique\u00bb,\u00a0 le Secr\u00e9taire g\u00e9n\u00e9ral du PPS a soulign\u00e9 que le combat de l\u2019\u00e9mancipation et \u00a0du changement\u00a0 devrait \u00eatre men\u00e9 conjointement\u00a0 par les femmes et les hommes. \u00abC\u2019est une question de soci\u00e9t\u00e9 et n\u2019ont pas d\u2019\u00e9lites\u00bb, a-t-il affirm\u00e9.<\/p>\n<p>Le but escompt\u00e9 consiste \u00e0 b\u00e2tir une soci\u00e9t\u00e9 ouverte sur la modernit\u00e9 tout en \u00e9tant attach\u00e9 \u00e0 ses fondements. Comme quoi, \u00abla question de l\u2019\u00e9mancipation de la femme et son avancement\u00a0 est une condition sine qua de d\u00e9veloppement, c\u2019est la ligne de d\u00e9marcation entre une soci\u00e9t\u00e9 traditionnelle et une soci\u00e9t\u00e9 de progr\u00e8s \u00e0 laquelle nous aspirons\u00bb, a-t-il martel\u00e9.<\/p>\n<p>Il faut dire, selon le conf\u00e9rencier, que tout \u00a0changement est tributaire de la contribution de tous les acteurs politiques, cens\u00e9s \u00e0 investir l\u2019espace public en vue lutter contre la d\u00e9valorisation de l\u2019action politique,\u00a0 r\u00e9concilier les citoyens avec l\u2019action politique et impulser, par cons\u00e9quent, \u00a0un souffle d\u00e9mocratique nouveau \u00e0 la vie politique. Le conf\u00e9rencier a ainsi \u00a0mis en garde contre la d\u00e9sertion du d\u00e9bat public par les intellectuels et les voix sages, pr\u00e9f\u00e9rant par peur, recroqueviller \u00a0sur eux-m\u00eames.<\/p>\n<p>Pour le dirigeant du PPS, la question f\u00e9minine figure au c\u0153ur du combat d\u00e9mocratique. Cela dit,\u00a0 le combat de la d\u00e9mocratie et des droits de la femme vont de pairs. De leurs c\u00f4t\u00e9s, les associations de d\u00e9fense des droits des femmes sont invit\u00e9es \u00e0 coordonner davantage leur coordination en apportant un brin de dynamisme \u00e0 leur action,\u00a0 et se positionner en tant que v\u00e9ritables forces de propositions, comme ce fut le cas auparavant, a-t-il plaid\u00e9.<\/p>\n<p>Quant aux partis politiques, ils sont tenus \u00e0 prendre bras \u00a0le corps cette question et ouvrir leurs si\u00e8ges aux d\u00e9bats tout en veillant \u00e0 renforcer les liens de communication avec la population. \u00ab\u00a0La cause f\u00e9minine a besoin des femmes et hommes qui sont pr\u00eats \u00e0 \u00ab mouiller le maillot et qui appelle les choses par leur nom\u00a0\u00bb,\u00a0\u00a0 a-t-il d\u00e9clar\u00e9.<\/p>\n<p><strong>Amina Maelainine: \u00abLutter contre les structures conservatrices\u00bb<\/strong><\/p>\n<p>De son c\u00f4t\u00e9, Amina Maelainine, s\u2019est pench\u00e9e dans son intervention sur les obstacles entravant la cons\u00e9cration de la parit\u00e9. \u00a0La d\u00e9put\u00e9e du Parti de la Justice et du d\u00e9veloppement (PJD) a consid\u00e9r\u00e9 que la bataille de la parit\u00e9 et de l\u2019\u00e9mancipation devrait se focaliser sur le changement des mentalit\u00e9s et des consciences, soulevant dans sens le faible\u00a0 d\u00e9bat autour de ce sujet dans l\u2019espace public. \u00a0Il s\u2019agit, selon elle, d\u2019un d\u00e9bat terne qui demeure \u00a0en d\u00e9ca des attentes. Cela \u00e9tant, \u00a0l\u2019absence de conscientisation de la question de la femme se refl\u00e8te surtout au niveau des directions des partis politiques qui connaissent une faible pr\u00e9sence de la gent f\u00e9minine dans les postes de d\u00e9cisions. Et de souligner que la discrimination \u00e0 l\u2019\u00e9gard de la femme se situe, non seulement au niveau politique, mais s\u2019\u00e9tend \u00e0 d\u2019autres champs : \u00e9conomique, et culturel. Autrement dit, \u00abla culture de la domination est bien ancr\u00e9e dans les mentalit\u00e9s des hommes\u00bb, a-t-elle not\u00e9 en substance. Nonobstant des avanc\u00e9es juridiques qu\u2019a connues le Royaume,\u00a0 la conf\u00e9renci\u00e8re a fait allusion aux h\u00e9sitations de l\u2019Etat et\u00a0 aux limites de la prestation du gouvernement et aussi celle du Parlement pour promouvoir la condition de la femme, \u00a0tout en en mettant aussi l\u2019accent\u00a0 sur l\u2019hiatus\u00a0 entre le droit et la r\u00e9alit\u00e9.<\/p>\n<p>Comme quoi, on ne change pas une soci\u00e9t\u00e9 par d\u00e9cret, a-t-elle laiss\u00e9 entendre.\u00a0 Pour ce faire, il faut imp\u00e9rativement lutter contre les visions p\u00e9joratives et les structures conservatrices ou\u00a0 ce qu\u2019elle a d\u00e9sign\u00e9 par les \u00absources de discrimination \u00bb, en menant un travail en profondeur contre les structures traditionnelles pour d\u00e9construire les structures de domination.\u00a0 \u00ab On ne peut parler d\u2019\u00e9galit\u00e9 sans libert\u00e9 et sans renforcement des droits politiques et civiques, qui repr\u00e9sentent une entr\u00e9e principale pour instaurer la parit\u00e9\u00bb, a-t-elle avanc\u00e9e.<\/p>\n<p>Pour elle, cela n\u00e9cessite une r\u00e9forme venant d\u2019en haut, car l\u2019Etat devrait se positionner en que\u00a0 parrain des grandes r\u00e9formes de modernisation pour faire face aux structures traditionnelles.<\/p>\n<p>Pour la militante du PJD,\u00a0\u00a0 elle est tout-\u00e0-fait regrettable qu\u2019on assiste aujourd\u2019hui \u00e0 une certaine r\u00e9gression des mouvements de femmes. Un tel constat incarne \u00a0\u00abune crise d\u2019intelligence collective\u00bb, a-t-elle poursuivi.<\/p>\n<p>Autres points non moins importants, portent sur la crise des id\u00e9es et d\u2019encadrement dans l\u2019ensemble des instances : partis politiques, collectivit\u00e9s territoriales,\u00a0 m\u00e9dias\u2026. A cela s\u2019ajoute l\u2019\u00e9mergence de la culture de la diffamation dans les r\u00e9seaux sociaux et m\u00e9dias, a-t-elle soulev\u00e9.<\/p>\n<p>Pis encore, certains partis recourent aux femmes \u00e0 la derni\u00e8re minute pour se porter candidat\u00a0 aux \u00e9lections locales ou nationales. \u00ab\u00a0Des femmes qui n\u2019ont derri\u00e8res elles aucune trajectoire militante et ont \u00e9t\u00e9 choisi juste pour le statut social\u00a0\u00bb, a-t-elle soulign\u00e9. Et d\u2019ajouter,\u00a0 \u00ab\u00a0De telles pratiques ne font que consacrer la rente politique et la culture de la soumission et posent\u00a0 la question de leadership des femmes\u00a0\u00bb, tout en appelant les dirigeants des partis politiques \u00e0 \u00a0cesser de s\u2019immiscer dans les affaires des femmes.<\/p>\n<p><strong>Mohammed Ennahili\u00a0: \u00abun probl\u00e8me \u00e9ducationnel\u00bb<\/strong><\/p>\n<p>Quant \u00e0 Mohammed Ennahili, pr\u00e9sident de l\u2019organisation alternative pour les enfants, il a consid\u00e9r\u00e9 que\u00a0 la parit\u00e9 est une question de socialisation sociale par excellence. En termes plus clairs, il s\u2019agit d\u2019un probl\u00e8me \u00e9ducationnel, d\u2019o\u00f9 l\u2019int\u00e9r\u00eat d\u2019agir en aval pour changer les st\u00e9r\u00e9otypes et les perceptions n\u00e9gatives notamment aupr\u00e8s des enfants\u00a0 A cela s\u2019ajoute, la question des politiques publiques devant renforcer le r\u00f4le de la femme dans l\u2019espace public en proc\u00e9dant par une d\u00e9marche participative. Pour lui, il serait anormal que le Maroc adopt\u00e9 la Constitution depuis 10 ans, alors que le Conseil consultatif de la famille et de l\u2019enfance n\u2019a pas vu encore\u00a0 le jour.<\/p>\n<p>L\u2019intervenant s\u2019est ainsi interrog\u00e9 sur l\u2019\u00e9laboration\u00a0 des lois sans aucune d\u00e9marche participative,\u00a0 rappelant dans ce sens certaines positions des partis politiques qui ont affich\u00e9 une attitude conservatrice lors de l\u2019adoption de la loi relative au travail domestique, en rejetant cat\u00e9goriquement l\u2019id\u00e9e de fixer\u00a0\u00a0 l\u2019\u00e2ge minimum \u00e0 18 ans. Pour Mohammed Ennahili, la faiblesse\u00a0 de repr\u00e9sentation f\u00e9minine concerne \u00e9galement les syndicats qui devraient s\u2019ing\u00e9nier \u00e0 renforcer la pr\u00e9sence des femmes de leurs structures,\u00a0 tout\u00a0 en d\u00e9plorant que\u00a0 le \u00a0projet de loi \u00a0portant sur les\u00a0 syndicats n\u2019a pas renforc\u00e9 le m\u00e9canisme la promotion de la femme. \u00a0Abordant dans le m\u00eame ordre d\u2019ides, il a appel\u00e9 les syndicats et partis politiques \u00e0 \u00a0se d\u00e9partir de la logique patriarcale\u00a0 en op\u00e9rant des changements profonds dans leurs structures internes. Le militant syndical\u00a0 a appel\u00e9 les partis et syndicats\u00a0 \u00e0\u00a0 donner aux femmes une place de choix pour occuper des postes de d\u00e9cisions\u2026 Idem pour Le l\u00e9gislateur qui \u00a0doit \u00e9galement renforcer la place des femmes en imposant aux partis et syndicats, via la r\u00e8gle de droit, un quota important dans les postes d\u00e9cisionnels.<\/p>\n<p><strong>Khadija El Kor: \u00abParit\u00e9 et pluralisme politique vont de pair\u00bb<\/strong><\/p>\n<p>Par ailleurs, \u00a0Khadija El Kor,\u00a0 s\u2019est attel\u00e9e dans son intervention sur les facteurs de blocages de la repr\u00e9sentation politique des femmes au Maroc, en affirmant que la question de la parit\u00e9 ne doit pas \u00eatre dissoci\u00e9e de la question du pluralisme politique. Pour elle, les r\u00e9alisations en mati\u00e8re des droits de femmes, n\u2019est que le cumul d\u2019un long parcours de combat des femmes et hommes qui ont cru \u00e0 la n\u00e9cessit\u00e9 de la d\u00e9mocratie. Cependant, a-t-elle ajout\u00e9e, la parit\u00e9 n\u2019est pas seulement une question de lois, elle rel\u00e8ve plut\u00f4t\u00a0 d\u2019un \u00e9tat d\u2019esprit, notant\u00a0 dans ce sens que l\u2019alliance \u00ab\u00a0Parit\u00e9 maintenant\u00a0\u00bb, a une port\u00e9 symbolique qui ambitionne \u00e0 secouer les\u00a0 mentalit\u00e9s.<\/p>\n<p>En fait, l\u2019initiative \u00ab\u00a0Parit\u00e9 maintenant\u00a0\u00bb, qui scrute l\u2019horizon 2030, s\u2019est assign\u00e9e comme finalit\u00e9, l\u2019instauration d\u2019une campagne \u00a0nationale de collecte des signatures de la p\u00e9tition nationale pour la r\u00e9alisation d\u2019une parit\u00e9 constitutionnelle, a-t-elle expliqu\u00e9 avant de souligner que le retard enregistr\u00e9 en mati\u00e8re de ce chantier est synonyme de la faiblesse des partis politique et le tr\u00e9buchement du processus de la transition d\u00e9mocratique, marqu\u00e9 par ce qu\u2019elle a d\u00e9sign\u00e9 \u00ab\u00a0la dictature des technocrates\u00bb.<\/p>\n<p>Selon l\u2019intervenante, la faible pr\u00e9sence des femmes dans les postes de d\u00e9cisions au sein des partis politiques rel\u00e8ve de plusieurs facteurs, \u00e0 savoir, la persistance de la culture de n\u00e9potisme et du client\u00e9lisme et la forte pr\u00e9sence des hommes d\u2019affaires dans les partis, devenu un ph\u00e9nom\u00e8ne structurelle.\u00a0 D\u2019ailleurs, c\u2019est ces derniers qui fixent les r\u00e8gles du jeu au sein des partis surtout en mati\u00e8re de choix des comp\u00e9tences.\u00a0 A cela s\u2019ajoute la culture de la soumission, la d\u00e9valorisation des structures politique et l\u2019action publique, soit autant d\u2019indicateurs qui t\u00e9moignent d\u2019une r\u00e9gression d\u00e9mocratique, a-t-elle not\u00e9. Grosso mode, l\u2019initiative de la \u00abParit\u00e9 maintenant\u00bb, qui contient un cahier blanc contenant l\u2019ensemble des amendements devant \u00eatre apport\u00e9s aux textes de lois, appelle les l\u00e9gislateurs \u00e0 l\u2019\u00e9laboration d\u2019une loi-cadre sur la parit\u00e9, qui serait consid\u00e9r\u00e9e comme un r\u00e9f\u00e9rentiel incontournable dans la fabrication des politiques publiques, a-t-elle d\u00e9clar\u00e9 avec insistance. Ainsi, la signature de la p\u00e9tition qui est un droit constitutionnel serait un moment d\u2019apprentissage d\u00e9mocratique et une mani\u00e8re de redonner confiance \u00e0 l\u2019action politique, a-t-elle conclu.<\/p>\n<p class=\"c4\"><strong>Khalid Darfaf<\/strong><\/p>\n<p class=\"has-text-color has-vivid-red-color c2\"><strong>***<\/strong><\/p>\n<p class=\"has-text-color has-vivid-red-color c2\"><strong>Plaidoyer pour une loi-cadre pour la mise en \u0153uvre de la parit\u00e9<\/strong><\/p>\n<p class=\"has-text-color has-background has-very-dark-gray-color has-pale-cyan-blue-background-color\">Le collectif \u00ab\u00a0Parit\u00e9 maintenant\u00a0\u00bb a appel\u00e9, dans un document r\u00e9f\u00e9rentiel de plaidoyer, \u00e0 la mise en place d\u2019une loi-cadre pour la mise en \u0153uvre de la parit\u00e9 entre hommes et femmes et ce, en application de l\u2019article 19 de la Constitution.<br \/>Ce document, pr\u00e9sent\u00e9 r\u00e9cemment, propose la mise en place d\u2019une loi-cadre autour de l\u2019\u00e9galit\u00e9 hommes-femmes visant \u00e0 faire de la parit\u00e9 annonc\u00e9e dans un certain nombre de programmes, discours et \u00e9v\u00e9nements, une r\u00e9alit\u00e9 encadr\u00e9e par une loi sp\u00e9cifique reposant sur une approche int\u00e9gr\u00e9e des droits des femmes et qui doit \u00eatre mise en \u0153uvre par tous les organismes publics et priv\u00e9s, l\u2019\u00c9tat, les collectivit\u00e9s territoriales, les institutions publiques nationales et locales et les entreprises, conform\u00e9ment \u00e0 ce qui est stipul\u00e9 dans le premier paragraphe du chapitre 19 de la Constitution.<br \/>Cette loi vise, \u00e9galement, \u00e0 instaurer le passage d\u2019un raisonnement de discrimination positive, qui constitue la logique actuelle pr\u00e9valente pour la repr\u00e9sentativit\u00e9 des femmes dans les instances de prise de d\u00e9cision, vers un raisonnement qui agit pour l\u2019effectivit\u00e9 de la parit\u00e9 entre les femmes et les hommes, ainsi qu\u2019\u00e9tablir des principes, des directives et des objectifs qui garantissent l\u2019harmonie du cadre juridique r\u00e9gissant les droits des femmes et permettant la mise en \u0153uvre optimale des textes l\u00e9gislatifs et r\u00e9glementaires n\u00e9cessaires pour la r\u00e9alisation de ces objectifs et orientations.<br \/>Parmi les objectifs de cette loi-cadre, selon le document r\u00e9f\u00e9rentiel, figurent aussi le d\u00e9veloppement d\u2019une vision unifi\u00e9e et commune sur la question des droits des femmes et de la parit\u00e9, qui pr\u00e9vale dans tous les domaines, tel que stipul\u00e9 par l\u2019article 19, alin\u00e9a 1 de la Constitution, afin de d\u00e9passer les ambigu\u00eft\u00e9s et la confusion qui ont marqu\u00e9 un certain nombre de textes l\u00e9gislatifs relatifs \u00e0 divers aspects des droits des femmes.<br \/>Elle tend, aussi, \u00e0 parvenir \u00e0 une parit\u00e9 dans toutes ses dimensions professionnelles, sociales, culturelles et \u00e9conomiques, repr\u00e9sentative, territoriale et sportive, afin de combattre la vuln\u00e9rabilit\u00e9 des femmes et lutter contre la violence dont elles sont victimes et \u00e0 g\u00e9n\u00e9raliser la parit\u00e9 dans toutes les instances publiques au niveau de l\u2019\u00c9tat et des collectivit\u00e9s territoriales.<br \/>Cette initiative constitue le fruit d\u2019un effort participatif et de discussions approfondies entre plusieurs associations des droits de l\u2019Homme, du d\u00e9veloppement durable et des femmes, avec la contribution de partis politiques, de syndicats et d\u2019institutions nationales, en vue de pr\u00e9parer un cadre de r\u00e9f\u00e9rence global pouvant servir de base \u00e0 l\u2019\u00e9laboration d\u2019une loi-cadre pour la mise en \u0153uvre de la parit\u00e9 entre les hommes et les femmes au Maroc, dans le cadre de la p\u00e9tition nationale pour la r\u00e9alisation de la parit\u00e9 constitutionnelle \u00e0 l\u2019horizon 2030, adress\u00e9e \u00e0 l\u2019attention du pr\u00e9sident de la Chambre des repr\u00e9sentants.<\/p>\n<p>Auteur: M&rsquo;hammed rahal<br \/>\n<a href=\"http:\/\/albayane.press.ma\/%EF%BB%BFbenabdallah-la-question-feminine-figure-au-coeur-du-combat-democratique.html\">Cliquez ici pour lire l&rsquo;article depuis sa source.<\/a><\/p>\n","protected":false},"excerpt":{"rendered":"<p>Rencontre entre le PPS et le Collectif \u00abParit\u00e9 maintenant\u00bb La question f\u00e9minine n\u2019est pas seulement\u00a0 une affaire d\u2019\u00e9lites, loin s\u2019en faut, elle s\u2019agit d\u2019une cause qui n\u00e9cessit\u00e9 la mobilisation de la soci\u00e9t\u00e9 toute enti\u00e8re, ont soulign\u00e9 les participants \u00e0 la table ronde organis\u00e9e au si\u00e8ge national du Parti du progr\u00e8s et du socialisme (PPS), jeudi [&hellip;]<\/p>\n","protected":false},"author":1760,"featured_media":0,"comment_status":"closed","ping_status":"closed","sticky":false,"template":"","format":"standard","meta":{"fifu_image_url":"","fifu_image_alt":"","footnotes":""},"categories":[73,54],"tags":[],"class_list":["post-105123","post","type-post","status-publish","format-standard","hentry","category-actualite","category-maroc"],"_links":{"self":[{"href":"https:\/\/linitiative.ca\/International\/wp-json\/wp\/v2\/posts\/105123","targetHints":{"allow":["GET"]}}],"collection":[{"href":"https:\/\/linitiative.ca\/International\/wp-json\/wp\/v2\/posts"}],"about":[{"href":"https:\/\/linitiative.ca\/International\/wp-json\/wp\/v2\/types\/post"}],"author":[{"embeddable":true,"href":"https:\/\/linitiative.ca\/International\/wp-json\/wp\/v2\/users\/1760"}],"replies":[{"embeddable":true,"href":"https:\/\/linitiative.ca\/International\/wp-json\/wp\/v2\/comments?post=105123"}],"version-history":[{"count":0,"href":"https:\/\/linitiative.ca\/International\/wp-json\/wp\/v2\/posts\/105123\/revisions"}],"wp:attachment":[{"href":"https:\/\/linitiative.ca\/International\/wp-json\/wp\/v2\/media?parent=105123"}],"wp:term":[{"taxonomy":"category","embeddable":true,"href":"https:\/\/linitiative.ca\/International\/wp-json\/wp\/v2\/categories?post=105123"},{"taxonomy":"post_tag","embeddable":true,"href":"https:\/\/linitiative.ca\/International\/wp-json\/wp\/v2\/tags?post=105123"}],"curies":[{"name":"wp","href":"https:\/\/api.w.org\/{rel}","templated":true}]}}