{"id":105125,"date":"2020-11-19T06:19:17","date_gmt":"2020-11-19T11:19:17","guid":{"rendered":"https:\/\/linitiative.ca\/International\/changements-climatiques-la-tunisie-peut-elle-sengager-sur-le-developpement-propre-durable-et-resilient-a-lhorizon-de-2050\/"},"modified":"2020-11-19T06:19:17","modified_gmt":"2020-11-19T11:19:17","slug":"changements-climatiques-la-tunisie-peut-elle-sengager-sur-le-developpement-propre-durable-et-resilient-a-lhorizon-de-2050","status":"publish","type":"post","link":"https:\/\/linitiative.ca\/International\/changements-climatiques-la-tunisie-peut-elle-sengager-sur-le-developpement-propre-durable-et-resilient-a-lhorizon-de-2050\/","title":{"rendered":"Changements climatiques : la Tunisie peut-elle s\u2019engager sur le d\u00e9veloppement propre, durable et r\u00e9silient \u00e0 l\u2019horizon de 2050 ?"},"content":{"rendered":"<div class=\"td-post-content\">\n<h2>Le r\u00e9chauffement plan\u00e9taire est d\u00fb \u00e0 une augmentation sans \u00e9quivoque, des \u00e9missions de gaz<\/h2>\n<h2>\u00e0 effet de serre dans l\u2019atmosph\u00e8re. C\u2019est une r\u00e9alit\u00e9! Ses effets se font sentir aujourd\u2019hui<\/h2>\n<h2>. D\u2019ailleurs, les experts du Groupe intergouvernemental sur l\u2019\u00e9volution du climat reconnaissent<\/h2>\n<h2>la responsabilit\u00e9 de l\u2019homme. Et ce, dans le r\u00e9chauffement plan\u00e9taire et les changements<\/h2>\n<h2>climatiques. C\u2019est ce que confirme le GIEC, dans son 5\u00e8me rapport d\u2019\u00e9valuation (2015); avec<\/h2>\n<h2>un niveau de certitude sup\u00e9rieur \u00e0 95%. Ainsi, il reconfirmait plus r\u00e9cemment, dans son<\/h2>\n<h2>rapport sp\u00e9cial, de limiter ce r\u00e9chauffement \u00e0 1,5\u00b0C par rapport \u00e0 l\u2019\u00e8re pr\u00e9industrielle (2018).<\/h2>\n<p>Depuis la r\u00e9volution industrielle, le mod\u00e8le de d\u00e9veloppement \u00e9conomique et le progr\u00e8s technique qui l\u2019ont soutenue se sont bas\u00e9s sur l\u2019utilisation de combustibles fossiles; notamment pour produire de l\u2019\u00e9nergie. Combin\u00e9 avec une globalisation rapide de l\u2019\u00e9conomie depuis la fin du XX\u00e8me si\u00e8cle, ce d\u00e9veloppement a engendr\u00e9 une expansion d\u00e9mographique et urbaine. La demande des produits et modes de consommation non durables est toujours plus forte. Ce qui a provoqu\u00e9 une augmentation exponentielle des \u00e9missions mondiales des gaz \u00e0 effet de serre. Et les changements climatiques ne sont pas en reste.<\/p>\n<h2>Pression sur les ressources naturelles et l\u2019environnement<\/h2>\n<p>En outre, ce mode de d\u00e9veloppement exerce une pression sans pr\u00e9c\u00e9dent sur les ressources naturelles et l\u2019environnement. Ce qui contribue \u00e0 une perte significative de la biodiversit\u00e9 et du patrimoine naturel commun \u00e0 tous les pays. Au point de devoir craindre que cette crise de l\u2019Anthropoc\u00e8ne provoque le sixi\u00e8me cycle d\u2019extinction de la vie biologique sur Terre.<\/p>\n<p>En effet, l\u2019empreinte carbone et \u00e9cologique de ce mod\u00e8le de d\u00e9veloppement impacte d\u00e9j\u00e0 de mani\u00e8re significative les \u00e9conomies des pays en d\u00e9veloppement. Et notamment ceux consid\u00e9r\u00e9s les plus vuln\u00e9rables aux impacts n\u00e9gatifs des changements climatiques; \u00e0 l\u2019instar de la Tunisie.<\/p>\n<p>Alors, force est de constater aujourd\u2019hui une multiplication d\u2019\u00e9v\u00e9nements climatiques extr\u00eames. Il s\u2019agit notamment: des inondations; de la s\u00e9cheresse; de l\u2019acc\u00e9l\u00e9ration de la d\u00e9sertification; des ouragans, des tsunamis, etc. Car l\u2019augmentation continue de leur fr\u00e9quence et de leur intensit\u00e9 peut \u00eatre directement imput\u00e9e au d\u00e9r\u00e8glement du syst\u00e8me climatique mondial; ainsi qu\u2019au r\u00e9chauffement av\u00e9r\u00e9 de la plan\u00e8te.<\/p>\n<p>Par ailleurs, les changements climatiques entra\u00eenent de terribles cons\u00e9quences sur le plan social. Elles vont d\u2019abord concerner les plus pauvres et d\u00e9munis. Puisqu\u2019ils d\u00e9pendent des ressources naturelles pour subvenir \u00e0 leurs besoins essentiels. Cela entra\u00eenera aussi un exode rural massif vers des zones urbaines. Il provoquera des migrations dans des conditions souvent ill\u00e9gales. Vers des zones ou pays subissant moins fortement les impacts des changements climatiques.<\/p>\n<h2>Un enjeu global<\/h2>\n<p>Dans ce contexte, la lutte contre les changements climatiques doit \u00eatre la pr\u00e9occupation commune de l\u2019humanit\u00e9. Effectivement, elle constitue un enjeu global auquel il est imp\u00e9ratif de r\u00e9pondre. Pour pr\u00e9server le capital naturel, soutenir un nouveau d\u00e9veloppement socio-\u00e9conomique respectueux du climat et de la plan\u00e8te. L\u2019objectif \u00e9tant d\u2019assurer de mani\u00e8re \u00e9quitable le bien-\u00eatre de tous et la paix dans le monde. Et ce, dans le respect des droits des g\u00e9n\u00e9rations futures \u00e0 b\u00e9n\u00e9ficier d\u2019un environnement sain et durable.<\/p>\n<p>A ce propos, l\u2019Accord de Paris sur le climat a \u00e9t\u00e9 adopt\u00e9 \u00e0 Paris le 12 d\u00e9cembre 2015. Et ce, lors de la\u00a0<a href=\"http:\/\/www.leconomistemaghrebin.com\/2015\/12\/09\/cop21-les-pays-du-sud-exigent-une-hausse-substantielle-de-laide-financiere\/\" target=\"_blank\" rel=\"noopener noreferrer\">COP 21<\/a>\u00a0de la Convention Cadre des Nations Unies sur les Changements climatiques (CCNUCC). L\u2019objectif consiste \u00e0 intensifier la r\u00e9ponse mondiale. Et ce, face aux changements climatiques et \u00e0 leurs effets. En contenant l\u2019\u00e9l\u00e9vation de la temp\u00e9rature de la plan\u00e8te nettement au dessous de 2\u00b0C par rapport aux niveaux pr\u00e9industriels. Tout en poursuivant l\u2019effort pour parvenir \u00e0 limiter cette hausse \u00e0 1,5\u00b0C.<\/p>\n<p>De plus, l\u2019Accord de Paris pr\u00e9voit d\u2019atteindre une neutralit\u00e9 carbone. Mais aussi un \u00e9quilibre entre les \u00e9missions anthropiques et les absorptions de gaz \u00e0 effet de serre par des puits de carbone. Et ce, au niveau mondial, durant la seconde moiti\u00e9 de ce si\u00e8cle.<\/p>\n<h2>La Tunisie pr\u00e9pare sa strat\u00e9gie<\/h2>\n<p>Alors, la Tunisie s\u2019est engag\u00e9e avec la communaut\u00e9 internationale pour relever le d\u00e9fi de riposte mondiale face aux changements climatiques et \u00e0 leurs effets. Elle ratifiait donc l\u2019Accord de Paris par la loi organique N\u00b02016-72 du 31 octobre 2016.<\/p>\n<p>Compte tenu de sa grande vuln\u00e9rabilit\u00e9 aux impacts croissants des changements climatiques, la Tunisie entend contribuer de mani\u00e8re forte et efficace \u00e0 la mise en \u0153uvre de cet accord qui est effective depuis 2020.<\/p>\n<p>Et comme le pr\u00e9voit l\u2019Accord de Paris, cet engagement n\u00e9cessite de tracer une nouvelle trajectoire de d\u00e9veloppement durable. A la fois sobre en carbone et r\u00e9silient sur le long terme.<\/p>\n<p>A cet \u00e9gard, la Tunisie s\u2019engage dans la pr\u00e9paration de sa strat\u00e9gie. Avec la Strat\u00e9gie Nationale pour le D\u00e9veloppement Bas Carbone (SNBC) et\u00a0 R\u00e9silient aux Changements Climatiques (RCC), \u00e0 l\u2019horizon de 2050.<\/p>\n<p>Car cette strat\u00e9gie a pour ambition de fixer les orientations permettant une transition vers une \u00e9conomie bas-carbone. Mais \u00e9galement circulaire et durable dans tous les secteurs de l\u2019\u00e9conomie tunisienne. Elle devra ainsi, d\u00e9finir une trajectoire de r\u00e9duction des \u00e9missions de gaz \u00e0 effet de serre jusqu\u2019\u00e0 2050. En plus d\u2019identifier les priorit\u00e9s pour promouvoir un d\u00e9veloppement r\u00e9silient fortement adapt\u00e9 aux impacts climatiques; notamment pour les secteurs les plus vuln\u00e9rables.<\/p>\n<blockquote>\n<h3><strong><em>\u00ab\u00a0La Tunisie s\u2019est engag\u00e9e avec la communaut\u00e9 internationale pour relever le d\u00e9fi de riposte mondiale face aux changements climatiques et \u00e0 leurs effets\u00a0\u00bb<\/em><\/strong><\/h3>\n<\/blockquote>\n<p>Dans ce cadre, le minist\u00e8re des Affaires locales et de l\u2019Environnement, avec l\u2019appui de\u00a0<a href=\"https:\/\/www.giz.de\/en\/worldwide\/22600.html\" target=\"_blank\" rel=\"noopener noreferrer\">l\u2019Agence Allemande de la Coop\u00e9ration Internationale (GIZ)<\/a>, organisait les 12 et 13 novembre 2020 un webinaire. Cet \u00e9v\u00e9nement a permis le lancement du processus d\u2019\u00e9laboration de la \u00ab\u00a0Strat\u00e9gie Nationale pour le d\u00e9veloppement bas-carbone et R\u00e9silient aux Changements Climatiques (SNBC et RCC) \u00e0 l\u2019horizon 2050.\u00a0\u00bb<\/p>\n<p>Cette strat\u00e9gie doit pouvoir s\u2019appuyer sur une v\u00e9ritable vision prospective de l\u2019\u00e9volution du pays. Elle doit comporter des objectifs, une trajectoire d\u2019\u00e9missions, des mesures de mise en \u0153uvre. Elle va n\u00e9cessiter une int\u00e9gration des enjeux climatiques dans tous les secteurs et \u00e0 tous les niveaux national, infranational et local. Ainsi qu\u2019un suivi permanent des politiques pour respecter la trajectoire. Et ce, en tirant profit de toutes les opportunit\u00e9s offertes pour la mobilisation des ressources et des acteurs. Y compris dans le cadre de la coop\u00e9ration internationale, r\u00e9gionale et bilat\u00e9rale.<\/p>\n<p>Alors, cet atelier mettait notamment l\u2019accent sur l\u2019importance de ce processus. Lequel pr\u00e9sente de multiples enjeux li\u00e9s, \u00e0 la fois, aux risques et aux opportunit\u00e9s pour la Tunisie. Avec une forte participation d\u2019environ 100 experts repr\u00e9sentatifs des principaux secteurs cl\u00e9s, des acteurs et experts de la soci\u00e9t\u00e9 civile et des communes.<\/p>\n<p>D\u2019abord en lien avec la transition bas-carbone, cette strat\u00e9gie permet d\u2019inscrire le pays dans une dynamique favorisant le d\u00e9veloppement durable, de se positionner en faveur de nouvelles technologies sur la base de diff\u00e9rents sc\u00e9narios de d\u00e9carbonation, de promouvoir des modes de production et de consommation respectueux de l\u2019environnement et de la sant\u00e9 humaine, avec des pratiques commerciales et des march\u00e9s plus vertueux et plus transparents, de s\u2019inscrire encore davantage dans l\u2019Accord de Paris pour b\u00e9n\u00e9ficier des m\u00e9canismes de coop\u00e9ration internationale et de renforcer les comp\u00e9tences nationales.<\/p>\n<h2>R\u00e9duction de la vuln\u00e9rabilit\u00e9<\/h2>\n<p>En lien avec la r\u00e9silience et la r\u00e9duction de la vuln\u00e9rabilit\u00e9, cette strat\u00e9gie permet d\u2019envisager les moyens n\u00e9cessaires pour prot\u00e9ger et pr\u00e9server les \u00e9cosyst\u00e8mes naturels et humains et permettre aux populations de vivre dans une soci\u00e9t\u00e9\u0301 tunisienne juste, inclusive, sereine et sans pauvret\u00e9\u0301. Et ce, dans des territoires g\u00e9r\u00e9s de mani\u00e8re durable, moins vuln\u00e9rables aux chocs et aux stress climatiques; et aussi gr\u00e2ce \u00e0 des solutions simples et parfois oubli\u00e9es, comme celles fond\u00e9es sur la nature.<\/p>\n<p>Pour y parvenir, cette strat\u00e9gie visera notamment \u00e0 int\u00e9grer les consid\u00e9rations li\u00e9es aux changements climatiques dans toutes les politiques et mesures, \u00e0 mobiliser des ressources financi\u00e8res pour am\u00e9liorer les infrastructures et services publics, \u00e0 soutenir des programmes de recherche d\u2019excellence pour d\u00e9velopper de nouvelles technologies et am\u00e9liorer les comp\u00e9tences et la ma\u00eetrise des connaissances des facteurs de la r\u00e9silience.<\/p>\n<h2>D\u00e9fis et obstacles<\/h2>\n<p>Par ailleurs, plusieurs risques et d\u00e9fis pourraient repr\u00e9senter pour la Tunisie des obstacles majeurs. Il s\u2019agit donc de la mise en \u0153uvre efficace et effective de cette nouvelle approche de d\u00e9veloppement durable, propre, sobre en carbone et r\u00e9silient.<\/p>\n<p>L\u2019instabilit\u00e9 politique, les limites actuelles du syst\u00e8me de gouvernance, la volont\u00e9 politique, le manque de capacit\u00e9s, conjugu\u00e9s \u00e0 une situation socio-\u00e9conomique fragile, repr\u00e9sentent autant de d\u00e9fis et difficult\u00e9s \u00e0 surmonter.<\/p>\n<p>En parall\u00e8le des travaux pour l\u2019\u00e9laboration de la SNBC-RCC, le minist\u00e8re des Affaires locales et de l\u2019Environnement a \u00e9galement entrepris un processus de mise \u00e0 jour des volets att\u00e9nuation et adaptation de sa Contribution D\u00e9termin\u00e9e au niveau National (CDN) pour 2030. Et ce, conform\u00e9ment aux dispositions et provisions de l\u2019Accord de Paris sur le Climat, pour que la Tunisie soit en mesure de soumettre une CDN actualis\u00e9e avant la Conf\u00e9rence de Glasgow (COP26 de la CCNUCC, CMA-2 de l\u2019Accord de Paris). Cette conf\u00e9rence se tiendra en novembre 2021.<\/p>\n<p>Le calendrier d\u00e9cennal de la CDN est \u00e0 court et moyen terme. Il ne permet pas de repenser en profondeur le mod\u00e8le de d\u00e9veloppement, ni d\u2019int\u00e9grer des objectifs \u00e0 la mesure de ceux fix\u00e9s par l\u2019Accord de Paris, contrairement \u00e0 la SNCB-RCC. Celle-ci donnera la vision et la trajectoire sur le long terme.<\/p>\n<\/div>\n<footer>\n<\/footer>\n<div class=\"wp-post-author-wrap wp-post-author-shortcode left\">\n<h3 class=\"awpa-title\"\/>\n<div class=\"wp-post-author\">\n<div class=\"awpa-img awpa-author-block square\"><a href=\"http:\/\/lexpertjournal.net\/fr\/?author=5\"><img loading=\"lazy\" decoding=\"async\" alt=\"\" src=\"http:\/\/0.gravatar.com\/avatar\/97f8e10a1c1125ba104a76514ee07b16?s=150&amp;d=mm&amp;r=g\" srcset=\"http:\/\/0.gravatar.com\/avatar\/97f8e10a1c1125ba104a76514ee07b16?s=300&amp;d=mm&amp;r=g 2x\" class=\"avatar avatar-150 photo\" height=\"150\" width=\"150\"\/><\/a><\/div>\n<\/div>\n<\/div>\n<aside class=\"mashsb-container mashsb-main mashsb-stretched\">\n<\/aside>\n<p>Auteur: L&rsquo;expert<br \/>\n<a href=\"http:\/\/lexpertjournal.net\/fr\/?p=17311\">Cliquez ici pour lire l&rsquo;article depuis sa source.<\/a><\/p>\n","protected":false},"excerpt":{"rendered":"<p>Le r\u00e9chauffement plan\u00e9taire est d\u00fb \u00e0 une augmentation sans \u00e9quivoque, des \u00e9missions de gaz \u00e0 effet de serre dans l\u2019atmosph\u00e8re. C\u2019est une r\u00e9alit\u00e9! Ses effets se font sentir aujourd\u2019hui . D\u2019ailleurs, les experts du Groupe intergouvernemental sur l\u2019\u00e9volution du climat reconnaissent la responsabilit\u00e9 de l\u2019homme. Et ce, dans le r\u00e9chauffement plan\u00e9taire et les changements climatiques. [&hellip;]<\/p>\n","protected":false},"author":1775,"featured_media":0,"comment_status":"closed","ping_status":"closed","sticky":false,"template":"","format":"standard","meta":{"fifu_image_url":"","fifu_image_alt":"","footnotes":""},"categories":[78,55],"tags":[],"class_list":["post-105125","post","type-post","status-publish","format-standard","hentry","category-economie","category-tunisie"],"_links":{"self":[{"href":"https:\/\/linitiative.ca\/International\/wp-json\/wp\/v2\/posts\/105125","targetHints":{"allow":["GET"]}}],"collection":[{"href":"https:\/\/linitiative.ca\/International\/wp-json\/wp\/v2\/posts"}],"about":[{"href":"https:\/\/linitiative.ca\/International\/wp-json\/wp\/v2\/types\/post"}],"author":[{"embeddable":true,"href":"https:\/\/linitiative.ca\/International\/wp-json\/wp\/v2\/users\/1775"}],"replies":[{"embeddable":true,"href":"https:\/\/linitiative.ca\/International\/wp-json\/wp\/v2\/comments?post=105125"}],"version-history":[{"count":0,"href":"https:\/\/linitiative.ca\/International\/wp-json\/wp\/v2\/posts\/105125\/revisions"}],"wp:attachment":[{"href":"https:\/\/linitiative.ca\/International\/wp-json\/wp\/v2\/media?parent=105125"}],"wp:term":[{"taxonomy":"category","embeddable":true,"href":"https:\/\/linitiative.ca\/International\/wp-json\/wp\/v2\/categories?post=105125"},{"taxonomy":"post_tag","embeddable":true,"href":"https:\/\/linitiative.ca\/International\/wp-json\/wp\/v2\/tags?post=105125"}],"curies":[{"name":"wp","href":"https:\/\/api.w.org\/{rel}","templated":true}]}}