{"id":105127,"date":"2020-11-19T03:20:09","date_gmt":"2020-11-19T08:20:09","guid":{"rendered":"https:\/\/linitiative.ca\/International\/inauguration-de-la-route-reliant-magast-a-douar-tadrart\/"},"modified":"2020-11-19T03:20:09","modified_gmt":"2020-11-19T08:20:09","slug":"inauguration-de-la-route-reliant-magast-a-douar-tadrart","status":"publish","type":"post","link":"https:\/\/linitiative.ca\/International\/inauguration-de-la-route-reliant-magast-a-douar-tadrart\/","title":{"rendered":"Inauguration de la route reliant Magast \u00e0 douar Tadrart"},"content":{"rendered":"<div class=\"single-featured\"><img alt=\"\" data-src=\"http:\/\/www.mapmarrakech.ma\/map\/uploads\/2020\/11\/inauguration-route-Al-Haouz.jpg\"\/><\/div>\n<div class=\"single-post-excerpt post-excerpt-bc\" readability=\"37\">\n<p>Province d\u2019Al Haouz- La c\u00e9r\u00e9monie d\u2019inauguration de la route reliant \u00ab\u00a0Magast\u00a0\u00bb \u00e0 douar \u00ab\u00a0Tadrart\u00a0\u00bb sur une longueur de pr\u00e8s de 36 Km, pour un investissement de pr\u00e8s de 49,6 millions de DH a eu lieu, mercredi \u00e0 la commune de Sti Fadma relevant de la province d\u2019Al Haouz.<\/p>\n<\/div>\n<div class=\"entry-content clearfix single-post-content\" readability=\"62\">\n<p>Tenue \u00e0 l\u2019occasion de la c\u00e9l\u00e9bration du 65\u00e8 anniversaire de la F\u00eate de l\u2019Ind\u00e9pendance, cette c\u00e9r\u00e9monie a \u00e9t\u00e9 rehauss\u00e9e par la pr\u00e9sence notamment du gouverneur de la province d\u2019Al Haouz, M. Rachid Benchikhi ainsi que de repr\u00e9sentants des services ext\u00e9rieurs, des \u00e9lus locaux et d\u2019autres personnalit\u00e9s.<\/p>\n<p>Financ\u00e9 par le Fonds de D\u00e9veloppement Rural (FDR) dans le cadre du Programme de r\u00e9duction des disparit\u00e9s territoriales et sociales en milieu rural, ce projet devra permettre le d\u00e9senclavement de plus de 18 douars relevant de la commune de Sti Fadma, soit 6.887 habitants.<\/p>\n<p>Ce projet se propose \u00e9galement l\u2019am\u00e9lioration de la s\u00e9curit\u00e9 routi\u00e8re et l\u2019acc\u00e8s des populations aux services de base (sant\u00e9 et enseignement) et la promotion touristique et \u00e9conomique de la r\u00e9gion.<\/p>\n<p>Les travaux qui se sont \u00e9tal\u00e9s sur une dur\u00e9e de 26 mois, portent sur la construction de cette route d\u2019une largeur de 4 m\u00e8tres, l\u2019am\u00e9nagement des abords et la construction d\u2019ouvrages d\u2019art en plus de travaux relatifs \u00e0 l\u2019\u00e9vacuation des eaux de pluie.<\/p>\n<p>La province d\u2019Al Haouz\u00a0est \u00e9tal\u00e9e sur une superficie de 6.212 km2, dont 74% constitu\u00e9e de reliefs accident\u00e9s, dont l\u2019altitude varie entre 1000 et 4167 m\u00e8tres. La province compte une population de 484.312 habitants, dont 432.119 vivant en milieu rural, rappelle-t-on.<\/p>\n<\/div>\n<p>Auteur: Mohammed KOURSI<br \/>\n<a href=\"http:\/\/www.mapmarrakech.ma\/fr\/inauguration-de-la-route-reliant-magast-a-douar-tadrart\/\">Cliquez ici pour lire l&rsquo;article depuis sa source.<\/a><\/p>\n","protected":false},"excerpt":{"rendered":"<p>Province d\u2019Al Haouz- La c\u00e9r\u00e9monie d\u2019inauguration de la route reliant \u00ab\u00a0Magast\u00a0\u00bb \u00e0 douar \u00ab\u00a0Tadrart\u00a0\u00bb sur une longueur de pr\u00e8s de 36 Km, pour un investissement de pr\u00e8s de 49,6 millions de DH a eu lieu, mercredi \u00e0 la commune de Sti Fadma relevant de la province d\u2019Al Haouz. Tenue \u00e0 l\u2019occasion de la c\u00e9l\u00e9bration du [&hellip;]<\/p>\n","protected":false},"author":1788,"featured_media":105128,"comment_status":"closed","ping_status":"closed","sticky":false,"template":"","format":"standard","meta":{"fifu_image_url":"","fifu_image_alt":"","footnotes":""},"categories":[54,76],"tags":[],"class_list":["post-105127","post","type-post","status-publish","format-standard","has-post-thumbnail","hentry","category-maroc","category-regions"],"_links":{"self":[{"href":"https:\/\/linitiative.ca\/International\/wp-json\/wp\/v2\/posts\/105127","targetHints":{"allow":["GET"]}}],"collection":[{"href":"https:\/\/linitiative.ca\/International\/wp-json\/wp\/v2\/posts"}],"about":[{"href":"https:\/\/linitiative.ca\/International\/wp-json\/wp\/v2\/types\/post"}],"author":[{"embeddable":true,"href":"https:\/\/linitiative.ca\/International\/wp-json\/wp\/v2\/users\/1788"}],"replies":[{"embeddable":true,"href":"https:\/\/linitiative.ca\/International\/wp-json\/wp\/v2\/comments?post=105127"}],"version-history":[{"count":0,"href":"https:\/\/linitiative.ca\/International\/wp-json\/wp\/v2\/posts\/105127\/revisions"}],"wp:featuredmedia":[{"embeddable":true,"href":"https:\/\/linitiative.ca\/International\/wp-json\/"}],"wp:attachment":[{"href":"https:\/\/linitiative.ca\/International\/wp-json\/wp\/v2\/media?parent=105127"}],"wp:term":[{"taxonomy":"category","embeddable":true,"href":"https:\/\/linitiative.ca\/International\/wp-json\/wp\/v2\/categories?post=105127"},{"taxonomy":"post_tag","embeddable":true,"href":"https:\/\/linitiative.ca\/International\/wp-json\/wp\/v2\/tags?post=105127"}],"curies":[{"name":"wp","href":"https:\/\/api.w.org\/{rel}","templated":true}]}}