{"id":105133,"date":"2020-11-18T17:27:50","date_gmt":"2020-11-18T22:27:50","guid":{"rendered":"https:\/\/linitiative.ca\/International\/province-de-jerada-la-dynamique-du-developpement-humain-renforcee\/"},"modified":"2020-11-18T17:27:50","modified_gmt":"2020-11-18T22:27:50","slug":"province-de-jerada-la-dynamique-du-developpement-humain-renforcee","status":"publish","type":"post","link":"https:\/\/linitiative.ca\/International\/province-de-jerada-la-dynamique-du-developpement-humain-renforcee\/","title":{"rendered":"Province de Jerada : La dynamique du d\u00e9veloppement humain renforc\u00e9e"},"content":{"rendered":"<p class=\"c4\">La dynamique du d\u00e9veloppement humain dans la province de Jerada s\u2019est vue renforc\u00e9e, mercredi, par l\u2019inauguration d\u2019infrastructures et la remise de mat\u00e9riel portant sur les domaines de la sant\u00e9, de l\u2019\u00e9ducation et du soutien aux jeunes et des personnes en situation difficile.<\/p>\n<p class=\"c4\">Le gouverneur de la province de Jerada, Mabrouk Tabet, accompagn\u00e9 notamment d\u2019\u00e9lus et de responsables des services d\u00e9centralis\u00e9s et des autorit\u00e9s locales, a proc\u00e9d\u00e9 \u00e0 l\u2019inauguration de ces projets r\u00e9alis\u00e9s dans le cadre de la 3\u00e8me phase de l\u2019Initiative nationale pour le d\u00e9veloppement humain (INDH), et ce \u00e0 l\u2019occasion de la c\u00e9l\u00e9bration du 65\u00e8me anniversaire de la F\u00eate de l\u2019Ind\u00e9pendance.<\/p>\n<p class=\"c4\">Ainsi, \u00e0 l\u2019h\u00f4pital provincial de La\u00e2ouinat, M. Tabet a proc\u00e9d\u00e9 \u00e0 la remise d\u2019\u00e9quipements et mat\u00e9riel m\u00e9dical au profit de la d\u00e9l\u00e9gation provinciale de la Sant\u00e9 de Jerada, dont une unit\u00e9 m\u00e9dicale mobile et une unit\u00e9 m\u00e9dicale d\u2019otorhinolaryngologie, acquises dans le cadre du programme de r\u00e9duction des disparit\u00e9s territoriales et sociales.<\/p>\n<p class=\"c4\">Il s\u2019agit aussi d\u2019un appareil d\u2019\u00e9chographie acquis dans le cadre du programme d\u2019impulsion du capital humain des g\u00e9n\u00e9rations montantes, et de deux concentrateurs d\u2019oxyg\u00e8ne, financ\u00e9s dans le cadre du programme d\u2019accompagnement des personnes en situation de pr\u00e9carit\u00e9.<\/p>\n<p class=\"c4\">Ces \u00e9quipements m\u00e9dicaux, qui permettront d\u2019am\u00e9liorer la qualit\u00e9 et la proximit\u00e9 des services de sant\u00e9 au b\u00e9n\u00e9fice des habitants de la province, ont n\u00e9cessit\u00e9 une enveloppe globale de 1,96 million de dirhams (MDH).<\/p>\n<p class=\"c4\">Par la m\u00eame occasion, il a \u00e9t\u00e9 proc\u00e9d\u00e9 \u00e0 la remise d\u2019un bus d\u00e9di\u00e9 au transport des personnes atteintes d\u2019insuffisance r\u00e9nale, au profit des patients de la commune d\u2019Ain Beni Mathar, pour un montant de 500 mille dirhams.<\/p>\n<p class=\"c4\">Dans une d\u00e9claration \u00e0 la MAP, le d\u00e9l\u00e9gu\u00e9 provincial de la Sant\u00e9, Mohamed Cherif, a affirm\u00e9 que ces \u00e9quipements constituent un acquis important pour l\u2019h\u00f4pital provincial ainsi que pour les personnes atteintes d\u2019insuffisance r\u00e9nale, du fait qu\u2019ils permettront d\u2019am\u00e9liorer la prise en charge des patients et l\u2019acc\u00e8s aux soins m\u00e9dicaux.<\/p>\n<p class=\"c4\">A noter que l\u2019INDH a contribu\u00e9 \u00e0 12 projets li\u00e9s \u00e0 la sant\u00e9 au cours des deux premi\u00e8res ann\u00e9es de sa 3\u00e8me phase (2019-2020) au niveau de la province de Jerada, ayant n\u00e9cessit\u00e9 un montant de 5,49 MDH, soit 96 pc du budget global (5,69 MDH). Il s\u2019agit notamment de l\u2019acquisition d\u2019unit\u00e9s m\u00e9dicales mobiles et d\u2019\u00e9quipements m\u00e9dicaux et param\u00e9dicaux.<\/p>\n<p class=\"c4\">Par la suite, M. Tabet et la d\u00e9l\u00e9gation l\u2019accompagnant ont proc\u00e9d\u00e9 \u00e0 l\u2019inauguration de la Plateforme des jeunes de Jerada, construite dans le cadre du programme de lutte contre l\u2019exclusion sociale en milieu urbain pour un co\u00fbt de 3,5 MDH, et \u00e9quip\u00e9e dans le cadre du programme d\u2019am\u00e9lioration du revenu et inclusion \u00e9conomique des jeunes pour un montant d\u2019un million de dirhams.<\/p>\n<p class=\"c4\">Au sein de cette structure, il a \u00e9t\u00e9 proc\u00e9d\u00e9 \u00e0 la remise de mat\u00e9riel et d\u2019outils de couture acquis dans le cadre du programme d\u2019accompagnement des personnes en situation de pr\u00e9carit\u00e9 au titre de 2019, et ce au profit des centres pluridisciplinaires de la commune d\u2019Ain Beni Mathar et de Oued El Himer (commune de Tiouli), pour une enveloppe de 123.400 dirhams.<\/p>\n<p class=\"c4\">En ce qui concerne le secteur de l\u2019\u00e9ducation, le gouverneur de la province a proc\u00e9d\u00e9 \u00e0 l\u2019inauguration de deux unit\u00e9s d\u2019enseignement pr\u00e9scolaire, la premi\u00e8re au niveau de l\u2019\u00e9cole \u00a0\u00bbMafahim 1\u00a0\u00bb de Jerada et la deuxi\u00e8me au sein de l\u2019\u00e9cole Moussa Ibn Noussair dans la commune d\u2019Ain Beni Mathar.<\/p>\n<p class=\"c4\">Ces unit\u00e9s ont \u00e9t\u00e9 r\u00e9alis\u00e9es dans le cadre du programme de d\u00e9veloppement de la province de Jerada 2018-2020, qui a permis la cr\u00e9ation d\u2019un total de 31 unit\u00e9s de pr\u00e9scolaire, 20 en milieu rural et 11 en milieu urbain, pour une enveloppe de 3 MDH.<\/p>\n<p class=\"c4\">De m\u00eame, la d\u00e9l\u00e9gation officielle a visit\u00e9 le chantier de construction d\u2019une unit\u00e9 d\u2019enseignement pr\u00e9scolaire dans la commune de Beni Mathar, r\u00e9alis\u00e9e dans le cadre du programme d\u2019impulsion du capital humain des g\u00e9n\u00e9rations montantes au titre de 2020.<\/p>\n<p class=\"c4\">Au total, trois unit\u00e9s de pr\u00e9scolaire ont \u00e9t\u00e9 programm\u00e9es au titre de l\u2019ann\u00e9e en cours pour un montant de 555 mille dirhams, avec pour objectif la promotion de la scolarisation en augmentant les chances de b\u00e9n\u00e9ficier d\u2019un enseignement pr\u00e9scolaire, ainsi que la lutte contre la d\u00e9perdition scolaire.<\/p>\n<p class=\"c4\">Dans une d\u00e9claration \u00e0 la presse, Aziz Kaichouh, directeur g\u00e9n\u00e9ral de la Fondation marocaine pour la promotion de l\u2019enseignement pr\u00e9scolaire (FMPS), partenaire de ces projets, a soulign\u00e9 l\u2019importance de ces nouvelles unit\u00e9s qui permettent l\u2019acc\u00e8s au pr\u00e9scolaire dans des zones jusque-l\u00e0 priv\u00e9es de ce type d\u2019enseignement, ajoutant que le pr\u00e9scolaire est d\u2019une importance capitale pour pr\u00e9parer les enfants \u00e0 l\u2019\u00e9cole et augmenter les chances de leur r\u00e9ussite scolaire.<\/p>\n<p>Auteur: Soufiane ELAHMAR<br \/>\n<a href=\"http:\/\/www.mapoujda.ma\/fr\/province-de-jerada-la-dynamique-du-developpement-humain-renforcee\/\">Cliquez ici pour lire l&rsquo;article depuis sa source.<\/a><\/p>\n","protected":false},"excerpt":{"rendered":"<p>La dynamique du d\u00e9veloppement humain dans la province de Jerada s\u2019est vue renforc\u00e9e, mercredi, par l\u2019inauguration d\u2019infrastructures et la remise de mat\u00e9riel portant sur les domaines de la sant\u00e9, de l\u2019\u00e9ducation et du soutien aux jeunes et des personnes en situation difficile. Le gouverneur de la province de Jerada, Mabrouk Tabet, accompagn\u00e9 notamment d\u2019\u00e9lus et [&hellip;]<\/p>\n","protected":false},"author":1788,"featured_media":0,"comment_status":"closed","ping_status":"closed","sticky":false,"template":"","format":"standard","meta":{"fifu_image_url":"","fifu_image_alt":"","footnotes":""},"categories":[54,76],"tags":[],"class_list":["post-105133","post","type-post","status-publish","format-standard","hentry","category-maroc","category-regions"],"_links":{"self":[{"href":"https:\/\/linitiative.ca\/International\/wp-json\/wp\/v2\/posts\/105133","targetHints":{"allow":["GET"]}}],"collection":[{"href":"https:\/\/linitiative.ca\/International\/wp-json\/wp\/v2\/posts"}],"about":[{"href":"https:\/\/linitiative.ca\/International\/wp-json\/wp\/v2\/types\/post"}],"author":[{"embeddable":true,"href":"https:\/\/linitiative.ca\/International\/wp-json\/wp\/v2\/users\/1788"}],"replies":[{"embeddable":true,"href":"https:\/\/linitiative.ca\/International\/wp-json\/wp\/v2\/comments?post=105133"}],"version-history":[{"count":0,"href":"https:\/\/linitiative.ca\/International\/wp-json\/wp\/v2\/posts\/105133\/revisions"}],"wp:attachment":[{"href":"https:\/\/linitiative.ca\/International\/wp-json\/wp\/v2\/media?parent=105133"}],"wp:term":[{"taxonomy":"category","embeddable":true,"href":"https:\/\/linitiative.ca\/International\/wp-json\/wp\/v2\/categories?post=105133"},{"taxonomy":"post_tag","embeddable":true,"href":"https:\/\/linitiative.ca\/International\/wp-json\/wp\/v2\/tags?post=105133"}],"curies":[{"name":"wp","href":"https:\/\/api.w.org\/{rel}","templated":true}]}}