{"id":105149,"date":"2020-11-19T15:13:17","date_gmt":"2020-11-19T20:13:17","guid":{"rendered":"https:\/\/linitiative.ca\/International\/pros-mehdi-abeid-honore-par-le-fc-nantes\/"},"modified":"2020-11-19T15:13:17","modified_gmt":"2020-11-19T20:13:17","slug":"pros-mehdi-abeid-honore-par-le-fc-nantes","status":"publish","type":"post","link":"https:\/\/linitiative.ca\/International\/pros-mehdi-abeid-honore-par-le-fc-nantes\/","title":{"rendered":"Pros : Mehdi Abeid honor\u00e9 par le FC Nantes"},"content":{"rendered":"<div readability=\"32\">\n<p>Auteur : <span class=\"time\">jeudi 19 novembre 2020 18:38<\/span><\/p>\n<\/div>\n<div id=\"post_core\" readability=\"45\">\n<p>Mehdi Abeid a \u00e9t\u00e9 honor\u00e9 par son club, le FC Nantes, pour avoir d\u00e9pass\u00e9 le cap des 100 participations en Ligue 1, a annonc\u00e9 le joueur sur son compte Instagram. Abeid (28 ans), qui dispute actuellement sa 4e saison en Ligue 1 apr\u00e8s des exp\u00e9riences en Angleterre et en Gr\u00e8ce, compte d\u00e9sormais \u00e0 son actif 105 matchs en France. Titulaire depuis le d\u00e9but de saison dans l&rsquo;effectif de l&rsquo;ancien s\u00e9lectionneur de l&rsquo;Alg\u00e9rie, Christian Gourcuff, le milieu de terrain a re\u00e7u\u00a0 sa distinction mercredi, lors de la s\u00e9ance d&rsquo;entra\u00eenement du matin du FC Nantes.<\/p>\n<p><strong>Publi\u00e9 dans :<\/strong> <span>FC Nantes<\/span> <span>mehdi abeid<\/span><\/p>\n<\/div>\n<p>Auteur:<br \/>\n<a href=\"http:\/\/www.lebuteur.com\/article\/detail?titre=mehdi-abeid-honore-par-le-fc-nantes&#038;id=98013&#038;utm_source=feedburner&#038;utm_medium=feed&#038;utm_campaign=Feed%3A+GalerieFArtciles+%28Les+derniers+articles++-+lebuteur.com%29\">Cliquez ici pour lire l&rsquo;article depuis sa source.<\/a><\/p>\n","protected":false},"excerpt":{"rendered":"<p>Auteur : jeudi 19 novembre 2020 18:38 Mehdi Abeid a \u00e9t\u00e9 honor\u00e9 par son club, le FC Nantes, pour avoir d\u00e9pass\u00e9 le cap des 100 participations en Ligue 1, a annonc\u00e9 le joueur sur son compte Instagram. Abeid (28 ans), qui dispute actuellement sa 4e saison en Ligue 1 apr\u00e8s des exp\u00e9riences en Angleterre et [&hellip;]<\/p>\n","protected":false},"author":1738,"featured_media":105150,"comment_status":"closed","ping_status":"closed","sticky":false,"template":"","format":"standard","meta":{"fifu_image_url":"","fifu_image_alt":"","footnotes":""},"categories":[53,75],"tags":[],"class_list":["post-105149","post","type-post","status-publish","format-standard","has-post-thumbnail","hentry","category-algerie","category-sport"],"_links":{"self":[{"href":"https:\/\/linitiative.ca\/International\/wp-json\/wp\/v2\/posts\/105149","targetHints":{"allow":["GET"]}}],"collection":[{"href":"https:\/\/linitiative.ca\/International\/wp-json\/wp\/v2\/posts"}],"about":[{"href":"https:\/\/linitiative.ca\/International\/wp-json\/wp\/v2\/types\/post"}],"author":[{"embeddable":true,"href":"https:\/\/linitiative.ca\/International\/wp-json\/wp\/v2\/users\/1738"}],"replies":[{"embeddable":true,"href":"https:\/\/linitiative.ca\/International\/wp-json\/wp\/v2\/comments?post=105149"}],"version-history":[{"count":0,"href":"https:\/\/linitiative.ca\/International\/wp-json\/wp\/v2\/posts\/105149\/revisions"}],"wp:featuredmedia":[{"embeddable":true,"href":"https:\/\/linitiative.ca\/International\/wp-json\/"}],"wp:attachment":[{"href":"https:\/\/linitiative.ca\/International\/wp-json\/wp\/v2\/media?parent=105149"}],"wp:term":[{"taxonomy":"category","embeddable":true,"href":"https:\/\/linitiative.ca\/International\/wp-json\/wp\/v2\/categories?post=105149"},{"taxonomy":"post_tag","embeddable":true,"href":"https:\/\/linitiative.ca\/International\/wp-json\/wp\/v2\/tags?post=105149"}],"curies":[{"name":"wp","href":"https:\/\/api.w.org\/{rel}","templated":true}]}}