{"id":105151,"date":"2020-11-19T15:13:20","date_gmt":"2020-11-19T20:13:20","guid":{"rendered":"https:\/\/linitiative.ca\/International\/pros-la-direction-du-milan-ac-passe-a-laction-pour-bennacer\/"},"modified":"2020-11-19T15:13:20","modified_gmt":"2020-11-19T20:13:20","slug":"pros-la-direction-du-milan-ac-passe-a-laction-pour-bennacer","status":"publish","type":"post","link":"https:\/\/linitiative.ca\/International\/pros-la-direction-du-milan-ac-passe-a-laction-pour-bennacer\/","title":{"rendered":"Pros : La direction du Milan AC passe \u00e0 l\u2019action pour Bennacer"},"content":{"rendered":"<div readability=\"32\">\n<p>Auteur : <span>Riad O.<\/span> <span class=\"time\">jeudi 19 novembre 2020 19:04<\/span><\/p>\n<\/div>\n<div id=\"post_core\" readability=\"37\">\n<p>La direction du Milan AC a programm\u00e9 une rencontre avec les repr\u00e9sentants d\u2019Isma\u00ebl Bennacer pour la prolongation du contrat du joueur Alg\u00e9rien. Selon le m\u00e9dia italien, Tuttosport, les dirigeants du Milan AC souhaitent augmenter le salaire de Bennacer ainsi que le montant de sa clause lib\u00e9ratoire. Cette d\u00e9marche entreprise par les dirigeants du Milan AC pourrait s\u2019expliquer par l\u2019int\u00e9r\u00eat r\u00e9cent du PSG pour le joueur milieu de terrain de l\u2019EN. \u00a0Rappelons que le contrat actuel de Bennacer avec le Milan AC expire en juin 2024.<\/p>\n<p><strong>Publi\u00e9 dans :<\/strong> <span>BENNACER<\/span><\/p>\n<\/div>\n<p>Auteur:<br \/>\n<a href=\"http:\/\/www.lebuteur.com\/article\/detail?titre=la-direction-du-milan-ac-passe-a-laction-pour-bennacer&#038;id=98014&#038;utm_source=feedburner&#038;utm_medium=feed&#038;utm_campaign=Feed%3A+GalerieFArtciles+%28Les+derniers+articles++-+lebuteur.com%29\">Cliquez ici pour lire l&rsquo;article depuis sa source.<\/a><\/p>\n","protected":false},"excerpt":{"rendered":"<p>Auteur : Riad O. jeudi 19 novembre 2020 19:04 La direction du Milan AC a programm\u00e9 une rencontre avec les repr\u00e9sentants d\u2019Isma\u00ebl Bennacer pour la prolongation du contrat du joueur Alg\u00e9rien. Selon le m\u00e9dia italien, Tuttosport, les dirigeants du Milan AC souhaitent augmenter le salaire de Bennacer ainsi que le montant de sa clause lib\u00e9ratoire. [&hellip;]<\/p>\n","protected":false},"author":1738,"featured_media":105152,"comment_status":"closed","ping_status":"closed","sticky":false,"template":"","format":"standard","meta":{"fifu_image_url":"","fifu_image_alt":"","footnotes":""},"categories":[53,75],"tags":[],"class_list":["post-105151","post","type-post","status-publish","format-standard","has-post-thumbnail","hentry","category-algerie","category-sport"],"_links":{"self":[{"href":"https:\/\/linitiative.ca\/International\/wp-json\/wp\/v2\/posts\/105151","targetHints":{"allow":["GET"]}}],"collection":[{"href":"https:\/\/linitiative.ca\/International\/wp-json\/wp\/v2\/posts"}],"about":[{"href":"https:\/\/linitiative.ca\/International\/wp-json\/wp\/v2\/types\/post"}],"author":[{"embeddable":true,"href":"https:\/\/linitiative.ca\/International\/wp-json\/wp\/v2\/users\/1738"}],"replies":[{"embeddable":true,"href":"https:\/\/linitiative.ca\/International\/wp-json\/wp\/v2\/comments?post=105151"}],"version-history":[{"count":0,"href":"https:\/\/linitiative.ca\/International\/wp-json\/wp\/v2\/posts\/105151\/revisions"}],"wp:featuredmedia":[{"embeddable":true,"href":"https:\/\/linitiative.ca\/International\/wp-json\/"}],"wp:attachment":[{"href":"https:\/\/linitiative.ca\/International\/wp-json\/wp\/v2\/media?parent=105151"}],"wp:term":[{"taxonomy":"category","embeddable":true,"href":"https:\/\/linitiative.ca\/International\/wp-json\/wp\/v2\/categories?post=105151"},{"taxonomy":"post_tag","embeddable":true,"href":"https:\/\/linitiative.ca\/International\/wp-json\/wp\/v2\/tags?post=105151"}],"curies":[{"name":"wp","href":"https:\/\/api.w.org\/{rel}","templated":true}]}}