{"id":105161,"date":"2020-11-19T04:51:27","date_gmt":"2020-11-19T09:51:27","guid":{"rendered":"https:\/\/linitiative.ca\/International\/contaminations-au-coronavirus-et-hopitaux-satures-la-grande-inquietude-des-citoyens\/"},"modified":"2020-11-19T04:51:27","modified_gmt":"2020-11-19T09:51:27","slug":"contaminations-au-coronavirus-et-hopitaux-satures-la-grande-inquietude-des-citoyens","status":"publish","type":"post","link":"https:\/\/linitiative.ca\/International\/contaminations-au-coronavirus-et-hopitaux-satures-la-grande-inquietude-des-citoyens\/","title":{"rendered":"Contaminations au coronavirus et h\u00f4pitaux satur\u00e9s : La grande inqui\u00e9tude des citoyens"},"content":{"rendered":"<h4 class=\"title-14\"\/>\n<div class=\"featured_image\"><img loading=\"lazy\" decoding=\"async\" width=\"1500\" height=\"984\" src=\"https:\/\/www.elwatan.com\/wp-content\/uploads\/2020\/11\/FOULE.jpg\" class=\"attachment-post-thumbnail size-post-thumbnail wp-post-image\" alt=\"\" srcset=\"https:\/\/www.elwatan.com\/wp-content\/uploads\/2020\/11\/FOULE.jpg 1500w, https:\/\/www.elwatan.com\/wp-content\/uploads\/2020\/11\/FOULE-300x197.jpg 300w, https:\/\/www.elwatan.com\/wp-content\/uploads\/2020\/11\/FOULE-768x504.jpg 768w, https:\/\/www.elwatan.com\/wp-content\/uploads\/2020\/11\/FOULE-1024x672.jpg 1024w, https:\/\/www.elwatan.com\/wp-content\/uploads\/2020\/11\/FOULE-1320x866.jpg 1320w\" sizes=\"auto, (max-width: 1500px) 100vw, 1500px\"\/><\/div>\n<p class=\"p3\"><span class=\"s1\"><strong>Concernant les chiffres officiels, qui ont d\u00e9pass\u00e9 aujourd\u2019hui la barre des 1000 cas\/jour, le D<sup>r<\/sup> Mohamed Yousfi souligne qu\u2019ils sont bas\u00e9s sur les malades hospitalis\u00e9s ayant effectu\u00e9 les tests PCR. Or, il faut savoir que l\u2019Alg\u00e9rie ne fait pas de d\u00e9pistage massif et que le nombre de rapporteurs n\u2019est pas suffisant.<\/strong><\/span><\/p>\n<p class=\"p5\"><span class=\"s2\"><strong>L<\/strong><\/span><span class=\"s1\">e seuil symbolique des 1000 cas de nouvelles contaminations au coronavirus par jour est d\u00e9sormais franchi.<\/span><\/p>\n<p class=\"p6\"><span class=\"s1\">Le bilan officiel de l\u2019\u00e9volution de la pand\u00e9mie du nouveau coronavirus a atteint, mardi 17 novembre, 1002 nouveaux cas confirm\u00e9s et 18 morts ces derni\u00e8res 24 heures, selon les chiffres donn\u00e9s par le porte-parole du comit\u00e9 scientifique de suivi de l\u2019\u00e9volution de la pand\u00e9mie de coronavirus, le D<sup>r<\/sup> Djamel Fourar.<\/span><\/p>\n<p class=\"p6\"><span class=\"s1\">Le D<sup>r<\/sup> Mohammed Yousfi, chef de service des maladies infectieuses \u00e0 l\u2019h\u00f4pital de Boufarik, estime que les raisons de cette augmentation sont claires, citant notamment l\u2019abandon des mesures barri\u00e8res et le rel\u00e2chement du contr\u00f4le sanitaire.<\/span><\/p>\n<p class=\"p6\"><span class=\"s1\"><em>\u00abIl faut maintenant se faire \u00e0 l\u2019id\u00e9e que nous devons vivre avec ce virus durant des mois, voire des ann\u00e9es, y compris apr\u00e8s le vaccin.<\/em><\/span><\/p>\n<p class=\"p6\"><span class=\"s1\"><em>Il est essentiel aujourd\u2019hui de se ressaisir car nous nous appr\u00eatons \u00e0 affronter une vague de contaminations bien plus importante, surtout si ces deux conditions<\/em> (respect des mesures barri\u00e8res et contr\u00f4le sanitaire, ndlr) <em>ne sont pas toujours pas r\u00e9unies\u00bb<\/em>, explique-t-il.<\/span><\/p>\n<p class=\"p6\"><span class=\"s1\"><em>\u00abDes c\u00e9l\u00e9brations de mariage ont \u00e9t\u00e9 organis\u00e9es au vu et au su de tout le monde pas plus tard que la semaine derni\u00e8re<\/em>, fulmine-t-il. <em>L\u2019Etat doit aujourd\u2019hui exercer son pouvoir de contr\u00f4le.\u00bb<\/em> Il fait part de l\u2019\u00e9puisement du personnel m\u00e9dical mis \u00e0 rude \u00e9preuve depuis le 29 f\u00e9vrier (premi\u00e8re apparition de cas dans l\u2019h\u00f4pital de Boufarik).<\/span><\/p>\n<p class=\"p6\"><span class=\"s1\">Ces derni\u00e8res semaines sont particuli\u00e8rement \u00e9prouvantes car le virus touche toutes les tranches d\u2019\u00e2ge, pr\u00e9sentant plus de g\u00eanes respiratoires. <em>\u00abCette nouvelle vague arrive plus rapidement que pr\u00e9vu.<\/em><\/span><\/p>\n<p class=\"p6\"><span class=\"s1\"><em>En comparaison avec le printemps dernier, nous constatons qu\u2019il y a plus de jeunes, que la transmission est plus rapide et qu\u2019ils pr\u00e9sentent des formes plus graves de la maladie, n\u00e9cessitant plus d\u2019oxyg\u00e8ne, ce qui est probl\u00e9matique chez nous car il n\u2019y a qu\u2019un seul fournisseur\u00bb<\/em>, constate-t-il.<\/span><\/p>\n<p class=\"p6\"><span class=\"s1\">Se basant sur son exp\u00e9rience \u00e0 la t\u00eate du service infectiologie de Boufarik (qui a eu \u00e0 traiter plus de 2000 malades depuis le d\u00e9but de la pand\u00e9mie), il remarque aussi que les d\u00e9c\u00e8s sont plus fr\u00e9quents. <em>\u00abNous avons eu des malades qui sont d\u00e9c\u00e9d\u00e9s avant m\u00eame qu\u2019on ait eu le temps de les envoyer au service de r\u00e9animation\u00bb,<\/em> regrette-t-il.<\/span><\/p>\n<p class=\"p6\"><span class=\"s1\">Quant aux chiffres officiels, qui ont d\u00e9pass\u00e9 aujourd\u2019hui la barre des 1000 cas\/jour, le D<sup>r<\/sup> Mohamed Yousfi souligne qu\u2019ils sont bas\u00e9s sur les malades hospitalis\u00e9s ayant effectu\u00e9 les tests PCR.<\/span><\/p>\n<p class=\"p6\"><span class=\"s1\">Or, il faut savoir que l\u2019Alg\u00e9rie ne fait pas de d\u00e9pistage massif et que le nombre de rapporteurs n\u2019est pas suffisant. <em>\u00abAujourd\u2019hui, tout le monde doit \u00eatre consid\u00e9r\u00e9 \u2018\u2018Covid+\u2019\u2019 jusqu\u2019\u00e0 preuve du contraire\u00bb<\/em>, r\u00e9sume-t-il.<\/span><\/p>\n<p class=\"p6\"><span class=\"s1\">Les chiffres pr\u00e9sentent une impressionnante courbe ascendante. Pratiquement toutes les wilayas de la sous-r\u00e9gion est-ouest observent une augmentation des notifications de cas ces derni\u00e8res semaines, si l\u2019on en croit les chiffres hebdomadaires publi\u00e9s par l\u2019Institut national de sant\u00e9 publique (INSP).<\/span><\/p>\n<p class=\"p6\"><span class=\"s1\">Certaines r\u00e9gions, peut-on lire sur leur bulletin hebdomadaire, ont enregistr\u00e9 une explosion des cas allant jusqu\u2019\u00e0 des hausses de l\u2019ordre de 300% et m\u00eame 700%.<\/span><\/p>\n<p class=\"p6\"><span class=\"s1\">Les \u00e9pid\u00e9miologistes de l\u2019Insp notent que ce sont les wilayas les moins peupl\u00e9es ou qui avaient \u00e9t\u00e9 tr\u00e8s peu touch\u00e9es lors du pr\u00e9c\u00e9dent \u00e9pisode qui enregistrent les taux d\u2019accroissement les plus \u00e9lev\u00e9s. Il s\u2019agit notamment d\u2019Oum El Bouaghi, T\u00e9bessa, M\u2019sila\u2026 Les hospitalisations sont \u00e9galement en nette augmentation.<\/span><\/p>\n<p class=\"p6\"><span class=\"s1\">Pour mieux comprendre l\u2019\u00e9volution des contaminations, il est int\u00e9ressant de se pencher sur le bulletin \u00e9pid\u00e9miologique d\u00e9taill\u00e9 de l\u2019Institut national de sant\u00e9 publique qui a consacr\u00e9 cette semaine un zoom sur la sous-r\u00e9gion est-ouest de l\u2019Alg\u00e9rie.<\/span><\/p>\n<p class=\"p7\"><strong><span class=\"s1\">Hausse des hospitalisations<\/span><\/strong><\/p>\n<p class=\"p6\"><span class=\"s1\">Les \u00e9pid\u00e9miologistes y constatent une augmentation importante des d\u00e9clarations hebdomadaires des cas PCR+ ces derni\u00e8res semaines.<\/span><\/p>\n<p class=\"p6\"><span class=\"s1\">Ainsi, on passe de 598 nouveaux cas entre le 1<sup>er<\/sup> et le 7 novembre, \u00e0 1012 cas entre le 8 et le 14 novembre, soit un accroissement de 69,2%.<\/span><\/p>\n<p class=\"p6\"><span class=\"s1\">Dans certaines r\u00e9gions, les hausses d\u00e9passent largement les 100%. Cette hausse a d\u00e9but\u00e9 la semaine du 11 au 17 octobre, jusqu\u2019\u00e0 ce jour.<\/span><\/p>\n<p class=\"p6\"><span class=\"s1\">Mila et M\u2019sila observent une importante augmentation des notifications hebdomadaires, estim\u00e9e respectivement \u00e0 750% (de 10 \u00e0 85 cas) et 195,1% (de 61 \u00e0 180 cas).<\/span><\/p>\n<p class=\"p6\"><span class=\"s1\">Pour S\u00e9tif et Jijel, ce taux est respectivement de 84,6 et 58,3%. Dans la r\u00e9gion est-centre, il est not\u00e9 \u00e9galement une augmentation r\u00e9guli\u00e8re des notifications des cas confirm\u00e9s depuis la semaine du 4 au 10 octobre. <em>\u00abAu cours des deux derni\u00e8res semaines, cette hausse est estim\u00e9e \u00e0 105,1 et 140,7%<\/em> (\u2026). <em>Deux wilayas enregistrent une augmentation des cas. Ce sont Oum El Bouaghi (377,3%, de 22 \u00e0 105 cas) et Constantine (165,9%, de 91 \u00e0 242)\u00bb<\/em>, peut-on y lire.<\/span><\/p>\n<p class=\"p6\"><span class=\"s1\">Pour les cas d\u00e9pist\u00e9s par l\u2019imagerie m\u00e9dicale, la hausse des notifications a d\u00e9marr\u00e9 entre le 25 et le 31 octobre (363,6%, de 66 \u00e0 306 cas) et se poursuit jusqu\u2019\u00e0 ce jour. \u00abL\u2019accroissement au cours des sept derniers jours est de 42,6% versus 1,3% la semaine pr\u00e9c\u00e9dente, avec 310 cas hebdomadaires notifi\u00e9s entre le 1<sup>er<\/sup> et le 7 novembre versus 442 entre le 8 et le 14 novembre.<\/span><\/p>\n<p class=\"p6\"><span class=\"s1\">Le nombre de cas d\u00e9clar\u00e9s a augment\u00e9 pour toutes les wilayas de 100%, 68,9%, 48,9% et de 19,1%, respectivement pour Khenchela, Skikda, Oum El Bouaghi et Constantine.<\/span><\/p>\n<p class=\"p6\"><span class=\"s1\">La sous-r\u00e9gion Est du pays se caract\u00e9rise, par ailleurs, par la hausse la plus importante des cas PCR+ au cours de la semaine du 7 au 14 novembre, avec un accroissement de 234,5%, le nombre de cas d\u00e9clar\u00e9s passant de 119 \u00e0 398.<\/span><\/p>\n<p class=\"p6\"><span class=\"s1\">Toutes les wilayas ont enregistr\u00e9 une augmentation du nombre hebdomadaire de nouveaux cas, qui varie de 64,5% (Souk Ahras\u00a0: 31 \u00e0 51) \u00e0 670,6% (T\u00e9bessa\u00a0: 17 \u00e0 131).<\/span><\/p>\n<p class=\"p6\"><span class=\"s1\">Aussi, la courbe des hospitalisations affiche-t-elle une phase ascendante \u00e0 partir du 1<sup>er<\/sup> octobre \u00e0 ce jour, notamment dans la sous-r\u00e9gion de l\u2019Est. <em>\u00abJusqu\u2019au 11, le nombre de patients en structures hospitali\u00e8res est inf\u00e9rieur \u00e0 900 par jour<\/em>, d\u00e9taille le document.<\/span><\/p>\n<p class=\"p6\"><span class=\"s1\"><em>Du 12 au 17 octobre, le nombre de malades se situe entre 900 et 1000. A partir du 18, ce chiffre d\u00e9passe le seuil des 1000 pour atteindre 1539 patients Covid-19 hospitalis\u00e9s le 31 octobre<\/em><strong><em>.<\/em><\/strong><\/span><\/p>\n<p class=\"p6\"><span class=\"s1\"><em>La moyenne quotidienne pour le mois d\u2019octobre est de 1069 patients. Pour les quatorze premiers jours de novembre, on enregistre un nombre moyen quotidien de 1952,4 patients Covid-19 en structures hospitali\u00e8res, avec des extr\u00eames de 1631 et de 2265 respectivement le 1<sup>er<\/sup>\u00a0et le 14 octobre.<\/em><\/span><\/p>\n<p class=\"p6\"><span class=\"s1\"><em>On peut noter que la moyenne quotidienne est sup\u00e9rieure \u00e0 celle observ\u00e9e en ao\u00fbt, o\u00f9 le nombre de patients hospitalis\u00e9s a vari\u00e9 de 1437 (le 27 ao\u00fbt) \u00e0 2883 (le 8 ao\u00fbt)\u00bb<\/em>.<\/span><\/p>\n<p class=\"p6\"><span class=\"s1\">Pour ce qui est des patients hospitalis\u00e9s en r\u00e9animation selon les sous-r\u00e9gions de l\u2019Est, il est \u00e0 constater que durant le mois de novembre, le nombre les malades admis en Unit\u00e9s de soins intensifs (USI) a d\u00e9pass\u00e9 les 100 cas, avec un pic de 127 le 12 novembre, chiffre jamais atteint auparavant dans cette r\u00e9gion.<\/span><\/p>\n<p class=\"p6\"><span class=\"s1\">Durant les sept derniers jours, on enregistre un nombre moyen de patients en USI de 117,1 par jour.\u00a0<\/span><span class=\"s1\"><em>\u00abPour la sous-r\u00e9gion est-ouest, la hausse des hospitalisations en r\u00e9animation s\u2019est intensifi\u00e9e au cours des deux derni\u00e8res semaines, avec en moyenne 63,6 patients par jour durant la derni\u00e8re semaine versus 49,6 la semaine pr\u00e9c\u00e9dente, soit un accroissement de 28,2%.<\/em><\/span><\/p>\n<p class=\"p6\"><span class=\"s1\"><em>La valeur maximale est enregistr\u00e9e le 12 novembre avec 70 patients en USI. Durant la semaine du 8 au 14 novembre, Jijel et S\u00e9tif totalisaient 66,0% des patients en USI de leur sous-r\u00e9gion\u00bb<\/em>, pr\u00e9cise-t-on.<\/span><\/p>\n<p><span class=\"post-views-label\">Post Views:<\/span> <span class=\"post-views-count\">2\u00a0321<\/span><\/p>\n<div class=\"ichhar-moneytagnative c5\" id=\"ichhar-1377779299\">\n<p>Advertisements<\/p>\n<\/div>\n<p><br class=\"c2\"\/><br class=\"c6\"\/><\/p>\n<p>Auteur: Anis Khecheba<br \/>\n<a href=\"https:\/\/www.elwatan.com\/edition\/actualite\/la-grande-inquietude-des-citoyens-19-11-2020\">Cliquez ici pour lire l&rsquo;article depuis sa source.<\/a><\/p>\n","protected":false},"excerpt":{"rendered":"<p>Concernant les chiffres officiels, qui ont d\u00e9pass\u00e9 aujourd\u2019hui la barre des 1000 cas\/jour, le Dr Mohamed Yousfi souligne qu\u2019ils sont bas\u00e9s sur les malades hospitalis\u00e9s ayant effectu\u00e9 les tests PCR. Or, il faut savoir que l\u2019Alg\u00e9rie ne fait pas de d\u00e9pistage massif et que le nombre de rapporteurs n\u2019est pas suffisant. Le seuil symbolique des [&hellip;]<\/p>\n","protected":false},"author":1743,"featured_media":105162,"comment_status":"closed","ping_status":"closed","sticky":false,"template":"","format":"standard","meta":{"fifu_image_url":"","fifu_image_alt":"","footnotes":""},"categories":[73,53],"tags":[],"class_list":["post-105161","post","type-post","status-publish","format-standard","has-post-thumbnail","hentry","category-actualite","category-algerie"],"_links":{"self":[{"href":"https:\/\/linitiative.ca\/International\/wp-json\/wp\/v2\/posts\/105161","targetHints":{"allow":["GET"]}}],"collection":[{"href":"https:\/\/linitiative.ca\/International\/wp-json\/wp\/v2\/posts"}],"about":[{"href":"https:\/\/linitiative.ca\/International\/wp-json\/wp\/v2\/types\/post"}],"author":[{"embeddable":true,"href":"https:\/\/linitiative.ca\/International\/wp-json\/wp\/v2\/users\/1743"}],"replies":[{"embeddable":true,"href":"https:\/\/linitiative.ca\/International\/wp-json\/wp\/v2\/comments?post=105161"}],"version-history":[{"count":0,"href":"https:\/\/linitiative.ca\/International\/wp-json\/wp\/v2\/posts\/105161\/revisions"}],"wp:featuredmedia":[{"embeddable":true,"href":"https:\/\/linitiative.ca\/International\/wp-json\/"}],"wp:attachment":[{"href":"https:\/\/linitiative.ca\/International\/wp-json\/wp\/v2\/media?parent=105161"}],"wp:term":[{"taxonomy":"category","embeddable":true,"href":"https:\/\/linitiative.ca\/International\/wp-json\/wp\/v2\/categories?post=105161"},{"taxonomy":"post_tag","embeddable":true,"href":"https:\/\/linitiative.ca\/International\/wp-json\/wp\/v2\/tags?post=105161"}],"curies":[{"name":"wp","href":"https:\/\/api.w.org\/{rel}","templated":true}]}}