{"id":105167,"date":"2020-11-19T03:29:00","date_gmt":"2020-11-19T08:29:00","guid":{"rendered":"https:\/\/linitiative.ca\/International\/fadhel-kraiem-la-banque-postale-ne-saurait-tarder\/"},"modified":"2020-11-19T03:29:00","modified_gmt":"2020-11-19T08:29:00","slug":"fadhel-kraiem-la-banque-postale-ne-saurait-tarder","status":"publish","type":"post","link":"https:\/\/linitiative.ca\/International\/fadhel-kraiem-la-banque-postale-ne-saurait-tarder\/","title":{"rendered":"Fadhel Kraiem : La banque postale ne saurait tarder"},"content":{"rendered":"<p class=\"c2\"><strong>Depuis des ann\u00e9es, la poste tunisisienne caracole en t\u00eate de ses consoeurs africaines et arabes. Mais\u00a0 qui n&rsquo;avance pas recule. Le ministre des Technologies et de la communication en est conscient qui nourrit de de grandes amBitions pour ce service public. L&rsquo;int\u00e9gration de la poste postale, la modernisation de la logistique et la digitalisation, soit une transformation en profondeur de ce service public.\u00a0<br \/><\/strong><\/p>\n<p class=\"c2\"><strong>Dans cette interview, le ministre nous brosse les grandes lignes de son programme<br \/><\/strong><\/p>\n<p><span class=\"c4\"><span class=\"c3\"><strong>Quelle est votre ambition pour la Poste tunisienne?<\/strong><\/span><\/span><\/p>\n<p>C\u2019est une fiert\u00e9 nationale que de se maintenir en t\u00eate de peloton en Afrique et dans le monde arabe, gagnant m\u00eame une place d\u2019avance dans le classement mondial. Mais, ce leadership qui s\u2019\u00e9tend \u00e0 l\u2019inclusion financi\u00e8re ne doit pas nous faire oublier la n\u00e9cessit\u00e9 d\u2019une transformation en profondeur. Il s\u2019agit de proc\u00e9der \u00e0 l\u2019int\u00e9gration de la banque postale, la modernisation de la logistique (courrier, colis, e-commerce&#8230;) et la digitalisation.<\/p>\n<p>La Poste b\u00e9n\u00e9ficie aupr\u00e8s des Tunisiens d\u2019un grand capital de confiance et d\u2019appr\u00e9ciation. Elle dispose du r\u00e9seau le plus \u00e9tendu \u00e0 travers le pays, avec 1100 points de pr\u00e9sence, dont une cinquantaine de points mobiles. Et elle contribue utilement \u00e0 l\u2019effort d\u2019int\u00e9gration financi\u00e8re.<\/p>\n<p>D\u00e8s le d\u00e9clenchement de la crise sanitaire provoqu\u00e9e par le Covid-19, elle a confirm\u00e9 une fois de plus son r\u00f4le social, notamment en assurant la continuit\u00e9 des prestations et en proc\u00e9dant \u00e0 la liquidation des pensions et des aides sociales.<\/p>\n<p>Ce capital-confiance est important \u00e0 valoriser et fructifier. La transformation en banque postale permettra d\u2019offrir de nouveaux produits financiers et de renforcer l\u2019inclusion.<\/p>\n<p><span class=\"c4\"><span class=\"c3\"><strong>O\u00f9 en est la cr\u00e9ation de la banque postale?<\/strong><\/span><\/span><\/p>\n<p>Le processus engag\u00e9 en 2019 avec le rachat d\u2019une banque avance bien, avec cependant une nouvelle orientation. L\u2019option de rachat a \u00e9t\u00e9 abandonn\u00e9e et un groupe de travail form\u00e9 avec la participation de la Banque centrale examine actuellement les diff\u00e9rents aspects. Je viens d\u2019ailleurs de me r\u00e9unir \u00e0 ce sujet avec le Gouverneur Marouane El Abassi pour faire avancer le dossier.<\/p>\n<p><span class=\"c4\"><span class=\"c3\"><strong>Quel serait le planning \u00e9tabli?<\/strong><\/span><\/span><\/p>\n<p>Il faut compter pr\u00e8s de 6 mois pour finaliser la premi\u00e8re s\u00e9quence, d\u00e9terminante. Il s\u2019agit en effet d\u2019obtenir la validation de la Banque centrale, l\u2019accord du minist\u00e8re de l\u2019Economie qui est en charge des finances, et l\u2019approbation du gouvernement lors d\u2019un CMR\u00a0 d\u00e9di\u00e9 \u00e0 ce sujet. Cela nous donnera un Go clair avec un sch\u00e9ma de lancement.<\/p>\n<p><span class=\"c3\"><span class=\"c4\"><strong>Et pour les autres actions?<\/strong><\/span><\/span><\/p>\n<p>Un nouveau centre de tri postal est \u00e0 un stade avanc\u00e9 d\u2019\u00e9tude. Il s\u2019agira d\u2019une grande plateforme, moderne et adapt\u00e9e aux nouveaux besoins actuels et aussi futurs. Cette infrastructure logistique sera tr\u00e8s utile pour le d\u00e9veloppement du traitement du courrier et des colis mais aussi pour l\u2019export.<\/p>\n<p>La Poste s\u2019implique en effet dans le processus d\u2019Easy-Export en faveur des PME. Elle a d\u00e9velopp\u00e9 un concept de guichet unique pour les petits exportateurs, notamment de produits de l\u2019artisanat, en se chargeant elle-m\u00eame de toutes les formalit\u00e9s douani\u00e8res et autres, jusqu\u2019\u00e0 l\u2019exp\u00e9dition. D\u2019ores et d\u00e9j\u00e0, 10 guichets pilotes ont \u00e9t\u00e9 ouverts \u00e0 Tunis et dans nombre de r\u00e9gions. Les premiers r\u00e9sultats sont probants.<\/p>\n<p><strong>Lire aussi<\/strong><\/p>\n<p><a href=\"https:\/\/www.leaders.com.tn\/article\/30938-fadhel-kraiem-la-5-g-le-cahier-des-charges-en-2021\" target=\"_blank\" rel=\"noopener noreferrer\">Fadhel Kraiem : La 5 G ? le cahier des charges en 2021<\/a><\/p>\n<p><a href=\"https:\/\/www.leaders.com.tn\/article\/30924-govtech-l-acces-equitable-aux-prestations-administratives-numeriques\" target=\"_blank\" rel=\"noopener noreferrer\">GovTech : \u00e0 quand le passage \u00e0 l&rsquo;administration \u00e9lectronique ? La r\u00e9ponse du ministre des Technologies et de la communication, Fadhel Kraiem<\/a><\/p>\n<p><a href=\"https:\/\/www.leaders.com.tn\/article\/30907-fadhel-kraiem-nous-devons-organiser-et-favoriser-le-teletravail\" target=\"_blank\" rel=\"noopener noreferrer\">Comment la Tunisie doit se mettre au t\u00e9l\u00e9travail ? La r\u00e9ponse du ministre Fadhel Kra\u00efem<\/a><\/p>\n<p><a href=\"https:\/\/www.leaders.com.tn\/article\/30895-fadhel-kraiem-une-strategie-d-ensemble-est-urgente-pour-le-teleenseignement\" target=\"_blank\" rel=\"noopener noreferrer\">Fadhel Kraiem: une strat\u00e9gie d\u2019ensemble est urgente pour le t\u00e9l\u00e9enseignement<\/a><\/p>\n<p><a href=\"https:\/\/www.leaders.com.tn\/article\/30854-mohamed-fadhel-kraiem-monter-au-creneau-pour-un-enjeu-pays\" target=\"_blank\" rel=\"noopener noreferrer\">Mohamed Fadhel Kraiem: Monter au cr\u00e9neau pour un enjeu pays<\/a><\/p>\n<p><a href=\"https:\/\/www.leaders.com.tn\/article\/30874-fadhel-kraiem-sous-covid-19-le-secteur-numerique-a-ete-fantastique\" target=\"_blank\" rel=\"noopener noreferrer\">Fadhel Kraiem: Sous Covid-19, le secteur num\u00e9rique a \u00e9t\u00e9 fantastique<\/a><\/p>\n<p><a href=\"https:\/\/www.leaders.com.tn\/article\/30873-fadhel-kraiem-ministre-des-technologies-de-la-communication-acceleration-digitale-le-plan-et-les-mesures\" target=\"_blank\" rel=\"noopener noreferrer\">Fadhel Kraiem, Ministre des Technologies de la communication: Acc\u00e9l\u00e9ration digitale, le plan et les mesures<\/a><\/p>\n<p class=\"c5\"><strong><a href=\"https:\/\/www.leaders.com.tn\/le_mensuel_abonnez_vous\" target=\"_blank\" rel=\"noopener noreferrer\"><img loading=\"lazy\" decoding=\"async\" src=\"\/uploads\/FCK_files\/Bondou(12).jpg\" alt=\"\" width=\"500\" vspace=\"5\" hspace=\"5\" height=\"128\" align=\"middle\"\/><\/a><\/strong><\/p>\n<p>Auteur:<br \/>\n<a href=\"https:\/\/www.leaders.com.tn\/article\/30947-fadhel-kraiem-la-banque-postale-ne-saurait-tarder\">Cliquez ici pour lire l&rsquo;article depuis sa source.<\/a><\/p>\n","protected":false},"excerpt":{"rendered":"<p>Depuis des ann\u00e9es, la poste tunisisienne caracole en t\u00eate de ses consoeurs africaines et arabes. Mais\u00a0 qui n&rsquo;avance pas recule. Le ministre des Technologies et de la communication en est conscient qui nourrit de de grandes amBitions pour ce service public. L&rsquo;int\u00e9gration de la poste postale, la modernisation de la logistique et la digitalisation, soit [&hellip;]<\/p>\n","protected":false},"author":1772,"featured_media":105168,"comment_status":"closed","ping_status":"closed","sticky":false,"template":"","format":"standard","meta":{"fifu_image_url":"","fifu_image_alt":"","footnotes":""},"categories":[73,55],"tags":[],"class_list":["post-105167","post","type-post","status-publish","format-standard","has-post-thumbnail","hentry","category-actualite","category-tunisie"],"_links":{"self":[{"href":"https:\/\/linitiative.ca\/International\/wp-json\/wp\/v2\/posts\/105167","targetHints":{"allow":["GET"]}}],"collection":[{"href":"https:\/\/linitiative.ca\/International\/wp-json\/wp\/v2\/posts"}],"about":[{"href":"https:\/\/linitiative.ca\/International\/wp-json\/wp\/v2\/types\/post"}],"author":[{"embeddable":true,"href":"https:\/\/linitiative.ca\/International\/wp-json\/wp\/v2\/users\/1772"}],"replies":[{"embeddable":true,"href":"https:\/\/linitiative.ca\/International\/wp-json\/wp\/v2\/comments?post=105167"}],"version-history":[{"count":0,"href":"https:\/\/linitiative.ca\/International\/wp-json\/wp\/v2\/posts\/105167\/revisions"}],"wp:featuredmedia":[{"embeddable":true,"href":"https:\/\/linitiative.ca\/International\/wp-json\/"}],"wp:attachment":[{"href":"https:\/\/linitiative.ca\/International\/wp-json\/wp\/v2\/media?parent=105167"}],"wp:term":[{"taxonomy":"category","embeddable":true,"href":"https:\/\/linitiative.ca\/International\/wp-json\/wp\/v2\/categories?post=105167"},{"taxonomy":"post_tag","embeddable":true,"href":"https:\/\/linitiative.ca\/International\/wp-json\/wp\/v2\/tags?post=105167"}],"curies":[{"name":"wp","href":"https:\/\/api.w.org\/{rel}","templated":true}]}}