{"id":105169,"date":"2020-11-19T06:54:00","date_gmt":"2020-11-19T11:54:00","guid":{"rendered":"https:\/\/linitiative.ca\/International\/les-lois-de-finance-a-lepreuve-de-la-covid-19-relancer-leconomie-ou-retablir-les-finances-publiques\/"},"modified":"2020-11-19T06:54:00","modified_gmt":"2020-11-19T11:54:00","slug":"les-lois-de-finance-a-lepreuve-de-la-covid-19-relancer-leconomie-ou-retablir-les-finances-publiques","status":"publish","type":"post","link":"https:\/\/linitiative.ca\/International\/les-lois-de-finance-a-lepreuve-de-la-covid-19-relancer-leconomie-ou-retablir-les-finances-publiques\/","title":{"rendered":"Les lois de finance \u00e0 l&rsquo;\u00e9preuve de la Covid-19: relancer l&rsquo;\u00e9conomie ou r\u00e9tablir les finances publiques?"},"content":{"rendered":"<p>Le laboratoire d\u2019Int\u00e9gration Economique Internationale organise en collaboration avec l\u2019Association des Relations Economiques et Financi\u00e8res Internationales avec le soutien de la Fondation Friedrich Naumann pour la Libert\u00e9 et l&rsquo;ambassade de France en Tunisie &#8211; Service de coop\u00e9ration et d&rsquo;action culturelle, un \u00e9v\u00e8nement portant sur le th\u00e8me \u00abLes Lois de finances \u00e0 l\u2019\u00e9preuve de la Covid 19: relancer l\u2019\u00e9conomie ou r\u00e9tablir les finances publiques?\u00bb.<\/p>\n<p>Le sujet est actuellement d\u2019une importance capitale pour le pays, dans la mesure o\u00f9 il essaie d\u2019allier les solutions de court terme pour pallier une conjoncture difficile dans le cadre d\u2019une vision \u00e9conomique globale, que certains qualifient de nouveau mod\u00e8le de d\u00e9veloppement. Le sujet sera abord\u00e9 dans une optique qui permet \u00e0 la Tunisie de renouer avec le chemin vertueux de la croissance dans une conjoncture difficile et avec des moyens de financements extr\u00eamement limit\u00e9s. Dans ce cadre et \u00e0 la croissance atone enregistr\u00e9e ces derni\u00e8res ann\u00e9es, est venue s\u2019ajouter la crise de la Covid-19 avec les implications du confinement g\u00e9n\u00e9ralis\u00e9. Dans ces circonstances, les ressources de l\u2019Etat se sont amenuis\u00e9es suite \u00e0 l\u2019arr\u00eat quasi g\u00e9n\u00e9ralis\u00e9 de la machine productive et \u00e0 l\u2019arr\u00eat du travail. D\u2019un autre c\u00f4t\u00e9, les d\u00e9penses se sont accrues suite aux besoins urgents en soins de sant\u00e9 et aux besoins d\u2019indemnisation de certaines activit\u00e9s tr\u00e8s touch\u00e9es par la pand\u00e9mie. Le besoin de financement qui \u00e9tait d\u00e9j\u00e0 important dans la LF 2020 initiale, s\u2019est accentu\u00e9 dans la loi de finance rectificative d\u00e9pos\u00e9e le 15 octobre 2020 \u00e0 l\u2019ARP. Rejet\u00e9e par cette derni\u00e8re, une deuxi\u00e8me LF rectificative r\u00e9cemment d\u00e9pos\u00e9e, all\u00e8ge un peu les besoins de financement mais garde la m\u00eame ADN que la premi\u00e8re rectificative. Avec une croissance n\u00e9gative, la reprise ne semble pas \u00eatre au rendez-vous, vient s\u2019ajouterun besoin de financement tr\u00e8s important, une pression fiscale atteignant des niveaux \u00e0 la limite du tol\u00e9rable, un endettement public qui affleure l\u2019insoutenabilit\u00e9, un secteur public (administration) hypertrophi\u00e9 et des entreprises publiques budg\u00e9tivores et en situation critique, tout cela couronn\u00e9 par des manifestations dans les r\u00e9gions demandant leur droit au travail\u2026..<\/p>\n<p>Comment les LF successives (2020 et 2021) pourront-elles juguler tous ces probl\u00e8mes? Comment parer au plus urgent? Comment prioriser les d\u00e9penses dans le budget? Peut-on parler de relance ? O\u00f9 trouvera t-on l\u2019espace budg\u00e9taire pour se projeter dans un plan de relance ? Quelles mesures faisables et innovantes peut \u2013on proposer au gouvernement dans ces conditions difficiles?<\/p>\n<p>C\u2019est \u00e0 ces questions que cette conf\u00e9rence, tentera de r\u00e9pondre, avec d\u2019\u00e9minents panelistes \u00e9conomistes universitaires:<\/p>\n<p class=\"c3\"><span class=\"c2\"><strong>\u2022 Abderrazek Zouari:<\/strong><\/span> Professeur universitaire et ancien Ministre du D\u00e9veloppement r\u00e9gional<\/p>\n<p class=\"c3\"><span class=\"c2\"><strong>\u2022<\/strong><\/span> <span class=\"c2\"><strong>Taoufik Rajhi:<\/strong><\/span> Professeur universitaire et ex Ministre charg\u00e9 du suivi des r\u00e9formes majeures<\/p>\n<p class=\"c3\"><span class=\"c2\"><strong>\u2022<\/strong><\/span> <span class=\"c2\"><strong>Zouheir bouchaddakh:<\/strong><\/span> Professeur universitaire, Facult\u00e9 des Sciences Economiques et de Gestion de Tunis \u2013 Laboratoire d\u2019Int\u00e9gration Economique Internationale &#8211;<\/p>\n<p class=\"c3\"><span class=\"c2\"><strong><span class=\"c2\"><strong>\u2022<\/strong><\/span> Samir Abdelhafidh:<\/strong><\/span> Professeur universitaire, Facult\u00e9 des Sciences Economiques et de Gestion de Tunis \u2013 Laboratoire d\u2019Int\u00e9gration Economique Internationale \u2013<\/p>\n<p>La conf\u00e9rence qui aura lieu le vendredi 20 novembre 2020 \u00e0 17h et sera diffus\u00e9e sur les r\u00e9seaux sociaux, sera mod\u00e9r\u00e9e par <span class=\"c2\"><strong>Professeure Fatma Marrakchi Charfi<\/strong><\/span>, directrice du Laboratoire d\u2019Int\u00e9gration Economique Internationale.<\/p>\n<p>Auteur:<br \/>\n<a href=\"https:\/\/www.leaders.com.tn\/article\/30955-les-lois-de-finance-a-l-epreuve-de-la-covid-19-relancer-l-economie-ou-retablir-les-fiances-publiques\">Cliquez ici pour lire l&rsquo;article depuis sa source.<\/a><\/p>\n","protected":false},"excerpt":{"rendered":"<p>Le laboratoire d\u2019Int\u00e9gration Economique Internationale organise en collaboration avec l\u2019Association des Relations Economiques et Financi\u00e8res Internationales avec le soutien de la Fondation Friedrich Naumann pour la Libert\u00e9 et l&rsquo;ambassade de France en Tunisie &#8211; Service de coop\u00e9ration et d&rsquo;action culturelle, un \u00e9v\u00e8nement portant sur le th\u00e8me \u00abLes Lois de finances \u00e0 l\u2019\u00e9preuve de la Covid [&hellip;]<\/p>\n","protected":false},"author":1772,"featured_media":0,"comment_status":"closed","ping_status":"closed","sticky":false,"template":"","format":"standard","meta":{"fifu_image_url":"","fifu_image_alt":"","footnotes":""},"categories":[73,55],"tags":[],"class_list":["post-105169","post","type-post","status-publish","format-standard","hentry","category-actualite","category-tunisie"],"_links":{"self":[{"href":"https:\/\/linitiative.ca\/International\/wp-json\/wp\/v2\/posts\/105169","targetHints":{"allow":["GET"]}}],"collection":[{"href":"https:\/\/linitiative.ca\/International\/wp-json\/wp\/v2\/posts"}],"about":[{"href":"https:\/\/linitiative.ca\/International\/wp-json\/wp\/v2\/types\/post"}],"author":[{"embeddable":true,"href":"https:\/\/linitiative.ca\/International\/wp-json\/wp\/v2\/users\/1772"}],"replies":[{"embeddable":true,"href":"https:\/\/linitiative.ca\/International\/wp-json\/wp\/v2\/comments?post=105169"}],"version-history":[{"count":0,"href":"https:\/\/linitiative.ca\/International\/wp-json\/wp\/v2\/posts\/105169\/revisions"}],"wp:attachment":[{"href":"https:\/\/linitiative.ca\/International\/wp-json\/wp\/v2\/media?parent=105169"}],"wp:term":[{"taxonomy":"category","embeddable":true,"href":"https:\/\/linitiative.ca\/International\/wp-json\/wp\/v2\/categories?post=105169"},{"taxonomy":"post_tag","embeddable":true,"href":"https:\/\/linitiative.ca\/International\/wp-json\/wp\/v2\/tags?post=105169"}],"curies":[{"name":"wp","href":"https:\/\/api.w.org\/{rel}","templated":true}]}}