{"id":105171,"date":"2020-11-19T10:34:00","date_gmt":"2020-11-19T15:34:00","guid":{"rendered":"https:\/\/linitiative.ca\/International\/un-ecomusee-de-la-memoire-des-mines-de-gafsa-pour-evacuer-la-region-de-la-prison-du-phosphate\/"},"modified":"2020-11-19T10:34:00","modified_gmt":"2020-11-19T15:34:00","slug":"un-ecomusee-de-la-memoire-des-mines-de-gafsa-pour-evacuer-la-region-de-la-prison-du-phosphate","status":"publish","type":"post","link":"https:\/\/linitiative.ca\/International\/un-ecomusee-de-la-memoire-des-mines-de-gafsa-pour-evacuer-la-region-de-la-prison-du-phosphate\/","title":{"rendered":"Un Ecomus\u00e9e de la m\u00e9moire des mines de Gafsa pour \u00e9vacuer la r\u00e9gion de la prison du phosphate"},"content":{"rendered":"<p><em>\u00ab\u2026Un jour les eaux se sont retir\u00e9es, tr\u00e8s vite, comme une nappe que l\u2019on arrache d\u2019un seul coup. Les poissons, les crustac\u00e9s, les mollusques ont p\u00e9ri sur place par \u00e9paisseurs prodigieuses. Toute cette vie se fait retour au r\u00e8gne min\u00e9ral. Le charnier est devenu gisement. Squelettes, carapaces, coquilles, tout cela ne forme plus qu\u2019une couche g\u00e9ologique : le phosphate<\/em>\u00bb.<br \/><strong>G. Duhamel \u00ab le prince Jafaar \u00bb<\/strong><\/p>\n<p><span class=\"c3\"><span class=\"c2\"><em><strong><img decoding=\"async\" src=\"\/uploads\/FCK_files\/Ridha-Tlili---Hela-Beji-20-01-14-(1)(1).jpg\" width=\"20%\" vspace=\"5\" hspace=\"5\" align=\"left\" alt=\"\"\/>Par Prof. Ridha Tlili &#8211;<\/strong><\/em><\/span><\/span> Sans aucun doute, le patrimoine minier et industriel du bassin de phosphate de Gafsa est parmi les plus important au monde. A ce titre, il dispose de toutes les caract\u00e9ristiques \u00e9co-mus\u00e9ographiques qui placent ce patrimoine comme une institution singuli\u00e8re, importante et pilote dans le r\u00e9seau international des lieux de m\u00e9moire de la r\u00e9volution industrielle et technique ou a jaillit l\u2019\u00e9lectricit\u00e9, ou a apparu la machine \u00e0 vapeur, le chemin de fer, l\u2019innovation technologique, la confrontation du savoir historique pal\u00e9ontologique, p\u00e9trographique g\u00e9ologique, technique\u2026<\/p>\n<p>Sans alleR dans une d\u00e9monstration scientifique et anthologique de cehaut lieu de la m\u00e9moire, il est certain que la Tunisie dispose d\u2019une richesse r\u00e9ellement unique en terme du positionnement g\u00e9ographique et environnementale (montagnes, oasis, gorges, cascades spectaculaires, paysages insolites et magiques\u2026) qui donne \u00e0 ce projet une dynamique de d\u00e9veloppement durable concr\u00e8tes et r\u00e9elle:<\/p>\n<p class=\"c4\"><span class=\"c3\"><strong>\u2022<\/strong><\/span> Garantissant l\u2019emploi de qualit\u00e9 aux dipl\u00f4m\u00e9es ch\u00f4meurs, historiens, ing\u00e9nieurs, mus\u00e9ologues, anthropologues, techniciens, urbanistes, artisans&#8230;<\/p>\n<p class=\"c4\"><span class=\"c3\"><strong>\u2022<\/strong><\/span> Affirmant le sens de la dignit\u00e9 d\u2019appartenance aux habitants de la r\u00e9gion, \u00e0 tous les Tunisiens et aux autres communaut\u00e9s \u00e9trang\u00e8res qui ont v\u00e9cu dans cette r\u00e9gion.<\/p>\n<p class=\"c4\"><span class=\"c3\"><strong>\u2022<\/strong><\/span> Assurantun tourisme alternatif du savoir et qui donne \u00e0 l\u2019universit\u00e9 de Gafsa aux institutions concern\u00e9es une nouvelle motivation pour la recherche \u00e0 partir de cette exceptionnelle richesse.<\/p>\n<p>En un mot ce projet d\u2019\u00e9comus\u00e9e des mines, constitue un v\u00e9ritable centre moderne de la m\u00e9moire et du savoir.<\/p>\n<p>Pour ces raisons je vous prie M. le chef du gouvernement d\u2019ins\u00e9rer ce projet dans le cadre de la politique de d\u00e9veloppement de la r\u00e9gion de Gafsa. C\u2019est un appel dans l\u2019urgence parce que cette richesse unique au monde risque de s\u2019\u00e9vaporer ou de se faire dilapider par d\u2019autres conscients de la valeur et de l\u2019importance du patrimoine.<\/p>\n<p>M. le chef du gouvernement cela fait des ann\u00e9es que ce projet est ignor\u00e9 pour des raisons \u00e0 mon avis injustifi\u00e9es.<\/p>\n<p>J\u2019esp\u00e8re qu\u2019a l\u2019occasion du conseil du Ministre du 24 novembre 2020 consacr\u00e9 \u00e0 la r\u00e9gion de Gafsa ce projet verra le jour.<\/p>\n<p class=\"c5\"><strong>Prof. Ridha Tlili<\/strong><\/p>\n<p><span class=\"c2\"><em>Note: des \u00e9tudes pr\u00e9liminaires \u00eatre r\u00e9alis\u00e9es.<br \/>Note: l\u2019\u00e9tat de ce qui reste du mus\u00e9e de Metlaoui est indigne de nous tous Tunisies, le b\u00e2timent est mur\u00e9, un rappel permanent aux atmosph\u00e8res de guerre.<\/em><\/span><br \/>\u00a0<\/p>\n<p>Auteur:<br \/>\n<a href=\"https:\/\/www.leaders.com.tn\/article\/30956-note-a-m-le-chef-du-gouvernement-un-ecomusee-de-la-memoire-des-mines-de-gafsa-pour-evacuer-la-region-de-la-prison-du-phosphate\">Cliquez ici pour lire l&rsquo;article depuis sa source.<\/a><\/p>\n","protected":false},"excerpt":{"rendered":"<p>\u00ab\u2026Un jour les eaux se sont retir\u00e9es, tr\u00e8s vite, comme une nappe que l\u2019on arrache d\u2019un seul coup. Les poissons, les crustac\u00e9s, les mollusques ont p\u00e9ri sur place par \u00e9paisseurs prodigieuses. Toute cette vie se fait retour au r\u00e8gne min\u00e9ral. Le charnier est devenu gisement. Squelettes, carapaces, coquilles, tout cela ne forme plus qu\u2019une couche [&hellip;]<\/p>\n","protected":false},"author":1772,"featured_media":105172,"comment_status":"closed","ping_status":"closed","sticky":false,"template":"","format":"standard","meta":{"fifu_image_url":"","fifu_image_alt":"","footnotes":""},"categories":[73,55],"tags":[],"class_list":["post-105171","post","type-post","status-publish","format-standard","has-post-thumbnail","hentry","category-actualite","category-tunisie"],"_links":{"self":[{"href":"https:\/\/linitiative.ca\/International\/wp-json\/wp\/v2\/posts\/105171","targetHints":{"allow":["GET"]}}],"collection":[{"href":"https:\/\/linitiative.ca\/International\/wp-json\/wp\/v2\/posts"}],"about":[{"href":"https:\/\/linitiative.ca\/International\/wp-json\/wp\/v2\/types\/post"}],"author":[{"embeddable":true,"href":"https:\/\/linitiative.ca\/International\/wp-json\/wp\/v2\/users\/1772"}],"replies":[{"embeddable":true,"href":"https:\/\/linitiative.ca\/International\/wp-json\/wp\/v2\/comments?post=105171"}],"version-history":[{"count":0,"href":"https:\/\/linitiative.ca\/International\/wp-json\/wp\/v2\/posts\/105171\/revisions"}],"wp:featuredmedia":[{"embeddable":true,"href":"https:\/\/linitiative.ca\/International\/wp-json\/"}],"wp:attachment":[{"href":"https:\/\/linitiative.ca\/International\/wp-json\/wp\/v2\/media?parent=105171"}],"wp:term":[{"taxonomy":"category","embeddable":true,"href":"https:\/\/linitiative.ca\/International\/wp-json\/wp\/v2\/categories?post=105171"},{"taxonomy":"post_tag","embeddable":true,"href":"https:\/\/linitiative.ca\/International\/wp-json\/wp\/v2\/tags?post=105171"}],"curies":[{"name":"wp","href":"https:\/\/api.w.org\/{rel}","templated":true}]}}