{"id":105195,"date":"2020-11-19T15:59:01","date_gmt":"2020-11-19T20:59:01","guid":{"rendered":"https:\/\/linitiative.ca\/International\/cameroun-le-ministere-des-transports-conseille-lassurance-tous-risques-aux-nouveaux-conducteurs\/"},"modified":"2020-11-19T15:59:01","modified_gmt":"2020-11-19T20:59:01","slug":"cameroun-le-ministere-des-transports-conseille-lassurance-tous-risques-aux-nouveaux-conducteurs","status":"publish","type":"post","link":"https:\/\/linitiative.ca\/International\/cameroun-le-ministere-des-transports-conseille-lassurance-tous-risques-aux-nouveaux-conducteurs\/","title":{"rendered":"Cameroun: le minist\u00e8re des Transports conseille l\u2019assurance tous risques aux nouveaux conducteurs"},"content":{"rendered":"<div readability=\"32\">\n<p>Publi\u00e9 le 19.11.2020 \u00e0 21h59 par JournalduCameroun.com<\/p>\n<\/div>\n<div readability=\"55\">\n<h2>Une campagne initi\u00e9e \u00e0 cette fin aupr\u00e8s des promoteurs des auto-\u00e9coles<\/h2>\n<p><span class=\"c6\">Le minist\u00e8re camerounais des Transports a lanc\u00e9 une campagne de sensibilisation \u00e0 Yaound\u00e9, le 17 novembre, aupr\u00e8s des promoteurs d\u2019auto-\u00e9coles et leurs directeurs techniques, sur une<\/span> <em><span class=\"c6\">\u201cnouvelle solution d\u2019assurance tous risques qui prend en charge des sinistres post-accident chez les nouveaux conducteurs\u201d<\/span><\/em><span class=\"c6\">.<\/span><\/p>\n<p><span class=\"c6\">Il s\u2019agit du service<\/span> <strong><em>\u201cOrion Auto First\u201d<\/em><\/strong><span class=\"c6\">, soutenu par le minist\u00e8re et mis en place par les soci\u00e9t\u00e9s d\u2019assurance<\/span> <strong>Orion Insurance and Reinsurance<\/strong> <span class=\"c6\">et<\/span> <strong>Royal Onyx Insurance Cie<\/strong><span class=\"c6\">.\u00a0\u00a0<\/span><\/p>\n<p><span class=\"c6\">Une rencontre similaire est pr\u00e9vue \u00e0<\/span> <strong>Douala<\/strong> <span class=\"c6\">et<\/span> <strong>Bafoussam<\/strong><span class=\"c6\">, respectivement les 26 novembre et 03 d\u00e9cembre 2020.<\/span><\/p>\n<p><span class=\"c6\">A travers cette campagne, le minist\u00e8re des Transports veut<\/span> <em><span class=\"c6\">\u201cr\u00e9duire la sinistralit\u00e9 chez les nouveaux d\u00e9tenteurs du permis de conduire\u201d<\/span><\/em><span class=\"c6\">.<\/span><\/p>\n<p><span class=\"c6\">En 2019, le Cameroun a enregistr\u00e9 937 d\u00e9c\u00e8s dus aux accidents de la circulation, selon les statistiques du minist\u00e8re des Transports.<\/span><\/p>\n<\/div>\n<p>Auteur: JournalduCameroun.com<br \/>\n<a href=\"https:\/\/www.journalducameroun.com\/cameroun-min-transports-conseille-assurance-tous-risques-nouveaux-conducteurs\/\">Cliquez ici pour lire l&rsquo;article depuis sa source.<\/a><\/p>\n","protected":false},"excerpt":{"rendered":"<p>Publi\u00e9 le 19.11.2020 \u00e0 21h59 par JournalduCameroun.com Une campagne initi\u00e9e \u00e0 cette fin aupr\u00e8s des promoteurs des auto-\u00e9coles Le minist\u00e8re camerounais des Transports a lanc\u00e9 une campagne de sensibilisation \u00e0 Yaound\u00e9, le 17 novembre, aupr\u00e8s des promoteurs d\u2019auto-\u00e9coles et leurs directeurs techniques, sur une \u201cnouvelle solution d\u2019assurance tous risques qui prend en charge des sinistres [&hellip;]<\/p>\n","protected":false},"author":1965,"featured_media":0,"comment_status":"closed","ping_status":"closed","sticky":false,"template":"","format":"standard","meta":{"fifu_image_url":"","fifu_image_alt":"","footnotes":""},"categories":[73,82],"tags":[],"class_list":["post-105195","post","type-post","status-publish","format-standard","hentry","category-actualite","category-cameroun"],"_links":{"self":[{"href":"https:\/\/linitiative.ca\/International\/wp-json\/wp\/v2\/posts\/105195","targetHints":{"allow":["GET"]}}],"collection":[{"href":"https:\/\/linitiative.ca\/International\/wp-json\/wp\/v2\/posts"}],"about":[{"href":"https:\/\/linitiative.ca\/International\/wp-json\/wp\/v2\/types\/post"}],"author":[{"embeddable":true,"href":"https:\/\/linitiative.ca\/International\/wp-json\/wp\/v2\/users\/1965"}],"replies":[{"embeddable":true,"href":"https:\/\/linitiative.ca\/International\/wp-json\/wp\/v2\/comments?post=105195"}],"version-history":[{"count":0,"href":"https:\/\/linitiative.ca\/International\/wp-json\/wp\/v2\/posts\/105195\/revisions"}],"wp:attachment":[{"href":"https:\/\/linitiative.ca\/International\/wp-json\/wp\/v2\/media?parent=105195"}],"wp:term":[{"taxonomy":"category","embeddable":true,"href":"https:\/\/linitiative.ca\/International\/wp-json\/wp\/v2\/categories?post=105195"},{"taxonomy":"post_tag","embeddable":true,"href":"https:\/\/linitiative.ca\/International\/wp-json\/wp\/v2\/tags?post=105195"}],"curies":[{"name":"wp","href":"https:\/\/api.w.org\/{rel}","templated":true}]}}