{"id":105196,"date":"2020-11-19T16:07:27","date_gmt":"2020-11-19T21:07:27","guid":{"rendered":"https:\/\/linitiative.ca\/International\/projets-dinfrastructures-pres-de-2500-milliards-de-f-cfa-mobilises-pour-le-cameroun-et-les-5-autres-pays-de-la-cemac\/"},"modified":"2020-11-19T16:07:27","modified_gmt":"2020-11-19T21:07:27","slug":"projets-dinfrastructures-pres-de-2500-milliards-de-f-cfa-mobilises-pour-le-cameroun-et-les-5-autres-pays-de-la-cemac","status":"publish","type":"post","link":"https:\/\/linitiative.ca\/International\/projets-dinfrastructures-pres-de-2500-milliards-de-f-cfa-mobilises-pour-le-cameroun-et-les-5-autres-pays-de-la-cemac\/","title":{"rendered":"Projets d\u2019infrastructures: pr\u00e8s de 2500 milliards de F CFA mobilis\u00e9s pour le Cameroun et les 5 autres pays de la Cemac"},"content":{"rendered":"<div readability=\"32\">\n<p>Publi\u00e9 le 19.11.2020 \u00e0 22h07 par JournalduCameroun.com<\/p>\n<\/div>\n<div readability=\"55.311475409836\">\n<h2>Les promesses de financement ont \u00e9t\u00e9 faites au cours de la table ronde des donateurs organis\u00e9e \u00e0 Paris les 16 et 17 novembre<\/h2>\n<p><span class=\"c6\">La Communaut\u00e9 \u00e9conomique et mon\u00e9taire de l\u2019Afrique centrale (<\/span><strong>Cemac<\/strong><span class=\"c6\">) a r\u00e9ussi \u00e0 mobiliser 3,8 milliards d\u2019euros (environ 2500 milliards de F CFA) de promesses de financement, au cours d\u2019une table ronde des donateurs organis\u00e9e \u00e0 Paris (France) les 16 et 17 novembre, a annonc\u00e9 la Commission de l\u2019organisation sous-r\u00e9gionale mercredi.<\/span><\/p>\n<p><span class=\"c6\">Les fonds mobilis\u00e9s repr\u00e9sentent plus du d\u00e9ficit de financement (85%) identifi\u00e9 par la Commission de la Cemac sur<\/span> <a href=\"https:\/\/projetsintegrateurscemac.com\/\"><span class=\"c6\">11 projets d\u2019infrastructures<\/span><\/a> <em><span class=\"c6\">\u201cint\u00e9grateurs\u201d<\/span><\/em><span class=\"c6\">. Pour ces projets, la Cemac voulait obtenir 3,48 milliards d\u2019euros, pour ajouter aux 596,74 millions d\u00e9j\u00e0 mobilis\u00e9s en vue d\u2019atteindre le budget total requis pour l\u2019ex\u00e9cution de tous ces projets: 4,072 milliards d\u2019euros.<\/span><\/p>\n<p><span class=\"c6\">Le Programme de r\u00e9formes \u00e9conomiques et financi\u00e8res de la Cemac (<\/span><strong>Pref-Cemac<\/strong><span class=\"c6\">), que pr\u00e9side le pr\u00e9sident congolais Denis Sassou Nguesso et qui \u00e9tait impliqu\u00e9 dans l\u2019organisation de la table ronde, recherchait des pr\u00eats \u00e0 des conditions concessionnelles, ou des mixages de pr\u00eats et dons et des financements priv\u00e9s pour ex\u00e9cuter les projets cibl\u00e9s en mode partenariat public-priv\u00e9 (<strong>PPP<\/strong>).<\/span><\/p>\n<h4><span class=\"c8\"><strong>Les 11 projets int\u00e9grateurs identifi\u00e9s par la Cemac pour la table ronde des donateurs organis\u00e9e \u00e0 Paris les 16 et 17 novembre:<\/strong><\/span><\/h4>\n<ul>\n<li><span class=\"c6\">\u2013 Construction d\u2019un pont sur le fleuve Ntem et facilitation du transport, et de la s\u00e9curit\u00e9 routi\u00e8re sur la route transnationale Kribi-Campo-Bata reliant le Cameroun et la Guin\u00e9e \u00c9quatoriale;<\/span><\/li>\n<li><span class=\"c6\">\u2013 Construction de la voie express Lolab\u00e9-Campo (40 km) entre le Cameroun et la Guin\u00e9e Equatoriale;<\/span><\/li>\n<li><span class=\"c6\">\u2013 Construction des tron\u00e7ons manquants (179 km) de la route Ndend\u00e9-Dolisie du corridor Libreville-Brazzaville;<\/span><\/li>\n<li><span class=\"c6\">\u2013 Construction de la route Kogo-Akurenam (230 km) pour relier le Sud-Est de la Guin\u00e9e Equatoriale au Gabon;<\/span><\/li>\n<li><span class=\"c6\">\u2013 Corridor Brazzaville-Ouesso-Bangui-Ndjamena (Congo-Centrafrique-Tchad);<\/span><\/li>\n<li><span class=\"c6\">\u2013 Am\u00e9nagement hydro\u00e9lectrique de Chollet et des lignes \u00e9lectriques (Cameroun-Congo-Gabon-Centrafrique);<\/span><\/li>\n<li><span class=\"c6\">\u2013 Interconnexion des r\u00e9seaux \u00e9lectriques Cameroun-Tchad;<\/span><\/li>\n<li><span class=\"c6\">\u2013 Interconnexion du Cameroun avec les pays de la CEMAC par la fibre optique;<\/span><\/li>\n<li><span class=\"c6\">\u2013 Construction du port sec de Beloko (Corridor Douala-Bangui);<\/span><\/li>\n<li><span class=\"c6\">\u2013 Construction du port sec de Dolisie (Corridor Gabon-Congo);<\/span><\/li>\n<li><span class=\"c6\">\u2013 Universit\u00e9 inter-Etats Cameroun-Congo.<\/span><\/li>\n<\/ul>\n<\/div>\n<p>Auteur: JournalduCameroun.com<br \/>\n<a href=\"https:\/\/www.journalducameroun.com\/projets-infrastructures-pres-de-2500-mds-cfa-mobilises-pour-cameroun-et-5-autres-pays-cemac\/\">Cliquez ici pour lire l&rsquo;article depuis sa source.<\/a><\/p>\n","protected":false},"excerpt":{"rendered":"<p>Publi\u00e9 le 19.11.2020 \u00e0 22h07 par JournalduCameroun.com Les promesses de financement ont \u00e9t\u00e9 faites au cours de la table ronde des donateurs organis\u00e9e \u00e0 Paris les 16 et 17 novembre La Communaut\u00e9 \u00e9conomique et mon\u00e9taire de l\u2019Afrique centrale (Cemac) a r\u00e9ussi \u00e0 mobiliser 3,8 milliards d\u2019euros (environ 2500 milliards de F CFA) de promesses de [&hellip;]<\/p>\n","protected":false},"author":1965,"featured_media":0,"comment_status":"closed","ping_status":"closed","sticky":false,"template":"","format":"standard","meta":{"fifu_image_url":"","fifu_image_alt":"","footnotes":""},"categories":[73,82],"tags":[],"class_list":["post-105196","post","type-post","status-publish","format-standard","hentry","category-actualite","category-cameroun"],"_links":{"self":[{"href":"https:\/\/linitiative.ca\/International\/wp-json\/wp\/v2\/posts\/105196","targetHints":{"allow":["GET"]}}],"collection":[{"href":"https:\/\/linitiative.ca\/International\/wp-json\/wp\/v2\/posts"}],"about":[{"href":"https:\/\/linitiative.ca\/International\/wp-json\/wp\/v2\/types\/post"}],"author":[{"embeddable":true,"href":"https:\/\/linitiative.ca\/International\/wp-json\/wp\/v2\/users\/1965"}],"replies":[{"embeddable":true,"href":"https:\/\/linitiative.ca\/International\/wp-json\/wp\/v2\/comments?post=105196"}],"version-history":[{"count":0,"href":"https:\/\/linitiative.ca\/International\/wp-json\/wp\/v2\/posts\/105196\/revisions"}],"wp:attachment":[{"href":"https:\/\/linitiative.ca\/International\/wp-json\/wp\/v2\/media?parent=105196"}],"wp:term":[{"taxonomy":"category","embeddable":true,"href":"https:\/\/linitiative.ca\/International\/wp-json\/wp\/v2\/categories?post=105196"},{"taxonomy":"post_tag","embeddable":true,"href":"https:\/\/linitiative.ca\/International\/wp-json\/wp\/v2\/tags?post=105196"}],"curies":[{"name":"wp","href":"https:\/\/api.w.org\/{rel}","templated":true}]}}