{"id":105197,"date":"2020-11-19T16:14:25","date_gmt":"2020-11-19T21:14:25","guid":{"rendered":"https:\/\/linitiative.ca\/International\/bientot-une-liaison-aerienne-entre-le-cameroun-et-les-emirats-arabes-unis\/"},"modified":"2020-11-19T16:14:25","modified_gmt":"2020-11-19T21:14:25","slug":"bientot-une-liaison-aerienne-entre-le-cameroun-et-les-emirats-arabes-unis","status":"publish","type":"post","link":"https:\/\/linitiative.ca\/International\/bientot-une-liaison-aerienne-entre-le-cameroun-et-les-emirats-arabes-unis\/","title":{"rendered":"Bient\u00f4t une liaison a\u00e9rienne entre le Cameroun et les Emirats arabes unis"},"content":{"rendered":"<div readability=\"32\">\n<p>Publi\u00e9 le 19.11.2020 \u00e0 22h14 par JournalduCameroun.com<\/p>\n<\/div>\n<div readability=\"48\">\n<h2>Un projet de loi y relatif transmis \u00e0 l\u2019Assembl\u00e9e nationale et au S\u00e9nat<\/h2>\n<p><span class=\"c6\">Le minist\u00e8re camerounais des Transports a \u00e9labor\u00e9 un projet de loi pour la ratification, par le pr\u00e9sident de la R\u00e9publique, de l\u2019accord a\u00e9rien entre les gouvernements du <strong>Cameroun<\/strong> et des <strong>Emirats arabes unis<\/strong>.<\/span><\/p>\n<p><span class=\"c6\">Le texte fait suite \u00e0 des discussions men\u00e9es entre les deux parties en mars.\u00a0<\/span><\/p>\n<p><span class=\"c6\">La loi, une fois adopt\u00e9e par les deux chambres du Parlement \u2013 r\u00e9unies en session ordinaire depuis le 12 novembre \u2013 et promulgu\u00e9e par le chef de l\u2019Etat, permettra aux compagnies a\u00e9riennes \u00e9miraties dont le plus importante (<\/span><strong>Emirates<\/strong><span class=\"c6\">) de desservir directement les principales villes camerounaises.<\/span><\/p>\n<p><span class=\"c6\">Les autorit\u00e9s en charge du transport a\u00e9rien au Cameroun estiment que la compagnie nationale<\/span> <strong>Camair-Co<\/strong> <span class=\"c6\">b\u00e9n\u00e9ficiera aussi des<\/span> <em><span class=\"c6\">\u201ceffets d\u2019\u00e9chelle\u201d<\/span><\/em> <span class=\"c6\">de cette coop\u00e9ration.\u00a0<\/span><\/p>\n<\/div>\n<p>Auteur: JournalduCameroun.com<br \/>\n<a href=\"https:\/\/www.journalducameroun.com\/bientot-liaison-aerienne-cameroun-et-emirats-arabes-unis\/\">Cliquez ici pour lire l&rsquo;article depuis sa source.<\/a><\/p>\n","protected":false},"excerpt":{"rendered":"<p>Publi\u00e9 le 19.11.2020 \u00e0 22h14 par JournalduCameroun.com Un projet de loi y relatif transmis \u00e0 l\u2019Assembl\u00e9e nationale et au S\u00e9nat Le minist\u00e8re camerounais des Transports a \u00e9labor\u00e9 un projet de loi pour la ratification, par le pr\u00e9sident de la R\u00e9publique, de l\u2019accord a\u00e9rien entre les gouvernements du Cameroun et des Emirats arabes unis. Le texte [&hellip;]<\/p>\n","protected":false},"author":1965,"featured_media":0,"comment_status":"closed","ping_status":"closed","sticky":false,"template":"","format":"standard","meta":{"fifu_image_url":"","fifu_image_alt":"","footnotes":""},"categories":[73,82],"tags":[],"class_list":["post-105197","post","type-post","status-publish","format-standard","hentry","category-actualite","category-cameroun"],"_links":{"self":[{"href":"https:\/\/linitiative.ca\/International\/wp-json\/wp\/v2\/posts\/105197","targetHints":{"allow":["GET"]}}],"collection":[{"href":"https:\/\/linitiative.ca\/International\/wp-json\/wp\/v2\/posts"}],"about":[{"href":"https:\/\/linitiative.ca\/International\/wp-json\/wp\/v2\/types\/post"}],"author":[{"embeddable":true,"href":"https:\/\/linitiative.ca\/International\/wp-json\/wp\/v2\/users\/1965"}],"replies":[{"embeddable":true,"href":"https:\/\/linitiative.ca\/International\/wp-json\/wp\/v2\/comments?post=105197"}],"version-history":[{"count":0,"href":"https:\/\/linitiative.ca\/International\/wp-json\/wp\/v2\/posts\/105197\/revisions"}],"wp:attachment":[{"href":"https:\/\/linitiative.ca\/International\/wp-json\/wp\/v2\/media?parent=105197"}],"wp:term":[{"taxonomy":"category","embeddable":true,"href":"https:\/\/linitiative.ca\/International\/wp-json\/wp\/v2\/categories?post=105197"},{"taxonomy":"post_tag","embeddable":true,"href":"https:\/\/linitiative.ca\/International\/wp-json\/wp\/v2\/tags?post=105197"}],"curies":[{"name":"wp","href":"https:\/\/api.w.org\/{rel}","templated":true}]}}