{"id":105198,"date":"2020-11-19T16:24:33","date_gmt":"2020-11-19T21:24:33","guid":{"rendered":"https:\/\/linitiative.ca\/International\/cameroun-les-attaques-spectaculaires-de-boko-haram-a-lextreme-nord-ont-baisse\/"},"modified":"2020-11-19T16:24:33","modified_gmt":"2020-11-19T21:24:33","slug":"cameroun-les-attaques-spectaculaires-de-boko-haram-a-lextreme-nord-ont-baisse","status":"publish","type":"post","link":"https:\/\/linitiative.ca\/International\/cameroun-les-attaques-spectaculaires-de-boko-haram-a-lextreme-nord-ont-baisse\/","title":{"rendered":"Cameroun: les \u201cattaques spectaculaires\u201d de Boko Haram \u00e0 l\u2019Extr\u00eame-Nord ont baiss\u00e9"},"content":{"rendered":"<div readability=\"32\">\n<p>Publi\u00e9 le 19.11.2020 \u00e0 22h24 par JournalduCameroun.com<\/p>\n<\/div>\n<div readability=\"72\">\n<h2>T\u00e9moignage d\u2019un responsable d\u2019une organisation caritative implant\u00e9e \u00e0 Maroua-Mokolo<\/h2>\n<p><span class=\"c6\">Le groupe terroriste d\u2019origine nig\u00e9riane<\/span> <strong>Boko Haram<\/strong><span class=\"c6\">, auquel le Cameroun m\u00e8ne la guerre depuis mai 2014, ne fait plus le choix d\u2019affrontements directs avec l\u2019arm\u00e9e mais des actes l\u00e2ches contre des civils, d\u2019apr\u00e8s le secr\u00e9taire permanent de la <strong>Caritas<\/strong> du dioc\u00e8se de Maroua-Mokolo,<\/span> <strong>Edouard Kaldapa<\/strong><span class=\"c6\">.<\/span><\/p>\n<p><em><span class=\"c6\">\u201cDepuis pratiquement le d\u00e9but de l\u2019ann\u00e9e 2020, nous assistons \u00e0 des attaques r\u00e9guli\u00e8res des \u00e9l\u00e9ments de la secte islamiste Boko Haram, qui obligent la plupart des m\u00e9nages \u00e0 quitter leurs maisons et \u00e0 fui [\u2026] Pourtant, les attaques spectaculaires ordinaires ont baiss\u00e9 d\u2019intensit\u00e9, mais c\u2019est plut\u00f4t les attaques nocturnes des m\u00e9nages et des villages qui se multiplient. Et c\u2019est pratiquement tous les jours qu\u2019on assiste \u00e0 ces attaques dans les familles, cr\u00e9ant ainsi le d\u00e9placement continuel des personnes\u201d<\/span><\/em><span class=\"c6\">, a expliqu\u00e9 le responsable aupr\u00e8s de Vatican News, le site d\u2019informations du Vatican.<\/span><\/p>\n<p><span class=\"c6\">Les populations habitant dans les localit\u00e9s frontali\u00e8res du Nigeria sont plus expos\u00e9es avec plus d\u2019un demi-million de personnes qui ont d\u00fb fuir leurs maisons, d\u2019apr\u00e8s Edouard Kaldapa. Ce dernier estime \u00e0 550 000 le nombre de personnes concern\u00e9es,<\/span> <em><span class=\"c6\">\u201cdont environ 100 000 r\u00e9fugi\u00e9s nig\u00e9rians et le reste ce sont des d\u00e9plac\u00e9s internes camerounais\u201d<\/span><\/em><span class=\"c6\">.\u00a0<\/span><\/p>\n<p><em><span class=\"c6\">\u201cNous invitons la communaut\u00e9 internationale \u00e0 \u00eatre un peu plus attentive, m\u00eame si cette communaut\u00e9 internationale ne fait g\u00e9n\u00e9ralement attention qu\u2019aux actions un peu plus spectaculaires, comme des attentats kamikazes, alors que tous les jours des personnes vivent dans la pr\u00e9carit\u00e9 et dans la peur, et ne sont pas du tout soutenues. Nous lan\u00e7ons donc un cri d\u2019alarme pour que les gens aient en t\u00eate que la crise de Boko Haram dans l\u2019Extr\u00eame-Nord du Cameroun n\u2019est pas termin\u00e9e\u201d<\/span><\/em><span class=\"c6\">, plaide le responsable de l\u2019organisation caritative catholique Caritas \u00e0 Maroua-Mokolo.<\/span><\/p>\n<p><span class=\"c6\">Le dioc\u00e8se de Maroua-Mokolo couvre trois des six d\u00e9partements de l\u2019Extr\u00eame-Nord :<\/span> <strong>Mayo-Sava<\/strong><span class=\"c6\">,<\/span> <strong>Mayo-Tsanaga<\/strong> <span class=\"c6\">et<\/span> <strong>Diamar\u00e9<\/strong><span class=\"c6\">.<\/span><\/p>\n<\/div>\n<p>Auteur: JournalduCameroun.com<br \/>\n<a href=\"https:\/\/www.journalducameroun.com\/cameroun-attaques-spectaculair-boko-haram-extreme-nord-ont-baisse\/\">Cliquez ici pour lire l&rsquo;article depuis sa source.<\/a><\/p>\n","protected":false},"excerpt":{"rendered":"<p>Publi\u00e9 le 19.11.2020 \u00e0 22h24 par JournalduCameroun.com T\u00e9moignage d\u2019un responsable d\u2019une organisation caritative implant\u00e9e \u00e0 Maroua-Mokolo Le groupe terroriste d\u2019origine nig\u00e9riane Boko Haram, auquel le Cameroun m\u00e8ne la guerre depuis mai 2014, ne fait plus le choix d\u2019affrontements directs avec l\u2019arm\u00e9e mais des actes l\u00e2ches contre des civils, d\u2019apr\u00e8s le secr\u00e9taire permanent de la Caritas [&hellip;]<\/p>\n","protected":false},"author":1965,"featured_media":0,"comment_status":"closed","ping_status":"closed","sticky":false,"template":"","format":"standard","meta":{"fifu_image_url":"","fifu_image_alt":"","footnotes":""},"categories":[73,82],"tags":[],"class_list":["post-105198","post","type-post","status-publish","format-standard","hentry","category-actualite","category-cameroun"],"_links":{"self":[{"href":"https:\/\/linitiative.ca\/International\/wp-json\/wp\/v2\/posts\/105198","targetHints":{"allow":["GET"]}}],"collection":[{"href":"https:\/\/linitiative.ca\/International\/wp-json\/wp\/v2\/posts"}],"about":[{"href":"https:\/\/linitiative.ca\/International\/wp-json\/wp\/v2\/types\/post"}],"author":[{"embeddable":true,"href":"https:\/\/linitiative.ca\/International\/wp-json\/wp\/v2\/users\/1965"}],"replies":[{"embeddable":true,"href":"https:\/\/linitiative.ca\/International\/wp-json\/wp\/v2\/comments?post=105198"}],"version-history":[{"count":0,"href":"https:\/\/linitiative.ca\/International\/wp-json\/wp\/v2\/posts\/105198\/revisions"}],"wp:attachment":[{"href":"https:\/\/linitiative.ca\/International\/wp-json\/wp\/v2\/media?parent=105198"}],"wp:term":[{"taxonomy":"category","embeddable":true,"href":"https:\/\/linitiative.ca\/International\/wp-json\/wp\/v2\/categories?post=105198"},{"taxonomy":"post_tag","embeddable":true,"href":"https:\/\/linitiative.ca\/International\/wp-json\/wp\/v2\/tags?post=105198"}],"curies":[{"name":"wp","href":"https:\/\/api.w.org\/{rel}","templated":true}]}}