{"id":105207,"date":"2020-11-20T09:50:44","date_gmt":"2020-11-20T14:50:44","guid":{"rendered":"https:\/\/linitiative.ca\/International\/tanger-ville-le-corps-dun-commissaire-de-police-repeche-du-bassin-du-port\/"},"modified":"2020-11-20T09:50:44","modified_gmt":"2020-11-20T14:50:44","slug":"tanger-ville-le-corps-dun-commissaire-de-police-repeche-du-bassin-du-port","status":"publish","type":"post","link":"https:\/\/linitiative.ca\/International\/tanger-ville-le-corps-dun-commissaire-de-police-repeche-du-bassin-du-port\/","title":{"rendered":"Tanger-ville : Le corps d\u2019un commissaire de police rep\u00each\u00e9 du bassin du port"},"content":{"rendered":"<header>\n<\/header>\n<div class=\"entry-content clearfix\" readability=\"45\"><img decoding=\"async\" class=\"post_layout_5_img\" src=\"http:\/\/aujourdhui.ma\/wp-content\/uploads\/2020\/10\/police-crime.jpg\" alt=\"Tanger-ville : Le corps d&#x2019;un commissaire de police rep&#xEA;ch&#xE9; du bassin du port\"\/><\/p>\n<p>Dans un r\u00e9cent communiqu\u00e9, la Direction g\u00e9n\u00e9rale de la s\u00fbret\u00e9 nationale (DGSN) fait savoir que les \u00e9l\u00e9ments de la protection civile ont rep\u00each\u00e9, vendredi, le corps d\u2019un commissaire de police qui \u00e9tait \u00e0 bord de son v\u00e9hicule personnel, du bassin du port de Tanger ville. Les \u00e9l\u00e9ments de la Gendarmerie Royale ont proc\u00e9d\u00e9 \u00e0 l\u2019ouverture d\u2019une enqu\u00eate sous la supervision du parquet comp\u00e9tent, pour d\u00e9terminer les tenants et aboutissants de cette affaire, explique la m\u00eame source. En m\u00eame temps, la pr\u00e9fecture de police de Tanger a entam\u00e9 une enqu\u00eate administrative avec l\u2019entourage professionnel et social dudit fonctionnaire de police, qui exer\u00e7ait au port de Tanger-ville, pour d\u00e9terminer les circonstances de cet incident, rel\u00e8ve-t-on.<\/p>\n<\/div>\n<p>Auteur: ALM<br \/>\n<a href=\"https:\/\/aujourdhui.ma\/actualite\/tanger-ville-le-corps-dun-commissaire-de-police-repeche-du-bassin-du-port\">Cliquez ici pour lire l&rsquo;article depuis sa source.<\/a><\/p>\n","protected":false},"excerpt":{"rendered":"<p>Dans un r\u00e9cent communiqu\u00e9, la Direction g\u00e9n\u00e9rale de la s\u00fbret\u00e9 nationale (DGSN) fait savoir que les \u00e9l\u00e9ments de la protection civile ont rep\u00each\u00e9, vendredi, le corps d\u2019un commissaire de police qui \u00e9tait \u00e0 bord de son v\u00e9hicule personnel, du bassin du port de Tanger ville. Les \u00e9l\u00e9ments de la Gendarmerie Royale ont proc\u00e9d\u00e9 \u00e0 l\u2019ouverture [&hellip;]<\/p>\n","protected":false},"author":1759,"featured_media":105208,"comment_status":"closed","ping_status":"closed","sticky":false,"template":"","format":"standard","meta":{"fifu_image_url":"","fifu_image_alt":"","footnotes":""},"categories":[73,54],"tags":[],"class_list":["post-105207","post","type-post","status-publish","format-standard","has-post-thumbnail","hentry","category-actualite","category-maroc"],"_links":{"self":[{"href":"https:\/\/linitiative.ca\/International\/wp-json\/wp\/v2\/posts\/105207","targetHints":{"allow":["GET"]}}],"collection":[{"href":"https:\/\/linitiative.ca\/International\/wp-json\/wp\/v2\/posts"}],"about":[{"href":"https:\/\/linitiative.ca\/International\/wp-json\/wp\/v2\/types\/post"}],"author":[{"embeddable":true,"href":"https:\/\/linitiative.ca\/International\/wp-json\/wp\/v2\/users\/1759"}],"replies":[{"embeddable":true,"href":"https:\/\/linitiative.ca\/International\/wp-json\/wp\/v2\/comments?post=105207"}],"version-history":[{"count":0,"href":"https:\/\/linitiative.ca\/International\/wp-json\/wp\/v2\/posts\/105207\/revisions"}],"wp:featuredmedia":[{"embeddable":true,"href":"https:\/\/linitiative.ca\/International\/wp-json\/"}],"wp:attachment":[{"href":"https:\/\/linitiative.ca\/International\/wp-json\/wp\/v2\/media?parent=105207"}],"wp:term":[{"taxonomy":"category","embeddable":true,"href":"https:\/\/linitiative.ca\/International\/wp-json\/wp\/v2\/categories?post=105207"},{"taxonomy":"post_tag","embeddable":true,"href":"https:\/\/linitiative.ca\/International\/wp-json\/wp\/v2\/tags?post=105207"}],"curies":[{"name":"wp","href":"https:\/\/api.w.org\/{rel}","templated":true}]}}