{"id":105209,"date":"2020-11-20T10:37:17","date_gmt":"2020-11-20T15:37:17","guid":{"rendered":"https:\/\/linitiative.ca\/International\/programme-intelaka-le-cri-marrakech-safi-devoile-les-resultats-de-son-enquete\/"},"modified":"2020-11-20T10:37:17","modified_gmt":"2020-11-20T15:37:17","slug":"programme-intelaka-le-cri-marrakech-safi-devoile-les-resultats-de-son-enquete","status":"publish","type":"post","link":"https:\/\/linitiative.ca\/International\/programme-intelaka-le-cri-marrakech-safi-devoile-les-resultats-de-son-enquete\/","title":{"rendered":"Programme Intelaka : Le CRI Marrakech-Safi d\u00e9voile les r\u00e9sultats de son enqu\u00eate"},"content":{"rendered":"<header>\n<\/header>\n<div class=\"entry-content clearfix\" readability=\"63\"><img decoding=\"async\" class=\"post_layout_5_img\" src=\"http:\/\/aujourdhui.ma\/wp-content\/uploads\/2020\/11\/CRI-Marrakech.jpg\" alt=\"Programme Intelaka : Le CRI Marrakech-Safi d&#xE9;voile les r&#xE9;sultats de son enqu&#xEA;te\"\/><\/p>\n<p>Le Centre R\u00e9gional d\u2019Investissement de Marrakech Safi a r\u00e9v\u00e9l\u00e9, lors d\u2019une r\u00e9union \u00e0 distance tenue ce vendredi, les premiers r\u00e9sultats de l\u2019enqu\u00eate de satisfaction du PIAFE (Programme Int\u00e9gr\u00e9 d\u2019Accompagnement et de Financement des Entreprises).<span id=\"more-361058\"\/> Il s\u2019agit de la r\u00e9union mensuelle du Comit\u00e9 R\u00e9gional de Coordination et d\u2019Accompagnement (CRCA) de ce programme plus connu sous le nom du programme Intelaka. Au cours de cette rencontre, les chiffres cl\u00e9s actualis\u00e9s du programme (Nombre de b\u00e9n\u00e9ficiaires, montants et encours accord\u00e9s, la r\u00e9partition sectorielle des b\u00e9n\u00e9ficiaires et des encours du programme) ont \u00e9t\u00e9 d\u00e9voil\u00e9s, montrant une reprise \u00abencourageante des cr\u00e9dits accord\u00e9s aux porteurs de projet, apr\u00e8s le ralentissement li\u00e9 \u00e0 l\u2019\u00e9pid\u00e9mie du covid-19\u00bb, selon le CRI de Marrakech-Safi. Il en ressort que les grandeurs quantitatives r\u00e9gionales relatives au programme se sont am\u00e9lior\u00e9es en un mois, avec une \u00e9volution sup\u00e9rieure \u00e0 la moyenne nationale. Dans le d\u00e9tail, il s\u2019av\u00e8re que le nombre de b\u00e9n\u00e9ficiaires du programme enregistre une hausse de 24% pour la r\u00e9gion Marrakech \u2013 Safi, contre 20,6% au niveau du national. En plus, les montants des cr\u00e9dits accord\u00e9s sont en hausse de 11,2% au niveau de la r\u00e9gion, contre 8,4% au niveau national. Concernant les premiers r\u00e9sultats de l\u2019enqu\u00eate de satisfaction des porteurs de projet candidats au programme Intelaka lanc\u00e9 en septembre, elle fait ressortir que plus de 80% des porteurs sont \u00e2g\u00e9s entre 25 et 44 ans et 64,4% des porteurs ont au moins le baccalaur\u00e9at. Cette \u00e9tude indique que le taux de bancarisation est sup\u00e9rieur \u00e0 92% et que 56% des projets sont d\u00e9j\u00e0 cr\u00e9\u00e9s et existent sur le terrain. L\u2019enqu\u00eate montre que 53,4% des porteurs sollicitent un financement qui oscille entre \u202a100.000\u202c Dhs et 1Mdhs. On notera aussi que 51,1% des porteurs ont re\u00e7u une r\u00e9ponse dans un d\u00e9lai inf\u00e9rieur \u00e0 un mois, dont pr\u00e8s de la moiti\u00e9 dans un d\u00e9lai inf\u00e9rieur \u00e0 2 semaines. Il est \u00e9galement r\u00e9v\u00e9l\u00e9 que 74,4% des r\u00e9pondants sont satisfaits globalement de leur exp\u00e9rience et du processus Intelaka. Par ailleurs, le CRI a inform\u00e9 les membres du CRCA de la mise en place imminente d\u2019une plateforme digitale d\u00e9di\u00e9 au programme Intelaka qui sera pr\u00e9sent\u00e9 lors de la prochaine r\u00e9union du comit\u00e9. L\u2019objectif de cette d\u00e9marche serait d\u2019am\u00e9liorer l\u2019accompagnement et le suivi des porteurs de projet. Notons que cette r\u00e9union, tenue par visioconf\u00e9rence, a connu la participation des directions r\u00e9gionales des \u00e9tablissements bancaires, de Bank Al Maghrib, de la Caisse Centrale de Garantie, de l\u2019ANAPEC et de l\u2019OFPPT.<\/p>\n<\/div>\n<p>Auteur: ALM<br \/>\n<a href=\"https:\/\/aujourdhui.ma\/actualite\/programme-intelaka-le-cri-marrakech-safi-devoile-les-resultats-de-son-enquete\">Cliquez ici pour lire l&rsquo;article depuis sa source.<\/a><\/p>\n","protected":false},"excerpt":{"rendered":"<p>Le Centre R\u00e9gional d\u2019Investissement de Marrakech Safi a r\u00e9v\u00e9l\u00e9, lors d\u2019une r\u00e9union \u00e0 distance tenue ce vendredi, les premiers r\u00e9sultats de l\u2019enqu\u00eate de satisfaction du PIAFE (Programme Int\u00e9gr\u00e9 d\u2019Accompagnement et de Financement des Entreprises). Il s\u2019agit de la r\u00e9union mensuelle du Comit\u00e9 R\u00e9gional de Coordination et d\u2019Accompagnement (CRCA) de ce programme plus connu sous le [&hellip;]<\/p>\n","protected":false},"author":1759,"featured_media":105210,"comment_status":"closed","ping_status":"closed","sticky":false,"template":"","format":"standard","meta":{"fifu_image_url":"","fifu_image_alt":"","footnotes":""},"categories":[73,54],"tags":[],"class_list":["post-105209","post","type-post","status-publish","format-standard","has-post-thumbnail","hentry","category-actualite","category-maroc"],"_links":{"self":[{"href":"https:\/\/linitiative.ca\/International\/wp-json\/wp\/v2\/posts\/105209","targetHints":{"allow":["GET"]}}],"collection":[{"href":"https:\/\/linitiative.ca\/International\/wp-json\/wp\/v2\/posts"}],"about":[{"href":"https:\/\/linitiative.ca\/International\/wp-json\/wp\/v2\/types\/post"}],"author":[{"embeddable":true,"href":"https:\/\/linitiative.ca\/International\/wp-json\/wp\/v2\/users\/1759"}],"replies":[{"embeddable":true,"href":"https:\/\/linitiative.ca\/International\/wp-json\/wp\/v2\/comments?post=105209"}],"version-history":[{"count":0,"href":"https:\/\/linitiative.ca\/International\/wp-json\/wp\/v2\/posts\/105209\/revisions"}],"wp:featuredmedia":[{"embeddable":true,"href":"https:\/\/linitiative.ca\/International\/wp-json\/"}],"wp:attachment":[{"href":"https:\/\/linitiative.ca\/International\/wp-json\/wp\/v2\/media?parent=105209"}],"wp:term":[{"taxonomy":"category","embeddable":true,"href":"https:\/\/linitiative.ca\/International\/wp-json\/wp\/v2\/categories?post=105209"},{"taxonomy":"post_tag","embeddable":true,"href":"https:\/\/linitiative.ca\/International\/wp-json\/wp\/v2\/tags?post=105209"}],"curies":[{"name":"wp","href":"https:\/\/api.w.org\/{rel}","templated":true}]}}