{"id":105213,"date":"2020-11-20T11:34:46","date_gmt":"2020-11-20T16:34:46","guid":{"rendered":"https:\/\/linitiative.ca\/International\/la-cgem-et-lifc-lancent-une-serie-de-webinaires-sur-lemployabilite-des-femmes\/"},"modified":"2020-11-20T11:34:46","modified_gmt":"2020-11-20T16:34:46","slug":"la-cgem-et-lifc-lancent-une-serie-de-webinaires-sur-lemployabilite-des-femmes","status":"publish","type":"post","link":"https:\/\/linitiative.ca\/International\/la-cgem-et-lifc-lancent-une-serie-de-webinaires-sur-lemployabilite-des-femmes\/","title":{"rendered":"La CGEM et l\u2019IFC lancent une s\u00e9rie de webinaires sur l\u2019employabilit\u00e9 des femmes"},"content":{"rendered":"<header>\n<\/header>\n<div class=\"entry-content clearfix\" readability=\"38\"><img decoding=\"async\" class=\"post_layout_5_img\" src=\"http:\/\/aujourdhui.ma\/wp-content\/uploads\/2020\/11\/PSX_20201120_173328.jpg\" alt=\"La CGEM et l&#x2019;IFC lancent une s&#xE9;rie de webinaires sur l&#x2019;employabilit&#xE9; des femmes\"\/><\/p>\n<p>Les femmes occupent un r\u00f4le central dans le d\u00e9veloppement de l\u2019\u00e9conomie. A cet effet, la CGEM et IFC (International Finance Corporation) d\u00e9marrent une s\u00e9rie de webinaires sur la diversit\u00e9 des genres et la promotion de l\u2019employabilit\u00e9 des femmes.\u00a0 Ainsi, le premier webinaire de cette s\u00e9rie se focalisera sur le th\u00e8me \u00abVoies strat\u00e9giques pour promouvoir la diversit\u00e9 des genres en entreprise\u00bb. Cette visioconf\u00e9rence se d\u00e9roulera mercredi 25 novembre \u00e0 15H.\u00a0Selon les organisateurs de cet \u00e9v\u00e8nement, l\u2019objectif serait de dresser le bilan de la situation professionnelle des femmes au Maroc et \u00e9changer autour des leviers \u00e0 activer afin de renforcer durablement la strat\u00e9gie des entreprises en mati\u00e8re de promotion de l\u2019\u00e9galit\u00e9 professionnelle homme\/femme.<\/p>\n<\/div>\n<p>Auteur: ALM<br \/>\n<a href=\"https:\/\/aujourdhui.ma\/actualite\/la-cgem-et-lifc-lancent-une-serie-de-webinaires-sur-lemployabilite-des-femmes\">Cliquez ici pour lire l&rsquo;article depuis sa source.<\/a><\/p>\n","protected":false},"excerpt":{"rendered":"<p>Les femmes occupent un r\u00f4le central dans le d\u00e9veloppement de l\u2019\u00e9conomie. A cet effet, la CGEM et IFC (International Finance Corporation) d\u00e9marrent une s\u00e9rie de webinaires sur la diversit\u00e9 des genres et la promotion de l\u2019employabilit\u00e9 des femmes.\u00a0 Ainsi, le premier webinaire de cette s\u00e9rie se focalisera sur le th\u00e8me \u00abVoies strat\u00e9giques pour promouvoir la [&hellip;]<\/p>\n","protected":false},"author":1759,"featured_media":105214,"comment_status":"closed","ping_status":"closed","sticky":false,"template":"","format":"standard","meta":{"fifu_image_url":"","fifu_image_alt":"","footnotes":""},"categories":[73,54],"tags":[],"class_list":["post-105213","post","type-post","status-publish","format-standard","has-post-thumbnail","hentry","category-actualite","category-maroc"],"_links":{"self":[{"href":"https:\/\/linitiative.ca\/International\/wp-json\/wp\/v2\/posts\/105213","targetHints":{"allow":["GET"]}}],"collection":[{"href":"https:\/\/linitiative.ca\/International\/wp-json\/wp\/v2\/posts"}],"about":[{"href":"https:\/\/linitiative.ca\/International\/wp-json\/wp\/v2\/types\/post"}],"author":[{"embeddable":true,"href":"https:\/\/linitiative.ca\/International\/wp-json\/wp\/v2\/users\/1759"}],"replies":[{"embeddable":true,"href":"https:\/\/linitiative.ca\/International\/wp-json\/wp\/v2\/comments?post=105213"}],"version-history":[{"count":0,"href":"https:\/\/linitiative.ca\/International\/wp-json\/wp\/v2\/posts\/105213\/revisions"}],"wp:featuredmedia":[{"embeddable":true,"href":"https:\/\/linitiative.ca\/International\/wp-json\/"}],"wp:attachment":[{"href":"https:\/\/linitiative.ca\/International\/wp-json\/wp\/v2\/media?parent=105213"}],"wp:term":[{"taxonomy":"category","embeddable":true,"href":"https:\/\/linitiative.ca\/International\/wp-json\/wp\/v2\/categories?post=105213"},{"taxonomy":"post_tag","embeddable":true,"href":"https:\/\/linitiative.ca\/International\/wp-json\/wp\/v2\/tags?post=105213"}],"curies":[{"name":"wp","href":"https:\/\/api.w.org\/{rel}","templated":true}]}}