{"id":105216,"date":"2020-11-20T05:06:35","date_gmt":"2020-11-20T10:06:35","guid":{"rendered":"https:\/\/linitiative.ca\/International\/commerce-exterieur-net-repli-des-echanges-exterieurs-a-prix-constants\/"},"modified":"2020-11-20T05:06:35","modified_gmt":"2020-11-20T10:06:35","slug":"commerce-exterieur-net-repli-des-echanges-exterieurs-a-prix-constants","status":"publish","type":"post","link":"https:\/\/linitiative.ca\/International\/commerce-exterieur-net-repli-des-echanges-exterieurs-a-prix-constants\/","title":{"rendered":"Commerce ext\u00e9rieur : net repli des \u00e9changes ext\u00e9rieurs \u00e0 prix constants"},"content":{"rendered":"<div class=\"td-post-content\">\n<h2>Les \u00e9changes commerciaux de la Tunisie avec l\u2019ext\u00e9rieur ont<\/h2>\n<h2>enregistr\u00e9 en volume (prix constants) une baisse de 13,9% \u00e0 l\u2019export<\/h2>\n<h2>et de 17,6% \u00e0 l\u2019import, au cours des dix premiers mois de l\u2019ann\u00e9e<\/h2>\n<h2>2020, par rapport \u00e0 la m\u00eame p\u00e9riode de l\u2019ann\u00e9e 2019, selon une note<\/h2>\n<h2>sur le \u00ab Commerce ext\u00e9rieur \u00e0 prix constants base 2015 octobre 2020<\/h2>\n<h2>\u00bb publi\u00e9e, jeudi, par l\u2019<a href=\"http:\/\/www.ins.tn\/\" target=\"_blank\" rel=\"noopener noreferrer\">INS<\/a>.<\/h2>\n<p>Au niveau des prix, l\u2019INS a fait \u00e9tat d\u2019un repli de 0,9% pour les exportations et de 4% pour les importations. Les\u00a0<a href=\"http:\/\/www.leconomistemaghrebin.com\/2020\/11\/18\/hichem-mechichi-les-echanges-commerciaux-entre-la-tunisie-et-le-reste-des-pays-africains-restent-en-deca-des-attentes\/\" target=\"_blank\" rel=\"noopener noreferrer\">\u00e9changes commerciaux<\/a>\u00a0de la Tunisie avec l\u2019ext\u00e9rieur en valeur courante ont atteint 31329,4 MD en exportations et 42109,4 MD en importations, \u00e0 fin octobre 2020, baissant de \u00a014,7% \u00e0 l\u2019export et de 20,9% \u00e0 l\u2019import, par rapport \u00e0 la m\u00eame p\u00e9riode de l\u2019ann\u00e9e 2019. Telle est la situation du commerce ext\u00e9rieur.<\/p>\n<p>Hors \u00e9nergie, les prix ont augment\u00e9 \u00e0 l\u2019export de 0, 4% et \u00e0 l\u2019import de 0, 6% \u00a0par rapport aux dix premiers mois de l\u2019ann\u00e9e 2019.La baisse en volume des exportations, au cours des dix premiers mois de l\u2019ann\u00e9e 2020, a touch\u00e9 la majorit\u00e9 des secteurs, essentiellement, ceux du textile-habillement et cuir (-17,5%) et des industries m\u00e9caniques et \u00e9lectriques (-20,3%). En revanche, les exportations du secteur de l\u2019agriculture et agroalimentaire ont augment\u00e9 \u00a0en volume de 24,3%.<\/p>\n<p>Concernant les importations, l\u2019\u00e9volution en volume est marqu\u00e9e par une baisse au niveau de la majorit\u00e9 des secteurs, particuli\u00e8rement ceux des industries m\u00e9caniques et \u00e9lectriques (-24%), du textile\/habillement et cuir (- 18,7%), ainsi que celui \u00a0des mines, phosphates et d\u00e9riv\u00e9s (-29%).<\/p>\n<p>Au cours du mois d\u2019octobre 2020, \u00a0et \u00e0 prix constants, les importations se sont repli\u00e9es \u00a0de 13% et les exportations ont connu une l\u00e9g\u00e8re am\u00e9lioration de 1,6% , en comparaison du\u00a0 m\u00eame mois de l\u2019ann\u00e9e derni\u00e8re. Les prix des produits \u00e9chang\u00e9s sont en repli de 5,2% au niveau des importations et l\u00e9g\u00e8rement en hausse de\u00a0 0,3%\u00a0 au niveau des exportations.<\/p>\n<p>Avec TAP<\/p>\n<\/div>\n<footer>\n<\/footer>\n<div class=\"wp-post-author-wrap wp-post-author-shortcode left\">\n<h3 class=\"awpa-title\"\/>\n<div class=\"wp-post-author\">\n<div class=\"awpa-img awpa-author-block square\"><a href=\"http:\/\/lexpertjournal.net\/fr\/?author=5\"><img loading=\"lazy\" decoding=\"async\" alt=\"\" src=\"http:\/\/0.gravatar.com\/avatar\/97f8e10a1c1125ba104a76514ee07b16?s=150&amp;d=mm&amp;r=g\" srcset=\"http:\/\/0.gravatar.com\/avatar\/97f8e10a1c1125ba104a76514ee07b16?s=300&amp;d=mm&amp;r=g 2x\" class=\"avatar avatar-150 photo\" height=\"150\" width=\"150\"\/><\/a><\/div>\n<\/div>\n<\/div>\n<aside class=\"mashsb-container mashsb-main mashsb-stretched\">\n<\/aside>\n<p>Auteur: L&rsquo;expert<br \/>\n<a href=\"http:\/\/lexpertjournal.net\/fr\/?p=17321\">Cliquez ici pour lire l&rsquo;article depuis sa source.<\/a><\/p>\n","protected":false},"excerpt":{"rendered":"<p>Les \u00e9changes commerciaux de la Tunisie avec l\u2019ext\u00e9rieur ont enregistr\u00e9 en volume (prix constants) une baisse de 13,9% \u00e0 l\u2019export et de 17,6% \u00e0 l\u2019import, au cours des dix premiers mois de l\u2019ann\u00e9e 2020, par rapport \u00e0 la m\u00eame p\u00e9riode de l\u2019ann\u00e9e 2019, selon une note sur le \u00ab Commerce ext\u00e9rieur \u00e0 prix constants base [&hellip;]<\/p>\n","protected":false},"author":1775,"featured_media":0,"comment_status":"closed","ping_status":"closed","sticky":false,"template":"","format":"standard","meta":{"fifu_image_url":"","fifu_image_alt":"","footnotes":""},"categories":[78,55],"tags":[],"class_list":["post-105216","post","type-post","status-publish","format-standard","hentry","category-economie","category-tunisie"],"_links":{"self":[{"href":"https:\/\/linitiative.ca\/International\/wp-json\/wp\/v2\/posts\/105216","targetHints":{"allow":["GET"]}}],"collection":[{"href":"https:\/\/linitiative.ca\/International\/wp-json\/wp\/v2\/posts"}],"about":[{"href":"https:\/\/linitiative.ca\/International\/wp-json\/wp\/v2\/types\/post"}],"author":[{"embeddable":true,"href":"https:\/\/linitiative.ca\/International\/wp-json\/wp\/v2\/users\/1775"}],"replies":[{"embeddable":true,"href":"https:\/\/linitiative.ca\/International\/wp-json\/wp\/v2\/comments?post=105216"}],"version-history":[{"count":0,"href":"https:\/\/linitiative.ca\/International\/wp-json\/wp\/v2\/posts\/105216\/revisions"}],"wp:attachment":[{"href":"https:\/\/linitiative.ca\/International\/wp-json\/wp\/v2\/media?parent=105216"}],"wp:term":[{"taxonomy":"category","embeddable":true,"href":"https:\/\/linitiative.ca\/International\/wp-json\/wp\/v2\/categories?post=105216"},{"taxonomy":"post_tag","embeddable":true,"href":"https:\/\/linitiative.ca\/International\/wp-json\/wp\/v2\/tags?post=105216"}],"curies":[{"name":"wp","href":"https:\/\/api.w.org\/{rel}","templated":true}]}}