{"id":105218,"date":"2020-11-20T05:10:32","date_gmt":"2020-11-20T10:10:32","guid":{"rendered":"https:\/\/linitiative.ca\/International\/projet-de-budget-2021-education-un-budget-insuffisant-dapres-le-ministre\/"},"modified":"2020-11-20T05:10:32","modified_gmt":"2020-11-20T10:10:32","slug":"projet-de-budget-2021-education-un-budget-insuffisant-dapres-le-ministre","status":"publish","type":"post","link":"https:\/\/linitiative.ca\/International\/projet-de-budget-2021-education-un-budget-insuffisant-dapres-le-ministre\/","title":{"rendered":"Projet de budget 2021 \u2013 Education : un budget insuffisant d\u2019apr\u00e8s le ministre"},"content":{"rendered":"<div class=\"td-post-content\">\n<h2>Le projet de budget du minist\u00e8re de l\u2019\u00c9ducation pour l\u2019exercice 2021<\/h2>\n<h2>ne r\u00e9pond pas aux besoins minimums du secteur notamment en<\/h2>\n<h2>termes de ressources humaines et de fonds d\u2019investissement.<\/h2>\n<h2>Affirme le ministre de l\u2019Education,\u00a0<a href=\"http:\/\/www.leconomistemaghrebin.com\/2020\/11\/02\/education-financiere-le-cmf-participe-a-la-semaine-mondiale-de-linvestisseur\/\">Fathi Sellaouti<\/a>.<\/h2>\n<p>Auditionn\u00e9, jeudi, par la Commission de la jeunesse, des affaires culturelles, de l\u2019\u00e9ducation et de la recherche scientifique \u00e0 l\u2019Assembl\u00e9e des repr\u00e9sentants du peuple, le ministre a ajout\u00e9 que le projet de budget du minist\u00e8re pour l\u2019ann\u00e9e 2021 est estim\u00e9 \u00e0 6728 millions de dinars contre 6509 millions de dinars en 2020. Il\u00a0 indique que cette augmentation est due principalement \u00e0 l\u2019\u00e9volution de 3,68% de l\u2019enveloppe r\u00e9serv\u00e9e aux r\u00e9mun\u00e9rations.<\/p>\n<p>Les besoins des \u00e9tablissements \u00e9ducatifs en ressources humaines sont estim\u00e9s \u00e0 3500 ouvriers environ. Mais le\u00a0 d\u00e9partement ne recrutera que 500 travailleurs uniquement. Explique-t-il.<\/p>\n<p>Il a d\u00e9clar\u00e9 que le manque de ressources humaines concerne aussi les corps des surveillants et surveillants g\u00e9n\u00e9raux (entre 2000 et 3000 employ\u00e9s), faisant savoir que le minist\u00e8re ne peut recruter que 266 agents.<\/p>\n<p>Sellaouti a, \u00e9galement, soulign\u00e9 la baisse des d\u00e9penses d\u2019investissement de 400 mille dinars par rapport \u00e0 l\u2019ann\u00e9e pr\u00e9c\u00e9dente. Le ministre pr\u00e9cise que dans le m\u00eame contexte que l\u2019\u00c9tat ne peut pas, \u00e0 lui seul, r\u00e9pondre aux besoins du d\u00e9veloppement du secteur, et que le soutien des particuliers et de la soci\u00e9t\u00e9 civile peut contribuer \u00e0 l\u2019am\u00e9lioration de l\u2019infrastructure. La valeur des dons attribu\u00e9s au minist\u00e8re au cours de l\u2019ann\u00e9e \u00e9coul\u00e9e a atteint 15 millions de dinars. Lance-t-il.<\/p>\n<p>Le ministre a d\u2019autre part, indiqu\u00e9 que le d\u00e9veloppement du syst\u00e8me \u00e9ducatif n\u00e9cessite une r\u00e9vision du temps scolaire. Il souligne\u00a0 que le nombre d\u2019heures d\u2019enseignement par semaine en Tunisie est le plus \u00e9lev\u00e9 dans le monde (36 heures). Alors que le nombre de semaines d\u2019\u00e9tudes est le plus faible. Cette situation entra\u00eene des difficult\u00e9s d\u2019apprentissage pour l\u2019\u00e9l\u00e8ve. A-t-il dit. Le minist\u00e8re envisage de modifier le temps scolaire afin d\u2019am\u00e9liorer les capacit\u00e9s des apprenants.<\/p>\n<p>Avec TAP<\/p>\n<\/div>\n<footer>\n<\/footer>\n<div class=\"wp-post-author-wrap wp-post-author-shortcode left\">\n<h3 class=\"awpa-title\"\/>\n<div class=\"wp-post-author\">\n<div class=\"awpa-img awpa-author-block square\"><a href=\"http:\/\/lexpertjournal.net\/fr\/?author=5\"><img loading=\"lazy\" decoding=\"async\" alt=\"\" src=\"http:\/\/0.gravatar.com\/avatar\/97f8e10a1c1125ba104a76514ee07b16?s=150&amp;d=mm&amp;r=g\" srcset=\"http:\/\/0.gravatar.com\/avatar\/97f8e10a1c1125ba104a76514ee07b16?s=300&amp;d=mm&amp;r=g 2x\" class=\"avatar avatar-150 photo\" height=\"150\" width=\"150\"\/><\/a><\/div>\n<\/div>\n<\/div>\n<aside class=\"mashsb-container mashsb-main mashsb-stretched\">\n<\/aside>\n<p>Auteur: L&rsquo;expert<br \/>\n<a href=\"http:\/\/lexpertjournal.net\/fr\/?p=17327\">Cliquez ici pour lire l&rsquo;article depuis sa source.<\/a><\/p>\n","protected":false},"excerpt":{"rendered":"<p>Le projet de budget du minist\u00e8re de l\u2019\u00c9ducation pour l\u2019exercice 2021 ne r\u00e9pond pas aux besoins minimums du secteur notamment en termes de ressources humaines et de fonds d\u2019investissement. Affirme le ministre de l\u2019Education,\u00a0Fathi Sellaouti. Auditionn\u00e9, jeudi, par la Commission de la jeunesse, des affaires culturelles, de l\u2019\u00e9ducation et de la recherche scientifique \u00e0 l\u2019Assembl\u00e9e [&hellip;]<\/p>\n","protected":false},"author":1775,"featured_media":0,"comment_status":"closed","ping_status":"closed","sticky":false,"template":"","format":"standard","meta":{"fifu_image_url":"","fifu_image_alt":"","footnotes":""},"categories":[78,55],"tags":[],"class_list":["post-105218","post","type-post","status-publish","format-standard","hentry","category-economie","category-tunisie"],"_links":{"self":[{"href":"https:\/\/linitiative.ca\/International\/wp-json\/wp\/v2\/posts\/105218","targetHints":{"allow":["GET"]}}],"collection":[{"href":"https:\/\/linitiative.ca\/International\/wp-json\/wp\/v2\/posts"}],"about":[{"href":"https:\/\/linitiative.ca\/International\/wp-json\/wp\/v2\/types\/post"}],"author":[{"embeddable":true,"href":"https:\/\/linitiative.ca\/International\/wp-json\/wp\/v2\/users\/1775"}],"replies":[{"embeddable":true,"href":"https:\/\/linitiative.ca\/International\/wp-json\/wp\/v2\/comments?post=105218"}],"version-history":[{"count":0,"href":"https:\/\/linitiative.ca\/International\/wp-json\/wp\/v2\/posts\/105218\/revisions"}],"wp:attachment":[{"href":"https:\/\/linitiative.ca\/International\/wp-json\/wp\/v2\/media?parent=105218"}],"wp:term":[{"taxonomy":"category","embeddable":true,"href":"https:\/\/linitiative.ca\/International\/wp-json\/wp\/v2\/categories?post=105218"},{"taxonomy":"post_tag","embeddable":true,"href":"https:\/\/linitiative.ca\/International\/wp-json\/wp\/v2\/tags?post=105218"}],"curies":[{"name":"wp","href":"https:\/\/api.w.org\/{rel}","templated":true}]}}