{"id":105219,"date":"2020-11-20T05:32:26","date_gmt":"2020-11-20T10:32:26","guid":{"rendered":"https:\/\/linitiative.ca\/International\/plf-2021-lordre-national-des-avocats-appelle-a-la-revision-de-quelques-articles\/"},"modified":"2020-11-20T05:32:26","modified_gmt":"2020-11-20T10:32:26","slug":"plf-2021-lordre-national-des-avocats-appelle-a-la-revision-de-quelques-articles","status":"publish","type":"post","link":"https:\/\/linitiative.ca\/International\/plf-2021-lordre-national-des-avocats-appelle-a-la-revision-de-quelques-articles\/","title":{"rendered":"PLF 2021 : l\u2019Ordre national des avocats appelle \u00e0 la r\u00e9vision de quelques articles"},"content":{"rendered":"<div class=\"td-post-content\">\n<h2>2021) ne sont pas r\u00e9alisables. C\u2019est ce qu\u2019estime l\u2019Ordre national des<\/h2>\n<h2>avocats ce jeudi. Ainsi, il appelle \u00e0 la n\u00e9cessit\u00e9 de r\u00e9viser certains<\/h2>\n<h2>articles de ce projet. L\u2019objectif \u00e9tant d\u2019assurer le\u00a0<a href=\"http:\/\/www.leconomistemaghrebin.com\/2020\/09\/26\/la-douane-tunisienne-a-realise-des-recettes-de-lordre-de-45297md-a-fin-aout\/\" target=\"_blank\" rel=\"noopener noreferrer\">recouvrement des<\/a><\/h2>\n<h2><a href=\"http:\/\/www.leconomistemaghrebin.com\/2020\/09\/26\/la-douane-tunisienne-a-realise-des-recettes-de-lordre-de-45297md-a-fin-aout\/\" target=\"_blank\" rel=\"noopener noreferrer\">dettes douani\u00e8res<\/a>. Et d\u2019amortir les risques li\u00e9s \u00e0 l\u2019instauration d\u2019un<\/h2>\n<h2>taux d\u2019imp\u00f4t minimum.<\/h2>\n<p>En effet, intervenant lors d\u2019une s\u00e9ance d\u2019audition organis\u00e9e par la commission parlementaire des finances, l\u2019avocat Fadhel Ben Omran, membre de l\u2019ordre a soulign\u00e9 que le taux de croissance de 4% pr\u00e9vu par ce PLF 2021 est \u00ab\u00a0\u00e9lev\u00e9\u00a0\u00bb. Il a, par ailleurs, fait observer que la mesure relative \u00e0 la r\u00e9duction de 18% du taux de la TVA sur les soci\u00e9t\u00e9s est une proposition \u00ab\u00a0importante\u00a0\u00bb pour les avocats. Pour lui, cette mesure favoriserait la cr\u00e9ation de cabinets d\u2019avocats.<\/p>\n<p>Ainsi, l\u2019intervenant estime que la disposition relative \u00e0 l\u2019instauration d\u2019un r\u00e9gime sp\u00e9cifique pour les petites entreprises est \u00ab\u00a0positive\u00a0\u00bb. Il estime qu\u2019elle permet aux avocats d\u2019adh\u00e9rer \u00e0 ces \u00e9tablissements. De ce fait, il appelle \u00e0 fixer le chiffre d\u2019affaires de ces soci\u00e9t\u00e9s dans le projet de loi.<\/p>\n<p>Cependant, \u00ab\u00a0les articles 24 et 25 du projet de loi de finances de 2021 relatifs \u00e0 l\u2019imp\u00f4t minimum sont inadmissibles\u00a0\u00bb, estime-t-il. Car le taux de cet imp\u00f4t pr\u00e9vu par ce texte de loi est quasi le m\u00eame que celui des compagnies p\u00e9troli\u00e8res \u00e9tendu au reste des entreprises.<\/p>\n<p>\u00ab\u00a0Les d\u00e9lais de prescription pr\u00e9vus par l\u2019article 31 de ce texte de loi d\u00e9montrent encore une fois que ce concept est bafou\u00e9 dans la loi fiscale en Tunisie\u00a0\u00bb. C\u2019est ce qu\u2019il argumente. Ajoutant que cet article intervient pour justifier les manquements de l\u2019administration tunisienne.<\/p>\n<p>Ben Omran a, enfin, appel\u00e9 \u00e0 la n\u00e9cessit\u00e9 de r\u00e9viser l\u2019article 127 du code de la douane. Et ce, afin de permettre aux receveurs de la douane de r\u00e9\u00e9chelonner les paiements douaniers; comme c\u2019est le cas en mati\u00e8re de dettes fiscales.<\/p>\n<p>Avec TAP<\/p>\n<\/div>\n<footer>\n<\/footer>\n<div class=\"wp-post-author-wrap wp-post-author-shortcode left\">\n<h3 class=\"awpa-title\"\/>\n<div class=\"wp-post-author\">\n<div class=\"awpa-img awpa-author-block square\"><a href=\"http:\/\/lexpertjournal.net\/fr\/?author=5\"><img loading=\"lazy\" decoding=\"async\" alt=\"\" src=\"http:\/\/0.gravatar.com\/avatar\/97f8e10a1c1125ba104a76514ee07b16?s=150&amp;d=mm&amp;r=g\" srcset=\"http:\/\/0.gravatar.com\/avatar\/97f8e10a1c1125ba104a76514ee07b16?s=300&amp;d=mm&amp;r=g 2x\" class=\"avatar avatar-150 photo\" height=\"150\" width=\"150\"\/><\/a><\/div>\n<\/div>\n<\/div>\n<aside class=\"mashsb-container mashsb-main mashsb-stretched\">\n<\/aside>\n<p>Auteur: L&rsquo;expert<br \/>\n<a href=\"http:\/\/lexpertjournal.net\/fr\/?p=17330\">Cliquez ici pour lire l&rsquo;article depuis sa source.<\/a><\/p>\n","protected":false},"excerpt":{"rendered":"<p>2021) ne sont pas r\u00e9alisables. C\u2019est ce qu\u2019estime l\u2019Ordre national des avocats ce jeudi. Ainsi, il appelle \u00e0 la n\u00e9cessit\u00e9 de r\u00e9viser certains articles de ce projet. L\u2019objectif \u00e9tant d\u2019assurer le\u00a0recouvrement des dettes douani\u00e8res. Et d\u2019amortir les risques li\u00e9s \u00e0 l\u2019instauration d\u2019un taux d\u2019imp\u00f4t minimum. En effet, intervenant lors d\u2019une s\u00e9ance d\u2019audition organis\u00e9e par la [&hellip;]<\/p>\n","protected":false},"author":1775,"featured_media":0,"comment_status":"closed","ping_status":"closed","sticky":false,"template":"","format":"standard","meta":{"fifu_image_url":"","fifu_image_alt":"","footnotes":""},"categories":[78,55],"tags":[],"class_list":["post-105219","post","type-post","status-publish","format-standard","hentry","category-economie","category-tunisie"],"_links":{"self":[{"href":"https:\/\/linitiative.ca\/International\/wp-json\/wp\/v2\/posts\/105219","targetHints":{"allow":["GET"]}}],"collection":[{"href":"https:\/\/linitiative.ca\/International\/wp-json\/wp\/v2\/posts"}],"about":[{"href":"https:\/\/linitiative.ca\/International\/wp-json\/wp\/v2\/types\/post"}],"author":[{"embeddable":true,"href":"https:\/\/linitiative.ca\/International\/wp-json\/wp\/v2\/users\/1775"}],"replies":[{"embeddable":true,"href":"https:\/\/linitiative.ca\/International\/wp-json\/wp\/v2\/comments?post=105219"}],"version-history":[{"count":0,"href":"https:\/\/linitiative.ca\/International\/wp-json\/wp\/v2\/posts\/105219\/revisions"}],"wp:attachment":[{"href":"https:\/\/linitiative.ca\/International\/wp-json\/wp\/v2\/media?parent=105219"}],"wp:term":[{"taxonomy":"category","embeddable":true,"href":"https:\/\/linitiative.ca\/International\/wp-json\/wp\/v2\/categories?post=105219"},{"taxonomy":"post_tag","embeddable":true,"href":"https:\/\/linitiative.ca\/International\/wp-json\/wp\/v2\/tags?post=105219"}],"curies":[{"name":"wp","href":"https:\/\/api.w.org\/{rel}","templated":true}]}}