{"id":105220,"date":"2020-11-20T13:08:27","date_gmt":"2020-11-20T18:08:27","guid":{"rendered":"https:\/\/linitiative.ca\/International\/le-ffs-recupere-son-siege-national\/"},"modified":"2020-11-20T13:08:27","modified_gmt":"2020-11-20T18:08:27","slug":"le-ffs-recupere-son-siege-national","status":"publish","type":"post","link":"https:\/\/linitiative.ca\/International\/le-ffs-recupere-son-siege-national\/","title":{"rendered":"Le FFS r\u00e9cup\u00e8re son si\u00e8ge national"},"content":{"rendered":"<div id=\"originalText\" readability=\"66\">\n<p>Le Front des Forces Socialistes vient de r\u00e9cup\u00e9rer son si\u00e8ge national sis au Boulevard Souidani Boudjemaa, \u00e0 El Mouradia, sur les hauteurs d\u2019Alger, et qui \u00ab\u00a0\u00e9tait ill\u00e9galement occup\u00e9 depuis plusieurs mois\u00bb, a annonc\u00e9, jeudi, le Premier secr\u00e9taire national du FFS, Youcef Aouchiche.<\/p>\n<p>\u00ab\u00a0Cette r\u00e9cup\u00e9ration, sans violence, s\u2019est faite par l\u2019application d\u2019une d\u00e9cision de justice, engag\u00e9e face au refus des occupants de lib\u00e9rer le si\u00e8ge, malgr\u00e9 toutes les m\u00e9diations men\u00e9es par la direction nationale du parti, soucieuse de privil\u00e9gier les voies du dialogue. Finalement, le droit, la l\u00e9galit\u00e9 et la l\u00e9gitimit\u00e9 ont pr\u00e9valu\u00a0\u00bb, a-t-il indiqu\u00e9 dans un communiqu\u00e9 r\u00e9percut\u00e9\u00a0sur la page facebook du parti.<\/p>\n<p>Youcef Aouchiche, qui s\u2019est r\u00e9joui ainsi du fait que \u00a0\u00able si\u00e8ge du FFS redevient la maison commune de toutes ses militantes et militants, sans aucune exclusion\u00a0\u00bb, a tenu \u00e9galement \u00e0 pr\u00e9ciser que \u00ab\u00a0le si\u00e8ge (du parti) redeviendra, \u00a0comme il l\u2019a toujours \u00e9t\u00e9, l\u2019\u00ab\u00eele d\u00e9mocratique \u00bb de toutes les Alg\u00e9riennes et les Alg\u00e9riens qui se battent pour les droits, la d\u00e9mocratie, la libert\u00e9 et la justice sociale dans notre pays\u00bb.<\/p>\n<p class=\"c6\"><strong>R\u00e9daction Web \u00a0<\/strong><\/p>\n<\/div>\n<div id=\"text_core\" readability=\"66\">\n<p>Le Front des Forces Socialistes vient de r\u00e9cup\u00e9rer son si\u00e8ge national sis au Boulevard Souidani Boudjemaa, \u00e0 El Mouradia, sur les hauteurs d\u2019Alger, et qui \u00ab\u00a0\u00e9tait ill\u00e9galement occup\u00e9 depuis plusieurs mois\u00bb, a annonc\u00e9, jeudi, le Premier secr\u00e9taire national du FFS, Youcef Aouchiche.<\/p>\n<p>\u00ab\u00a0Cette r\u00e9cup\u00e9ration, sans violence, s\u2019est faite par l\u2019application d\u2019une d\u00e9cision de justice, engag\u00e9e face au refus des occupants de lib\u00e9rer le si\u00e8ge, malgr\u00e9 toutes les m\u00e9diations men\u00e9es par la direction nationale du parti, soucieuse de privil\u00e9gier les voies du dialogue. Finalement, le droit, la l\u00e9galit\u00e9 et la l\u00e9gitimit\u00e9 ont pr\u00e9valu\u00a0\u00bb, a-t-il indiqu\u00e9 dans un communiqu\u00e9 r\u00e9percut\u00e9\u00a0sur la page facebook du parti.<\/p>\n<p>Youcef Aouchiche, qui s\u2019est r\u00e9joui ainsi du fait que \u00a0\u00able si\u00e8ge du FFS redevient la maison commune de toutes ses militantes et militants, sans aucune exclusion\u00a0\u00bb, a tenu \u00e9galement \u00e0 pr\u00e9ciser que \u00ab\u00a0le si\u00e8ge (du parti) redeviendra, \u00a0comme il l\u2019a toujours \u00e9t\u00e9, l\u2019\u00ab\u00eele d\u00e9mocratique \u00bb de toutes les Alg\u00e9riennes et les Alg\u00e9riens qui se battent pour les droits, la d\u00e9mocratie, la libert\u00e9 et la justice sociale dans notre pays\u00bb.<\/p>\n<p class=\"c6\"><strong>R\u00e9daction Web \u00a0<\/strong><\/p>\n<\/div>\n<p>Auteur:<br \/>\n<a href=\"https:\/\/www.liberte-algerie.com\/actualite\/le-ffs-recupere-son-siege-national-349303\">Cliquez ici pour lire l&rsquo;article depuis sa source.<\/a><\/p>\n","protected":false},"excerpt":{"rendered":"<p>Le Front des Forces Socialistes vient de r\u00e9cup\u00e9rer son si\u00e8ge national sis au Boulevard Souidani Boudjemaa, \u00e0 El Mouradia, sur les hauteurs d\u2019Alger, et qui \u00ab\u00a0\u00e9tait ill\u00e9galement occup\u00e9 depuis plusieurs mois\u00bb, a annonc\u00e9, jeudi, le Premier secr\u00e9taire national du FFS, Youcef Aouchiche. \u00ab\u00a0Cette r\u00e9cup\u00e9ration, sans violence, s\u2019est faite par l\u2019application d\u2019une d\u00e9cision de justice, engag\u00e9e [&hellip;]<\/p>\n","protected":false},"author":1742,"featured_media":0,"comment_status":"closed","ping_status":"closed","sticky":false,"template":"","format":"standard","meta":{"fifu_image_url":"","fifu_image_alt":"","footnotes":""},"categories":[73,53],"tags":[],"class_list":["post-105220","post","type-post","status-publish","format-standard","hentry","category-actualite","category-algerie"],"_links":{"self":[{"href":"https:\/\/linitiative.ca\/International\/wp-json\/wp\/v2\/posts\/105220","targetHints":{"allow":["GET"]}}],"collection":[{"href":"https:\/\/linitiative.ca\/International\/wp-json\/wp\/v2\/posts"}],"about":[{"href":"https:\/\/linitiative.ca\/International\/wp-json\/wp\/v2\/types\/post"}],"author":[{"embeddable":true,"href":"https:\/\/linitiative.ca\/International\/wp-json\/wp\/v2\/users\/1742"}],"replies":[{"embeddable":true,"href":"https:\/\/linitiative.ca\/International\/wp-json\/wp\/v2\/comments?post=105220"}],"version-history":[{"count":0,"href":"https:\/\/linitiative.ca\/International\/wp-json\/wp\/v2\/posts\/105220\/revisions"}],"wp:attachment":[{"href":"https:\/\/linitiative.ca\/International\/wp-json\/wp\/v2\/media?parent=105220"}],"wp:term":[{"taxonomy":"category","embeddable":true,"href":"https:\/\/linitiative.ca\/International\/wp-json\/wp\/v2\/categories?post=105220"},{"taxonomy":"post_tag","embeddable":true,"href":"https:\/\/linitiative.ca\/International\/wp-json\/wp\/v2\/tags?post=105220"}],"curies":[{"name":"wp","href":"https:\/\/api.w.org\/{rel}","templated":true}]}}