{"id":105227,"date":"2020-11-20T08:58:30","date_gmt":"2020-11-20T13:58:30","guid":{"rendered":"https:\/\/linitiative.ca\/International\/inauguration-de-lespace-de-la-memoire-historique-de-la-resistance\/"},"modified":"2020-11-20T08:58:30","modified_gmt":"2020-11-20T13:58:30","slug":"inauguration-de-lespace-de-la-memoire-historique-de-la-resistance","status":"publish","type":"post","link":"https:\/\/linitiative.ca\/International\/inauguration-de-lespace-de-la-memoire-historique-de-la-resistance\/","title":{"rendered":"Inauguration de l\u2019Espace de la m\u00e9moire historique de la r\u00e9sistance"},"content":{"rendered":"<div readability=\"36\">\n<p>Youssoufia- L\u2019Espace de la m\u00e9moire historique de la r\u00e9sistance et de la lib\u00e9ration a \u00e9t\u00e9 inaugur\u00e9, jeudi \u00e0 Youssoufia, \u00e0 l\u2019occasion de la comm\u00e9moration du 45\u00e8 anniversaire de la Glorieuse marche verte et du 65\u00e8 anniversaire de la F\u00eate de l\u2019Ind\u00e9pendance.<\/p>\n<\/div>\n<div readability=\"102\">\n<p>Inaugur\u00e9e par le Haut Commissaire aux anciens r\u00e9sistants et anciens membres de l\u2019arm\u00e9e de lib\u00e9ration, M. Mustapha El Ktiri, accompagn\u00e9 du gouverneur de la province de Youssoufia, M. Mohamed Salem Essabti, cette nouvelle structure a pour objectif de pr\u00e9server la m\u00e9moire historique nationale et locale de la r\u00e9sistance et de l\u2019arm\u00e9e de lib\u00e9ration.<\/p>\n<p>Construit sur une superficie de 400 m2 pour un co\u00fbt de 1,2 million de DH, cet espace mus\u00e9al a \u00e9t\u00e9 r\u00e9alis\u00e9 dans le cadre d\u2019un partenariat entre le Haut-commissariat aux anciens r\u00e9sistants et anciens membres de l\u2019Arm\u00e9e de lib\u00e9ration, la pr\u00e9fecture de la province de Youssoufia, le Conseil de la r\u00e9gion\u00a0Marrakech-Safi, le Conseil provincial de Youssoufia et le Conseil communal de Youssoufia.<\/p>\n<p>Cette structure comprend notamment, une salle o\u00f9 sont expos\u00e9s des manuscrits, des portraits, des documents pr\u00e9cieux, des habits et des armes datant de l\u2019\u00e9poque de la lutte contre le colonisateur, ainsi qu\u2019une salle multim\u00e9dia, une biblioth\u00e8que, une salle de s\u00e9minaires et un espace d\u2019animation culturelle.<\/p>\n<p>Dans une allocution de circonstance, M. El Ktiri, a affirm\u00e9 que \u00ab\u00a0la cr\u00e9ation d\u2019un espace de la m\u00e9moire de la r\u00e9sistance et de la lib\u00e9ration dans cette ville d\u00e9coule de la position leader qu\u2019occupe la province de Youssoufia dans l\u2019histoire du mouvement national et de la r\u00e9sistance contre l\u2019occupation \u00e9trang\u00e8re\u00a0\u00bb.<\/p>\n<p>Cet espace symbolique \u00ab\u00a0refl\u00e8te l\u2019ampleur des sacrifices, de l\u2019h\u00e9ro\u00efsme et des luttes que les membres des tribus de la r\u00e9gion ont men\u00e9 contre la pr\u00e9sence coloniale et t\u00e9moigne de leur loyaut\u00e9 envers le Glorieux Tr\u00f4ne Alaouite, ainsi que leurs valeurs d\u2019abn\u00e9gation, de patriotisme, de bravoure, et de fiert\u00e9\u00a0\u00bb, a-t-il soulign\u00e9.<\/p>\n<p>M. El Ktiri n\u2019a pas manqu\u00e9 de souligner que cet espace mus\u00e9al s\u2019assigne pour mission \u00e9galement d\u2019abriter des objets historiques, litt\u00e9raires et artistiques li\u00e9s aux gloires de la lutte nationale pour le parach\u00e8vement de l\u2019int\u00e9grit\u00e9 territoriale du Royaume et ainsi que de l\u2019unit\u00e9 nationale.<\/p>\n<p>Dans la foul\u00e9e, il a relev\u00e9 que\u00a0 le Haut Commissariat aux anciens r\u00e9sistants et anciens membres de l\u2019arm\u00e9e de lib\u00e9ration oeuvre en vue de pr\u00e9server la m\u00e9moire historique nationale et locale, d\u2019honorer les symboles de la r\u00e9sistance et de l\u2019arm\u00e9e de lib\u00e9ration, et de renforcer le sentiment de patriotisme chez les g\u00e9n\u00e9rations montantes, tout en leur inculquant les valeurs de la citoyennet\u00e9 positive.<\/p>\n<p>En marge de cette c\u00e9r\u00e9monie, un hommage a \u00e9t\u00e9 rendu \u00e0 sept anciens r\u00e9sistants et anciens membres de l\u2019arm\u00e9e de lib\u00e9ration, en reconnaissance de leurs actes patriotiques, de leurs immenses sacrifices et de leurs contributions exceptionnelles pour la libert\u00e9 et l\u2019ind\u00e9pendance de la patrie.<\/p>\n<\/div>\n<p>Auteur: Mohammed KOURSI<br \/>\n<a href=\"http:\/\/www.mapmarrakech.ma\/fr\/inauguration-de-lespace-de-la-memoire-historique-de-la-resistance\/\">Cliquez ici pour lire l&rsquo;article depuis sa source.<\/a><\/p>\n","protected":false},"excerpt":{"rendered":"<p>Youssoufia- L\u2019Espace de la m\u00e9moire historique de la r\u00e9sistance et de la lib\u00e9ration a \u00e9t\u00e9 inaugur\u00e9, jeudi \u00e0 Youssoufia, \u00e0 l\u2019occasion de la comm\u00e9moration du 45\u00e8 anniversaire de la Glorieuse marche verte et du 65\u00e8 anniversaire de la F\u00eate de l\u2019Ind\u00e9pendance. Inaugur\u00e9e par le Haut Commissaire aux anciens r\u00e9sistants et anciens membres de l\u2019arm\u00e9e de [&hellip;]<\/p>\n","protected":false},"author":1788,"featured_media":0,"comment_status":"closed","ping_status":"closed","sticky":false,"template":"","format":"standard","meta":{"fifu_image_url":"","fifu_image_alt":"","footnotes":""},"categories":[54,76],"tags":[],"class_list":["post-105227","post","type-post","status-publish","format-standard","hentry","category-maroc","category-regions"],"_links":{"self":[{"href":"https:\/\/linitiative.ca\/International\/wp-json\/wp\/v2\/posts\/105227","targetHints":{"allow":["GET"]}}],"collection":[{"href":"https:\/\/linitiative.ca\/International\/wp-json\/wp\/v2\/posts"}],"about":[{"href":"https:\/\/linitiative.ca\/International\/wp-json\/wp\/v2\/types\/post"}],"author":[{"embeddable":true,"href":"https:\/\/linitiative.ca\/International\/wp-json\/wp\/v2\/users\/1788"}],"replies":[{"embeddable":true,"href":"https:\/\/linitiative.ca\/International\/wp-json\/wp\/v2\/comments?post=105227"}],"version-history":[{"count":0,"href":"https:\/\/linitiative.ca\/International\/wp-json\/wp\/v2\/posts\/105227\/revisions"}],"wp:attachment":[{"href":"https:\/\/linitiative.ca\/International\/wp-json\/wp\/v2\/media?parent=105227"}],"wp:term":[{"taxonomy":"category","embeddable":true,"href":"https:\/\/linitiative.ca\/International\/wp-json\/wp\/v2\/categories?post=105227"},{"taxonomy":"post_tag","embeddable":true,"href":"https:\/\/linitiative.ca\/International\/wp-json\/wp\/v2\/tags?post=105227"}],"curies":[{"name":"wp","href":"https:\/\/api.w.org\/{rel}","templated":true}]}}