{"id":105228,"date":"2020-11-20T11:21:51","date_gmt":"2020-11-20T16:21:51","guid":{"rendered":"https:\/\/linitiative.ca\/International\/la-ville-intelligente-sous-la-loupe-du-citi-2020\/"},"modified":"2020-11-20T11:21:51","modified_gmt":"2020-11-20T16:21:51","slug":"la-ville-intelligente-sous-la-loupe-du-citi-2020","status":"publish","type":"post","link":"https:\/\/linitiative.ca\/International\/la-ville-intelligente-sous-la-loupe-du-citi-2020\/","title":{"rendered":"La \u00ab\u00a0Ville Intelligente\u00a0\u00bb sous la loupe du CITI-2020"},"content":{"rendered":"<div readability=\"37\">\n<p>Essaouira- \u00ab\u00a0De l\u2019intelligence en ville \u00e0 la ville intelligente : les nouveaux paradigmes\u00a0\u00bb est le th\u00e8me central de la 2\u00e8me \u00e9dition du Congr\u00e8s International des Territoires Innovants (CITI-2020), dont les travaux ont \u00e9t\u00e9 ouverts, vendredi, \u00e0 Essaouira.<\/p>\n<\/div>\n<div readability=\"140\">\n<p>Initi\u00e9 conjointement par l\u2019Ecole Sup\u00e9rieure de Technologie (EST) d\u2019Essaouira\u00a0relevant de l\u2019Universit\u00e9 Cadi Ayyad (UCA) de Marrakech et le Centre International de Recherche et de Renforcement des Capacit\u00e9s (CI2RC) en collaboration avec plusieurs partenaires, cet \u00e9v\u00e9nement scientifique et acad\u00e9mique de grande envergure, dont la s\u00e9ance d\u2019ouverture a \u00e9t\u00e9 rehauss\u00e9e par la pr\u00e9sence de M. Andr\u00e9 Azoulay, Conseiller de Sa Majest\u00e9 le Roi et Pr\u00e9sident-Fondateur de l\u2019Association\u00a0Essaouira-Mogador, se veut un rendez-vous scientifique majeur de la ville d\u2019Essaouira\u00a0ainsi qu\u2019un lieu d\u2019\u00e9change, de dialogue, d\u2019analyse et de d\u00e9bat autour de la th\u00e9matique de la \u00ab\u00a0Smart City\u00a0\u00bb.<\/p>\n<p>Ce Conclave, qui se poursuit jusqu\u2019au 22 novembre avec la participation d\u2019un parterre d\u2019universitaires, de chercheurs, de scientifiques et d\u2019experts nationaux et \u00e9trangers ainsi que d\u2019acteurs locaux et r\u00e9gionaux, s\u2019assigne pour principaux objectifs de mener une r\u00e9flexion multidisciplinaire sur le concept de la ville intelligente, plus pr\u00e9cis\u00e9ment sur les soubassements conceptuels et th\u00e9oriques de la Smart City, et de scruter la robustesse de ce paradigme \u00e0 faire face aux d\u00e9fis contemporains et \u00e0 relever le d\u00e9fi du d\u00e9veloppement social, \u00e9conomique, politique et environnemental.<\/p>\n<p>Ainsi, une panoplie de conf\u00e9rences, de tables rondes et de sessions parall\u00e8les figurent au menu de ce Congr\u00e8s, qui vont aborder, entre autres \u00ab\u00a0The Revolution Cities through A.I Standards\u00a0\u00bb, \u00ab\u00a0Transition vers des villes et territoires durables : R\u00f4les des collectivit\u00e9s locales ?\u00a0\u00bb, \u00ab\u00a0Ville intelligente \u00e0 l\u2019\u00e8re du digital\u00a0\u00bb, \u00ab\u00a0Smart city : concept et mod\u00e8les\u00a0\u00bb, \u00ab\u00a0Ecosyst\u00e8me entrepreneurial et Smart City\u00a0\u00bb, \u00ab\u00a0Environnement, sant\u00e9 et for\u00eats : entre pluralit\u00e9 d\u2019enjeux et opportunit\u00e9s de transformation\u00a0\u00bb, \u00ab\u00a0des Smart Cities : r\u00f4le de l\u2019intelligence collective\u00a0\u00bb.<\/p>\n<p>\u00ab\u00a0Urbanisme, architecture et paysage ou Green building : entre modernisation intelligente et pr\u00e9servation d\u2019h\u00e9ritage\u00a0\u00bb, \u00ab\u00a0Energie et mobilit\u00e9 durable : vers la transformation des contraintes en opportunit\u00e9s de d\u00e9veloppement\u00a0\u00bb, \u00ab\u00a0Exp\u00e9riences des villes africaines en mati\u00e8re de la Smart City\u00a0\u00bb, \u00ab\u00a0Eau et irrigation intelligente\u00a0\u00bb, \u00ab\u00a0Tourisme, patrimoine et innovation: des leviers de d\u00e9veloppement \u00e0 l\u2019\u00e8re de la Smart City\u00a0\u00bb, sont autant de th\u00e8mes qui seront aussi d\u00e9cortiqu\u00e9s par les participants au CITI-2020.<\/p>\n<p>Le ph\u00e9nom\u00e8ne d\u2019urbanisation rapide, que ce soit dans les pays d\u00e9velopp\u00e9s ou en d\u00e9veloppement, soul\u00e8ve des d\u00e9fis importants au niveau \u00e9conomique, social mais \u00e9galement environnemental, estiment les organisateurs, notant que la ville, dens\u00e9ment peupl\u00e9e, d\u00e9concertante et de plus en plus technophile, est le champ de toutes les comp\u00e9titions, les d\u00e9mesures et les controverses.<\/p>\n<p>Selon eux, la ville n\u2019est pas un sujet ou un objet comme les autres, encore davantage celui de la \u00ab\u00a0Smart City\u00a0\u00bb dont la r\u00e9volution technologique r\u00e9cente semble \u00eatre un facteur fondateur. Ainsi, expliquent-ils, elle est une th\u00e9matique complexe, qui invite \u00e0 la rencontre peu fr\u00e9quente de disciplines et de paradigmes pluridisciplinaires : sciences de l\u2019ing\u00e9nieur et\/ou sciences humaines et sociales, sachant que chacune des disciplines apporte des explications sur les dimensions infrastructurelle et supra-structurelle de la ville.<\/p>\n<p>Aujourd\u2019hui, il n\u2019est plus \u00e0 d\u00e9montrer l\u2019int\u00e9r\u00eat port\u00e9 aussi bien par les chercheurs que par les acteurs socio-\u00e9conomiques, notamment les d\u00e9cideurs et les acteurs locaux, au concept de la Smart City, un concept ayant le vent en poupe malgr\u00e9 l\u2019absence de vision universellement partag\u00e9e, sachant que les premiers travaux sur les villes intelligentes ont \u00e9t\u00e9 men\u00e9s, sous plusieurs angles, depuis les ann\u00e9es 1990 gr\u00e2ce \u00e0 un certain nombre de projets de recherche qui font ressortir que ce th\u00e8me est devenu un sujet de d\u00e9bat intense et de controverse au cours des derni\u00e8res ann\u00e9es.<\/p>\n<p>Etant un ph\u00e9nom\u00e8ne complexe, il constitue aussi un domaine de recherche interdisciplinaire combinant \u00e0 la fois des approches d\u2019am\u00e9nagement du territoire, de g\u00e9ographie \u00e9conomique, d\u2019\u00e9conomie du savoir et de technologie urbaine ainsi que de marketing.<\/p>\n<p>Toutefois, la recherche scientifique sur la Smart City est encore en construction malgr\u00e9 les progr\u00e8s qui structurent ce champ, l\u2019absence d\u2019unanimit\u00e9 quant \u00e0 la d\u00e9finition du concept repr\u00e9sentant la principale critique et incitant la plupart des chercheurs \u00e0 mettre en \u00e9vidence de nombreuses facettes et caract\u00e9ristiques de la ville intelligente.<\/p>\n<p>Ces constats, pr\u00e9cisent les organisateurs, invitent \u00e0 formuler un certain nombre de questionnements \u00e0 savoir : qu\u2019est-ce que la Smart City ? Quelles sont les principales caract\u00e9ristiques d\u2019une ville intelligente ? Quelle est la d\u00e9marche \u00e0 mettre en oeuvre pour stimuler l\u2019intelligence dans la ville ? Quels sont les leviers d\u2019une ville intelligente ?.<\/p>\n<\/div>\n<p>Auteur: Mohammed KOURSI<br \/>\n<a href=\"http:\/\/www.mapmarrakech.ma\/fr\/la-ville-intelligente-sous-la-loupe-du-citi-2020\/\">Cliquez ici pour lire l&rsquo;article depuis sa source.<\/a><\/p>\n","protected":false},"excerpt":{"rendered":"<p>Essaouira- \u00ab\u00a0De l\u2019intelligence en ville \u00e0 la ville intelligente : les nouveaux paradigmes\u00a0\u00bb est le th\u00e8me central de la 2\u00e8me \u00e9dition du Congr\u00e8s International des Territoires Innovants (CITI-2020), dont les travaux ont \u00e9t\u00e9 ouverts, vendredi, \u00e0 Essaouira. Initi\u00e9 conjointement par l\u2019Ecole Sup\u00e9rieure de Technologie (EST) d\u2019Essaouira\u00a0relevant de l\u2019Universit\u00e9 Cadi Ayyad (UCA) de Marrakech et le [&hellip;]<\/p>\n","protected":false},"author":1788,"featured_media":0,"comment_status":"closed","ping_status":"closed","sticky":false,"template":"","format":"standard","meta":{"fifu_image_url":"","fifu_image_alt":"","footnotes":""},"categories":[54,76],"tags":[],"class_list":["post-105228","post","type-post","status-publish","format-standard","hentry","category-maroc","category-regions"],"_links":{"self":[{"href":"https:\/\/linitiative.ca\/International\/wp-json\/wp\/v2\/posts\/105228","targetHints":{"allow":["GET"]}}],"collection":[{"href":"https:\/\/linitiative.ca\/International\/wp-json\/wp\/v2\/posts"}],"about":[{"href":"https:\/\/linitiative.ca\/International\/wp-json\/wp\/v2\/types\/post"}],"author":[{"embeddable":true,"href":"https:\/\/linitiative.ca\/International\/wp-json\/wp\/v2\/users\/1788"}],"replies":[{"embeddable":true,"href":"https:\/\/linitiative.ca\/International\/wp-json\/wp\/v2\/comments?post=105228"}],"version-history":[{"count":0,"href":"https:\/\/linitiative.ca\/International\/wp-json\/wp\/v2\/posts\/105228\/revisions"}],"wp:attachment":[{"href":"https:\/\/linitiative.ca\/International\/wp-json\/wp\/v2\/media?parent=105228"}],"wp:term":[{"taxonomy":"category","embeddable":true,"href":"https:\/\/linitiative.ca\/International\/wp-json\/wp\/v2\/categories?post=105228"},{"taxonomy":"post_tag","embeddable":true,"href":"https:\/\/linitiative.ca\/International\/wp-json\/wp\/v2\/tags?post=105228"}],"curies":[{"name":"wp","href":"https:\/\/api.w.org\/{rel}","templated":true}]}}