{"id":105229,"date":"2020-11-20T08:53:03","date_gmt":"2020-11-20T13:53:03","guid":{"rendered":"https:\/\/linitiative.ca\/International\/averses-de-pluies-sur-le-centre-et-lest-du-pays-jusqua-samedi\/"},"modified":"2020-11-20T08:53:03","modified_gmt":"2020-11-20T13:53:03","slug":"averses-de-pluies-sur-le-centre-et-lest-du-pays-jusqua-samedi","status":"publish","type":"post","link":"https:\/\/linitiative.ca\/International\/averses-de-pluies-sur-le-centre-et-lest-du-pays-jusqua-samedi\/","title":{"rendered":"Averses de pluies sur le Centre et l&rsquo;Est du pays jusqu&rsquo;\u00e0 samedi"},"content":{"rendered":"<div>\n<div class=\"K2FeedImage\"><img decoding=\"async\" src=\"http:\/\/www.aps.dz\/media\/k2\/items\/cache\/5fd2b3a05710cb60fd80036c96eee128_S.jpg\" alt=\"Averses de pluies sur le Centre et l'Est du pays jusqu'\u00e0 samedi\"><\/div>\n<div class=\"K2FeedIntroText\">\n<p><strong>ALGER &#8211; Des pluies, parfois sous forme d&rsquo;averses orageuses accompagn\u00e9es localement de chutes de gr\u00eale avec des rafales de vent, affecteront plusieurs wilayas du Centre et de l&rsquo;Est du pays \u00e0 partir de cet apr\u00e8s-midi jusqu&rsquo;\u00e0 samedi, selon un bulletin m\u00e9t\u00e9o sp\u00e9cial (BMS) \u00e9mis par le Centre national de la m\u00e9t\u00e9orologie.<\/strong><\/p>\n<\/div>\n<div class=\"K2FeedFullText\">\n<p>Les wilayas concern\u00e9es par cette alerte de niveau Orange sont: Alger, Blida, Boumerdes, Tizi Ouzou, Bouira, Bordj Bou Arreridj, Batna, Khenchela, Tebessa et Oum el Bouaghi o\u00f9 la quantit\u00e9 de pluie estim\u00e9e varie entre 20 et 30 mm durant la validit\u00e9 de ce BMS qui s&rsquo;\u00e9talera jusqu&rsquo;\u00e0 samedi \u00e0 15h00.<\/p>\n<hr>\n<h3>Lire aussi:\u00a0<a href=\"http:\/\/www.aps.dz\/regions\/111798-des-pluies-attendues-lundi-et-mardi-dans-l-est-du-pays\">Des pluies attendues lundi et mardi dans l&rsquo;Est du pays<\/a><br \/>\n<\/h3>\n<hr>\n<p>Ces pluies concerneront \u00e9galement les wilayas de Bejaia, Jijel, Skikda, Annaba, El Tarf, Souk Ahras, Guelma, Constantine, Mila et S\u00e9tif avec des quantit\u00e9s estim\u00e9es entre 30 et 50 mm et pouvant atteindre ou d\u00e9passer localement 60 mm.<\/p>\n<\/div>\n<\/div>\n<p>Auteur:<br \/>\n<a href=\"http:\/\/www.aps.dz\/regions\/113085-averses-de-pluies-sur-le-centre-et-l-est-du-pays-jusqu-a-samedi\">Cliquez ici pour lire l&rsquo;article depuis sa source.<\/a><\/p>\n","protected":false},"excerpt":{"rendered":"<p>ALGER &#8211; Des pluies, parfois sous forme d&rsquo;averses orageuses accompagn\u00e9es localement de chutes de gr\u00eale avec des rafales de vent, affecteront plusieurs wilayas du Centre et de l&rsquo;Est du pays \u00e0 partir de cet apr\u00e8s-midi jusqu&rsquo;\u00e0 samedi, selon un bulletin m\u00e9t\u00e9o sp\u00e9cial (BMS) \u00e9mis par le Centre national de la m\u00e9t\u00e9orologie. Les wilayas concern\u00e9es par [&hellip;]<\/p>\n","protected":false},"author":1790,"featured_media":105230,"comment_status":"closed","ping_status":"closed","sticky":false,"template":"","format":"standard","meta":{"fifu_image_url":"","fifu_image_alt":"","footnotes":""},"categories":[53,76],"tags":[],"class_list":["post-105229","post","type-post","status-publish","format-standard","has-post-thumbnail","hentry","category-algerie","category-regions"],"_links":{"self":[{"href":"https:\/\/linitiative.ca\/International\/wp-json\/wp\/v2\/posts\/105229","targetHints":{"allow":["GET"]}}],"collection":[{"href":"https:\/\/linitiative.ca\/International\/wp-json\/wp\/v2\/posts"}],"about":[{"href":"https:\/\/linitiative.ca\/International\/wp-json\/wp\/v2\/types\/post"}],"author":[{"embeddable":true,"href":"https:\/\/linitiative.ca\/International\/wp-json\/wp\/v2\/users\/1790"}],"replies":[{"embeddable":true,"href":"https:\/\/linitiative.ca\/International\/wp-json\/wp\/v2\/comments?post=105229"}],"version-history":[{"count":0,"href":"https:\/\/linitiative.ca\/International\/wp-json\/wp\/v2\/posts\/105229\/revisions"}],"wp:featuredmedia":[{"embeddable":true,"href":"https:\/\/linitiative.ca\/International\/wp-json\/"}],"wp:attachment":[{"href":"https:\/\/linitiative.ca\/International\/wp-json\/wp\/v2\/media?parent=105229"}],"wp:term":[{"taxonomy":"category","embeddable":true,"href":"https:\/\/linitiative.ca\/International\/wp-json\/wp\/v2\/categories?post=105229"},{"taxonomy":"post_tag","embeddable":true,"href":"https:\/\/linitiative.ca\/International\/wp-json\/wp\/v2\/tags?post=105229"}],"curies":[{"name":"wp","href":"https:\/\/api.w.org\/{rel}","templated":true}]}}