{"id":105232,"date":"2020-11-20T09:24:27","date_gmt":"2020-11-20T14:24:27","guid":{"rendered":"https:\/\/linitiative.ca\/International\/recrudescence-de-lepidemie-covid19-a-oran-nouveau-marathon-pour-les-equipes-medicales\/"},"modified":"2020-11-20T09:24:27","modified_gmt":"2020-11-20T14:24:27","slug":"recrudescence-de-lepidemie-covid19-a-oran-nouveau-marathon-pour-les-equipes-medicales","status":"publish","type":"post","link":"https:\/\/linitiative.ca\/International\/recrudescence-de-lepidemie-covid19-a-oran-nouveau-marathon-pour-les-equipes-medicales\/","title":{"rendered":"Recrudescence de l\u2019\u00e9pid\u00e9mie Covid19 \u00e0 Oran: nouveau marathon pour les \u00e9quipes m\u00e9dicales"},"content":{"rendered":"<div readability=\"38\">\n<p><strong>ORAN- La recrudescence de la pand\u00e9mie du Covid-19 \u00e0 Oran, avec de plus en plus de cas graves, relance les \u00e9quipes m\u00e9dicales de l\u2019EHU \u00ab\u00a01er novembre\u00a0\u00bb d\u2019Oran et l\u2019h\u00f4pital de Ha\u00ef Nedjma dans un nouveau marathon, marqu\u00e9 par un manque de moyens mat\u00e9riels et humains, de l&rsquo;avis des experts.<\/strong><\/p>\n<\/div>\n<div readability=\"120.46462264151\">\n<p>Les \u00e9quipes, d\u00e9j\u00e0 \u00e9puis\u00e9es par de longs mois de lutte acharn\u00e9e contre le \u00ab\u00a0mal invisible\u00a0\u00bb, se retrouvent face \u00e0 une nouvelle vague, avec des dizaines de cas graves. A la cr\u00e8che de l\u2019EHU \u00ab\u00a01er novembre\u00a0\u00bb d\u2019Oran, transform\u00e9e en unit\u00e9 Covid-19 depuis le d\u00e9but de pand\u00e9mie, le paysage est affligeant.<\/p>\n<p>La quarantaine de lits r\u00e9serv\u00e9s aux malades les plus graves sont occup\u00e9s, et les patients sont transf\u00e9r\u00e9s au fur et \u00e0 mesure \u00e0 l\u2019h\u00f4pital de Ha\u00ef Nedjma.Faute de place, les brancards sont transform\u00e9s en lits de r\u00e9animation, branch\u00e9s \u00e0 des bouteilles d\u2019oxyg\u00e8ne. Certains sont install\u00e9s dans les couloirs, en attendant qu\u2019une place se lib\u00e8re au niveau de la cr\u00e8che ou \u00e0 l\u2019h\u00f4pital de Ha\u00ef Nedjma.<\/p>\n<p>Contrairement \u00e0 la situation ayant pr\u00e9valu au d\u00e9but de la premi\u00e8re vague, l\u2019ambiance semble plus sereine aujourd\u2019hui.\u00a0\u00bbLa peur a, peu \u00e0 peu, c\u00e9d\u00e9 la place \u00e0 une certaine routine\u00a0\u00bb, confie la cheffe de l\u2019unit\u00e9 Covid-19 de l\u2019EHU d\u2019Oran, le Pr Dalila Benali.<\/p>\n<p>Cette sp\u00e9cialiste n\u2019arr\u00eate pas de donner des instructions \u00e0 son \u00e9quipe, tout en brossant un tableau de la situation du moment au directeur de l\u2019EHU d\u2019Oran, Dr Mohamed Mansouri, qui a accompagn\u00e9 l\u2019APS dans une visite \u00e0 l\u2019unit\u00e9 Covid-19 de son \u00e9tablissement, ainsi qu\u2019\u00e0 l\u2019h\u00f4pital de Hai Nedjma, dont la gestion lui a \u00e9t\u00e9 confi\u00e9e.<\/p>\n<blockquote readability=\"10\">\n<p><strong><em>Son visage passible laisse transparaitre une certaine tristesse. Son regard d\u00e9termin\u00e9 ne cache pas compl\u00e8tement son inqui\u00e9tude. Pourtant, pas de place aux sentiments.\u00a0\u00bbIl y a des vies humaines qui d\u00e9pendent de nous. Nous n\u2019avons pas vraiment le temps de r\u00e9fl\u00e9chir \u00e0 ce que nous ressentons\u00a0\u00bb, dit-elle.<\/em><\/strong><\/p>\n<\/blockquote>\n<p>L\u2019\u00e9quipe de l\u2019APS qui traverse les couloirs des deux \u00e9tages de la cr\u00e8che, d\u00e9couvre les malades gisant dans leurs lits. Certains sont inconscients, branch\u00e9s \u00e0 des appareils qui les maintiennent en vie. \u00ab\u00a0Ils sont intub\u00e9s\u00a0\u00bb explique le Dr Mansouri.<\/p>\n<p>Certains sont allong\u00e9s, l\u2019air \u00e9puis\u00e9 par la maladie. D\u2019autres sont assis et semblent plus en forme que les autres. \u00ab\u00a0Ils sont tous dans un \u00e9tat grave\u00a0\u00bb, tranche le Pr Benali, qui explique que seuls les cas pr\u00e9sentant des complications respiratoires sont admis \u00e0 l\u2019unit\u00e9 Covid-19 et l\u2019h\u00f4pital de Hai Nedjma.<\/p>\n<hr\/>\n<h3>Lire aussi:\u00a0<a href=\"http:\/\/www.aps.dz\/sante-science-technologie\/112429-ehu-d-oran-reouverture-du-service-de-pneumologie-pour-la-prise-en-charge-des-cas-de-covid-19\"><span class=\"highlight\">EHU<\/span>\u00a0d\u2019<span class=\"highlight\">Oran<\/span>: r\u00e9ouverture du service de pneumologie pour la prise en charge des cas de Covid-19\u00a0<\/a><\/h3>\n<hr\/>\n<p>Ceux qui ne sont pas en danger, sont pri\u00e9s de rentrer chez eux pour se confiner et suivre scrupuleusement le traitement adapt\u00e9 \u00e0 leur cas.Arriv\u00e9s \u00e0 l\u2019h\u00f4pital de Ha\u00ef Nedjma, l\u2019\u00e9quipe m\u00e9dicale entoure le Dr. Mansouri et le Pr. Benali. Diff\u00e9rents besoins sont exprim\u00e9s : Plus de lits, plus de respirateurs, plus de personnels.<\/p>\n<p>Le Directeur de l\u2019EHU annonce la prochaine r\u00e9ception de 200 lits que la Direction locale de la sant\u00e9 et de la population mettra \u00e0 la disposition de cet \u00e9tablissement hospitalier.Un bienfaiteur a fait don de 20 respirateurs artificiels, ce qui va permettre de doter cet h\u00f4pital du nombre \u00e9gal de lits de r\u00e9animation.<\/p>\n<blockquote readability=\"15\">\n<p><strong><em>Pour le personnel, les param\u00e9dicaux notamment, il va falloir r\u00e9organiser la r\u00e9partition du travail car, il serait difficile de mobiliser d\u2019autres.Pour l\u2019heure, on estime que les moyens actuels, renforc\u00e9s au fur et \u00e0 mesure, suffisent pour prendre en charge le flux des cas Covid19, mais la crainte de voir le nombre de cas augmenter pour d\u00e9passer les moyens existants plane sur les \u00e9quipes m\u00e9dicales.<\/em><\/strong><\/p>\n<\/blockquote>\n<p>\u00ab\u00a0Nous ne sommes pas les seuls \u00e0 vivre cette situation\u00a0\u00bb, souligne le Dr Mansouri. \u00ab\u00a0Les plus grands h\u00f4pitaux europ\u00e9ens se retrouvent d\u00e9pass\u00e9s par le flux des malades\u00a0\u00bb, ajoute-t-il.<\/p>\n<p>Pour le Pr Benali, l\u2019\u00e9puisement des \u00e9quipes constitue une grande pr\u00e9occupation. \u00ab\u00a0Combien de temps encore peut-on tenir ce rythme ?\u00a0\u00bb s\u2019interroge-t-elle.De son c\u00f4t\u00e9, le Dr. Mansouri, qui affirme passer ses week-ends \u00e0 l\u2019h\u00f4pital depuis des mois, n\u2019a pas la r\u00e9ponse, mais il rappelle qu\u2019il est de son devoir, et celui de tout le corps m\u00e9dical d\u2019ailleurs, de prendre en charge les cas Covid-19.<\/p>\n<\/div>\n<p>Auteur:<br \/>\n<a href=\"http:\/\/www.aps.dz\/regions\/113096-recrudescence-de-l-epidemie-covid19-a-oran-nouveau-marathon-pour-les-equipes-medicales\">Cliquez ici pour lire l&rsquo;article depuis sa source.<\/a><\/p>\n","protected":false},"excerpt":{"rendered":"<p>ORAN- La recrudescence de la pand\u00e9mie du Covid-19 \u00e0 Oran, avec de plus en plus de cas graves, relance les \u00e9quipes m\u00e9dicales de l\u2019EHU \u00ab\u00a01er novembre\u00a0\u00bb d\u2019Oran et l\u2019h\u00f4pital de Ha\u00ef Nedjma dans un nouveau marathon, marqu\u00e9 par un manque de moyens mat\u00e9riels et humains, de l&rsquo;avis des experts. Les \u00e9quipes, d\u00e9j\u00e0 \u00e9puis\u00e9es par de [&hellip;]<\/p>\n","protected":false},"author":1790,"featured_media":0,"comment_status":"closed","ping_status":"closed","sticky":false,"template":"","format":"standard","meta":{"fifu_image_url":"","fifu_image_alt":"","footnotes":""},"categories":[53,76],"tags":[],"class_list":["post-105232","post","type-post","status-publish","format-standard","hentry","category-algerie","category-regions"],"_links":{"self":[{"href":"https:\/\/linitiative.ca\/International\/wp-json\/wp\/v2\/posts\/105232","targetHints":{"allow":["GET"]}}],"collection":[{"href":"https:\/\/linitiative.ca\/International\/wp-json\/wp\/v2\/posts"}],"about":[{"href":"https:\/\/linitiative.ca\/International\/wp-json\/wp\/v2\/types\/post"}],"author":[{"embeddable":true,"href":"https:\/\/linitiative.ca\/International\/wp-json\/wp\/v2\/users\/1790"}],"replies":[{"embeddable":true,"href":"https:\/\/linitiative.ca\/International\/wp-json\/wp\/v2\/comments?post=105232"}],"version-history":[{"count":0,"href":"https:\/\/linitiative.ca\/International\/wp-json\/wp\/v2\/posts\/105232\/revisions"}],"wp:attachment":[{"href":"https:\/\/linitiative.ca\/International\/wp-json\/wp\/v2\/media?parent=105232"}],"wp:term":[{"taxonomy":"category","embeddable":true,"href":"https:\/\/linitiative.ca\/International\/wp-json\/wp\/v2\/categories?post=105232"},{"taxonomy":"post_tag","embeddable":true,"href":"https:\/\/linitiative.ca\/International\/wp-json\/wp\/v2\/tags?post=105232"}],"curies":[{"name":"wp","href":"https:\/\/api.w.org\/{rel}","templated":true}]}}