{"id":105240,"date":"2020-11-20T11:00:00","date_gmt":"2020-11-20T16:00:00","guid":{"rendered":"https:\/\/linitiative.ca\/International\/la-commission-des-finances-adopte-le-plf-complementaire-pour-lannee-2020\/"},"modified":"2020-11-20T11:00:00","modified_gmt":"2020-11-20T16:00:00","slug":"la-commission-des-finances-adopte-le-plf-complementaire-pour-lannee-2020","status":"publish","type":"post","link":"https:\/\/linitiative.ca\/International\/la-commission-des-finances-adopte-le-plf-complementaire-pour-lannee-2020\/","title":{"rendered":"La commission des finances  adopte le PLF compl\u00e9mentaire pour l&rsquo;ann\u00e9e 2020"},"content":{"rendered":"<p>\u2022 La Tunisie fera recours \u00e0 des emprunts ext\u00e9rieurs s&rsquo;\u00e9levant \u00e0 2,7 milliards de dinars outre les financements qui seront obtenus par la BCT \u00e0 hauteur de 3,5 milliards de dinars<\/p>\n<div readability=\"105\">\n<p class=\"p1 c3\"><span class=\"c2\">La Commission des finances, de la planification et du d\u00e9veloppement de l&rsquo;Assembl\u00e9e des repr\u00e9sentants du peuple (ARP) a adopt\u00e9 le projet de la loi des finances compl\u00e9mentaire rectificative pour l&rsquo;ann\u00e9e 2020 avec 11 voix pour et un seul voix contre.<\/span><\/p>\n<p class=\"p1 c3\"><span class=\"c2\">A cette occasion, le ministre de l&rsquo;Economie, des Finances et de l&rsquo;Appui \u00e0 l&rsquo;Investissement, Ali Kooli, a indiqu\u00e9 que le d\u00e9ficit attendu pour l&rsquo;ann\u00e9e 2020 est estim\u00e9 \u00e0 11,4% du PIB, ce qui n\u00e9cessite la mobilisation de fonds suppl\u00e9mentaires.<\/span><\/p>\n<p class=\"p1 c3\"><span class=\"c2\">\u00ab\u00a0Nous avons obtenu des emprunts d&rsquo;une valeur de pr\u00e8s de 800 millions de dinars aupr\u00e8s des banques locales, avec un taux d&rsquo;int\u00e9r\u00eat de 9,4%\u00a0\u00bb, a-t-il indiqu\u00e9 dans ce cadre.<\/span><\/p>\n<p class=\"p1 c3\"><span class=\"c2\">La Tunisie fera recours aussi, a-t-il ajout\u00e9, \u00e0 des emprunts ext\u00e9rieurs s&rsquo;\u00e9levant \u00e0 2,7 milliards de dinars, et ce, outre les financements qui seront obtenus par la Banque centrale de Tunisie, \u00e0 hauteur de 3,5 milliards de dinars.<\/span><\/p>\n<p class=\"p1 c3\"><span class=\"c2\">Le rapporteur de la Commission des finances, Fai\u00e7al Derbal, a propos\u00e9, lui, d&rsquo;inclure dans le projet de la LFC 2020 relative, le report de l&rsquo;application de la TVA d&rsquo;une ann\u00e9e, en attendant la publication de la liste des m\u00e9dicaments soumis \u00e0 cette taxe et la r\u00e9vision des marges de b\u00e9n\u00e9fice pour les m\u00e9dicaments concern\u00e9s.<\/span><\/p>\n<p class=\"p1 c3\"><span class=\"c2\">Le ministre a exprim\u00e9 son accord de principe pour cette proposition, \u00e0 condition que cette disposition soit soumise au Conseil des ministres pour approbation.<\/span><\/p>\n<p class=\"p1 c3\"><span class=\"c2\">Pour rappel, le gouvernement avait retir\u00e9 la version initiale du LFC, pour le r\u00e9viser, apr\u00e8s avoir \u00e9t\u00e9 rejet\u00e9e en commission \u00e0 l&rsquo;ARP.<\/span><\/p>\n<p class=\"p1 c3\"><span class=\"c2\">Elloumi avait soulign\u00e9 que la commission des finances a rejet\u00e9 ladite version du projet et a appel\u00e9 le gouvernement \u00e0 l&rsquo;amender et a clarifier davantage de nombreuses donn\u00e9es relatives aux d\u00e9penses publiques, aux dettes ainsi qu&rsquo;\u00e0 la valeur des pr\u00eats et les modalit\u00e9s de leur utilisation d&rsquo;une mani\u00e8re transparente et pr\u00e9cise.<\/span><\/p>\n<p class=\"p1 c3\"><span class=\"c2\">Pour sa part, le Gouverneur de la Banque Centrale Tunisienne, Marouane Abassi, avait appel\u00e9, lors d&rsquo;une s\u00e9ance d&rsquo;audition de la commission des finances, tenue le 28 octobre 2020, le gouvernement \u00e0 r\u00e9viser le projet de loi de finances compl\u00e9mentaire dans le sens d&rsquo;une r\u00e9duction des d\u00e9penses et en favorisant l&rsquo;intensification du processus de restitution des sommes dues \u00e0 l&rsquo;Etat.<\/span><\/p>\n<p class=\"p1 c3\"><span class=\"c2\">Il avait \u00e9voqu\u00e9 le d\u00e9s\u00e9quilibre de finances publiques du aux r\u00e9percussions de la crise du coronavirus, ce qui augmentera le d\u00e9ficit \u00e0 plus de 13% dans le projet de loi de finances compl\u00e9mentaire et portera la dette publique \u00e0 des niveaux sans pr\u00e9c\u00e9dent.<span class=\"Apple-converted-space\">\u00a0<\/span><\/span><\/p>\n<\/div>\n<p>Auteur: letemps1<br \/>\n<a href=\"http:\/\/www.letemps.com.tn\/article\/118165\/la-commission-des-finances-adopte-le-plf-compl%C3%A9mentaire-pour-lann%C3%A9e-2020\">Cliquez ici pour lire l&rsquo;article depuis sa source.<\/a><\/p>\n","protected":false},"excerpt":{"rendered":"<p>\u2022 La Tunisie fera recours \u00e0 des emprunts ext\u00e9rieurs s&rsquo;\u00e9levant \u00e0 2,7 milliards de dinars outre les financements qui seront obtenus par la BCT \u00e0 hauteur de 3,5 milliards de dinars La Commission des finances, de la planification et du d\u00e9veloppement de l&rsquo;Assembl\u00e9e des repr\u00e9sentants du peuple (ARP) a adopt\u00e9 le projet de la loi [&hellip;]<\/p>\n","protected":false},"author":1773,"featured_media":0,"comment_status":"closed","ping_status":"closed","sticky":false,"template":"","format":"standard","meta":{"fifu_image_url":"","fifu_image_alt":"","footnotes":""},"categories":[73,55],"tags":[],"class_list":["post-105240","post","type-post","status-publish","format-standard","hentry","category-actualite","category-tunisie"],"_links":{"self":[{"href":"https:\/\/linitiative.ca\/International\/wp-json\/wp\/v2\/posts\/105240","targetHints":{"allow":["GET"]}}],"collection":[{"href":"https:\/\/linitiative.ca\/International\/wp-json\/wp\/v2\/posts"}],"about":[{"href":"https:\/\/linitiative.ca\/International\/wp-json\/wp\/v2\/types\/post"}],"author":[{"embeddable":true,"href":"https:\/\/linitiative.ca\/International\/wp-json\/wp\/v2\/users\/1773"}],"replies":[{"embeddable":true,"href":"https:\/\/linitiative.ca\/International\/wp-json\/wp\/v2\/comments?post=105240"}],"version-history":[{"count":0,"href":"https:\/\/linitiative.ca\/International\/wp-json\/wp\/v2\/posts\/105240\/revisions"}],"wp:attachment":[{"href":"https:\/\/linitiative.ca\/International\/wp-json\/wp\/v2\/media?parent=105240"}],"wp:term":[{"taxonomy":"category","embeddable":true,"href":"https:\/\/linitiative.ca\/International\/wp-json\/wp\/v2\/categories?post=105240"},{"taxonomy":"post_tag","embeddable":true,"href":"https:\/\/linitiative.ca\/International\/wp-json\/wp\/v2\/tags?post=105240"}],"curies":[{"name":"wp","href":"https:\/\/api.w.org\/{rel}","templated":true}]}}